{"id":30879951,"date":"2023-10-19T11:28:22","date_gmt":"2023-10-19T09:28:22","guid":{"rendered":"https:\/\/www.upo.es\/diario\/?p=30879951"},"modified":"2023-10-20T14:22:09","modified_gmt":"2023-10-20T12:22:09","slug":"la-universidad-pablo-de-olavide-organiza-las-vi-jornadas-de-la-red-espanola-de-macroeconomia","status":"publish","type":"post","link":"https:\/\/www.upo.es\/diario\/docencia-formacion\/2023\/10\/la-universidad-pablo-de-olavide-organiza-las-vi-jornadas-de-la-red-espanola-de-macroeconomia\/","title":{"rendered":"La Universidad Pablo de Olavide organiza las VI Jornadas de la Red Espa\u00f1ola de Macroeconom\u00eda"},"content":{"rendered":"<figure id=\"attachment_30879953\" aria-describedby=\"caption-attachment-30879953\" style=\"width: 750px\" class=\"wp-caption aligncenter\"><a href=\"https:\/\/www.upo.es\/diario\/wp-content\/uploads\/2023\/10\/20231019_Jorn-Macroeconomia-1-scaled.jpg\"><img loading=\"lazy\" decoding=\"async\" class=\"size-large wp-image-30879953\" src=\"https:\/\/www.upo.es\/diario\/wp-content\/uploads\/2023\/10\/20231019_Jorn-Macroeconomia-1-750x422.jpg\" alt=\"\" width=\"750\" height=\"422\" srcset=\"https:\/\/www.upo.es\/diario\/wp-content\/uploads\/2023\/10\/20231019_Jorn-Macroeconomia-1-750x422.jpg 750w, https:\/\/www.upo.es\/diario\/wp-content\/uploads\/2023\/10\/20231019_Jorn-Macroeconomia-1-420x236.jpg 420w, https:\/\/www.upo.es\/diario\/wp-content\/uploads\/2023\/10\/20231019_Jorn-Macroeconomia-1-768x432.jpg 768w, https:\/\/www.upo.es\/diario\/wp-content\/uploads\/2023\/10\/20231019_Jorn-Macroeconomia-1-2048x1152.jpg 2048w\" sizes=\"auto, (max-width: 750px) 100vw, 750px\" \/><\/a><figcaption id=\"caption-attachment-30879953\" class=\"wp-caption-text\">Ponencia inaugural del profesor de la University College of London Morten Ravn<\/figcaption><\/figure>\n<p>La Universidad Pablo de Olavide ha organizado las <strong>VI Jornadas de la Red Espa\u00f1ola de Macroeconom\u00eda<\/strong> que se celebran en el campus universitario hasta este viernes. El encuentro est\u00e1 organizado por un comit\u00e9 que preside el profesor del Departamento de Econom\u00eda, M\u00e9todos Cuantitativos e Historia Econ\u00f3mica de la UPO <strong>Jes\u00fas Rodr\u00edguez L\u00f3pez<\/strong> y cuenta con un <strong>panel destacado de investigadores e investigadoras en Macroeconom\u00eda Din\u00e1mica<\/strong>. En este sentido, los temas fundamentales que se abordar\u00e1n est\u00e1n relacionados con <strong>el crecimiento, la din\u00e1mica empresarial y el dise\u00f1o de pol\u00edticas monetarias y fiscales<\/strong>.<\/p>\n<p>Jes\u00fas Rodr\u00edguez L\u00f3pez, junto con <strong>Antonia D\u00edaz<\/strong>, profesora del Departamento de An\u00e1lisis Econ\u00f3mico y Econom\u00eda Cuantitativa de la Universidad Complutense de Madrid, ha dado paso a la ponencia inaugural, por parte de <strong>Morten Ravn<\/strong>, profesor de la University College of London, bajo el t\u00edtulo \u2018The aggregate effects of changes in market power in the United States\u2019. Por otro lado, la ponencia de clausura, el viernes a las 14:00 horas en la Sala de Grados del Edificio 7, estar\u00e1 a cargo de la profesora <strong>Nicola Fuchs-Sch\u00fcndeln<\/strong> de la Goethe University Frankfurt, que expondr\u00e1 \u2018Does the gender composition of an occupation affect wages?\u2019<\/p>\n<p>Entre el resto de ponentes, se encuentra profesorado de destacas universidades nacionales e internacionales, as\u00ed como varios miembros de instituciones como el IAE-CSIC o del Banco de Espa\u00f1a.<\/p>\n<p>En total, las Jornadas presentan una serie de <strong>34 trabajos de investigaci\u00f3n relacionados con la Macroeconom\u00eda Din\u00e1mica<\/strong> a lo largo de dos sesiones plenarias y cinco paralelas. Estas est\u00e1n organizadas entorno a tem\u00e1ticas como din\u00e1mica empresarial, crecimiento y largo plazo, mercados de trabajo, pol\u00edticas monetaria y fiscal y mercados de deuda p\u00fablica. Por otro lado, durante las sesiones sobre los mercados de trabajo, se abordar\u00e1n problemas como la brecha salarial entre trabajadoras y trabajadores, la dualidad de estos mercados, los flujos migratorios y el papel de la inteligencia artificial.<\/p>\n<p>La Red Espa\u00f1ola de Macroeconom\u00eda agrupa a una serie de proyectos de investigaci\u00f3n dentro de la Macroeconom\u00eda Din\u00e1mica. Su objetivo es proporcionar <strong>medios y acciones que impulsen la investigaci\u00f3n cient\u00edfica relevante para el dise\u00f1o de pol\u00edticas econ\u00f3micas<\/strong>; as\u00ed como la difusi\u00f3n de los resultados de investigaci\u00f3n entre decisores p\u00fablicos y entidades privadas. De igual modo, la Red es una herramienta para facilitar el contacto y las sinergias de investigaci\u00f3n entre sus investigadores e investigadoras.<\/p>\n<ul>\n<li>M\u00e1s informaci\u00f3n: <a href=\"https:\/\/eventos.upo.es\/95526\/detail\/vi-workshop-of-the-spanish-macroeconomics-network.html\">https:\/\/eventos.upo.es\/95526\/detail\/vi-workshop-of-the-spanish-macroeconomics-network.html<\/a><\/li>\n<\/ul>\n","protected":false},"excerpt":{"rendered":"<p>La Universidad Pablo de Olavide ha organizado las VI Jornadas de la Red Espa\u00f1ola de Macroeconom\u00eda que se celebran en el campus universitario hasta este viernes. El encuentro est\u00e1 organizado por un comit\u00e9 que preside el profesor del Departamento de Econom\u00eda, M\u00e9todos Cuantitativos e Historia Econ\u00f3mica de la UPO Jes\u00fas Rodr\u00edguez L\u00f3pez y cuenta con un panel destacado de investigadores e investigadoras en Macroeconom\u00eda Din\u00e1mica.<\/p>\n","protected":false},"author":14,"featured_media":30879953,"comment_status":"closed","ping_status":"open","sticky":false,"template":"","format":"standard","meta":{"_monsterinsights_skip_tracking":false,"_monsterinsights_sitenote_active":false,"_monsterinsights_sitenote_note":"","_monsterinsights_sitenote_category":0,"footnotes":""},"categories":[2779],"tags":[5270,63,1059,56,84,8608,8607],"class_list":["post-30879951","post","type-post","status-publish","format-standard","has-post-thumbnail","hentry","category-docencia-formacion","tag-departamento-de-economia-metodos-cuantitativos-e-historia-economica","tag-economia","tag-empresas","tag-investigacion","tag-jornadas","tag-politica-fiscal","tag-red-espanola-de-macroeconomia"],"_links":{"self":[{"href":"https:\/\/www.upo.es\/diario\/wp-json\/wp\/v2\/posts\/30879951","targetHints":{"allow":["GET"]}}],"collection":[{"href":"https:\/\/www.upo.es\/diario\/wp-json\/wp\/v2\/posts"}],"about":[{"href":"https:\/\/www.upo.es\/diario\/wp-json\/wp\/v2\/types\/post"}],"author":[{"embeddable":true,"href":"https:\/\/www.upo.es\/diario\/wp-json\/wp\/v2\/users\/14"}],"replies":[{"embeddable":true,"href":"https:\/\/www.upo.es\/diario\/wp-json\/wp\/v2\/comments?post=30879951"}],"version-history":[{"count":1,"href":"https:\/\/www.upo.es\/diario\/wp-json\/wp\/v2\/posts\/30879951\/revisions"}],"predecessor-version":[{"id":30879957,"href":"https:\/\/www.upo.es\/diario\/wp-json\/wp\/v2\/posts\/30879951\/revisions\/30879957"}],"wp:featuredmedia":[{"embeddable":true,"href":"https:\/\/www.upo.es\/diario\/wp-json\/wp\/v2\/media\/30879953"}],"wp:attachment":[{"href":"https:\/\/www.upo.es\/diario\/wp-json\/wp\/v2\/media?parent=30879951"}],"wp:term":[{"taxonomy":"category","embeddable":true,"href":"https:\/\/www.upo.es\/diario\/wp-json\/wp\/v2\/categories?post=30879951"},{"taxonomy":"post_tag","embeddable":true,"href":"https:\/\/www.upo.es\/diario\/wp-json\/wp\/v2\/tags?post=30879951"}],"curies":[{"name":"wp","href":"https:\/\/api.w.org\/{rel}","templated":true}]}}