{"id":30879968,"date":"2023-10-20T12:11:50","date_gmt":"2023-10-20T10:11:50","guid":{"rendered":"https:\/\/www.upo.es\/diario\/?p=30879968"},"modified":"2023-10-23T11:08:33","modified_gmt":"2023-10-23T09:08:33","slug":"las-facultades-de-economia-y-empresa-de-andalucia-y-canarias-se-reunen-en-la-sede-olavide-centro","status":"publish","type":"post","link":"https:\/\/www.upo.es\/diario\/institucional\/2023\/10\/las-facultades-de-economia-y-empresa-de-andalucia-y-canarias-se-reunen-en-la-sede-olavide-centro\/","title":{"rendered":"Las Facultades de Econom\u00eda y Empresa de Andaluc\u00eda y Canarias se re\u00fanen en la sede Olavide &#8211; Centro"},"content":{"rendered":"<figure id=\"attachment_30879969\" aria-describedby=\"caption-attachment-30879969\" style=\"width: 738px\" class=\"wp-caption aligncenter\"><a href=\"https:\/\/www.upo.es\/diario\/wp-content\/uploads\/2023\/10\/imagen2_ADECA.jpg\"><img loading=\"lazy\" decoding=\"async\" class=\"size-large wp-image-30879969\" src=\"https:\/\/www.upo.es\/diario\/wp-content\/uploads\/2023\/10\/imagen2_ADECA-738x525.jpg\" alt=\"\" width=\"738\" height=\"525\" srcset=\"https:\/\/www.upo.es\/diario\/wp-content\/uploads\/2023\/10\/imagen2_ADECA-738x525.jpg 738w, https:\/\/www.upo.es\/diario\/wp-content\/uploads\/2023\/10\/imagen2_ADECA-420x299.jpg 420w, https:\/\/www.upo.es\/diario\/wp-content\/uploads\/2023\/10\/imagen2_ADECA-768x546.jpg 768w, https:\/\/www.upo.es\/diario\/wp-content\/uploads\/2023\/10\/imagen2_ADECA-1320x939.jpg 1320w, https:\/\/www.upo.es\/diario\/wp-content\/uploads\/2023\/10\/imagen2_ADECA-95x67.jpg 95w, https:\/\/www.upo.es\/diario\/wp-content\/uploads\/2023\/10\/imagen2_ADECA.jpg 1489w\" sizes=\"auto, (max-width: 738px) 100vw, 738px\" \/><\/a><figcaption id=\"caption-attachment-30879969\" class=\"wp-caption-text\">Eugenio Luque, Jes\u00fas J. Cambra y Roc\u00edo Reinoso en la mesa inaugural<\/figcaption><\/figure>\n<p>El decano de la Facultad de Ciencias Empresariales de la Universidad Pablo de Olavide y presidente de ADECA, <strong>Jes\u00fas Juan Cambra Fierro<\/strong>, ha inaugurado el <strong>encuentro de la Asociaci\u00f3n de Decanos y Decanas de las Facultades de Econom\u00eda y Empresa de Andaluc\u00eda, Canarias, Ceuta y Melilla (ADECA)<\/strong>, que se desarrolla en la sede Olavide en Sevilla \u2013 Centro hasta este viernes. El panel inaugural tambi\u00e9n ha contado con la participaci\u00f3n del presidente de la Asociaci\u00f3n Conferencia Espa\u00f1ola de Decanas y Decanos de Econom\u00eda y Empresa (CONFEDE) y decano de la Facultad de Ciencias Econ\u00f3mica y Empresariales de la Universidad de M\u00e1laga, <strong>Eugenio Luque Dom\u00ednguez,<\/strong> y de la presidenta del Consejo Social de la UPO, <strong>Roc\u00edo Reinoso Cuevas<\/strong>.<\/p>\n<p>A lo largo de las siete sesiones de trabajo que conforman el programa del encuentro de ADECA, se abordar\u00e1n tem\u00e1ticas como la integraci\u00f3n de los Objetivos de Desarrollo Sostenible en los planes de estudio, la implantaci\u00f3n del Sistema de Garant\u00eda Interno de Calidad, las ponderaciones de las asignaturas en la prueba de acceso a la universidad, el impacto de la inteligencia artificial en los grados, los trabajos fin de grado y el nuevo mapa de titulaciones en Andaluc\u00eda. Para ello, la \u00faltima sesi\u00f3n, el viernes a las 12:15 horas, contar\u00e1 con la participaci\u00f3n de la viceconsejera de Universidades de la Junta de Andaluc\u00eda, Lorena Garrido Serrano, que se encargar\u00e1 tambi\u00e9n de la clausura de la jornada.<\/p>\n<p>El encuentro cuenta con la colaboraci\u00f3n del Consejo Social de la Universidad Pablo de Olavide y del Colegio de Economistas de Sevilla.<\/p>\n<p>Desde 2019, Jes\u00fas J. Cambra preside ADECA con la vicepresidencia de la profesora de la Universidad de Las Palmas de Gran Canaria <strong>Mar\u00eda Victoria Ruiz Mallorqu\u00ed<\/strong> y el profesor de la Universidad de Ja\u00e9n <strong>F\u00e9lix Grande Torraleja<\/strong> como secretario.<\/p>\n<p>La Asociaci\u00f3n de Decanos y Decanas tiene como objetivos principales el fomento, la mejora y la coordinaci\u00f3n de los estudios de econom\u00eda y empresa entre los centros universitarios que imparten ense\u00f1anzas universitarias de grado. A su vez, ADECA es veh\u00edculo de interlocuci\u00f3n con las Administraciones p\u00fablicas, las entidades empleadoras y la sociedad en general.<\/p>\n","protected":false},"excerpt":{"rendered":"<p>El decano de la Facultad de Ciencias Empresariales de la Universidad Pablo de Olavide y presidente de ADECA, Jes\u00fas Juan Cambra Fierro, ha inaugurado el encuentro de la Asociaci\u00f3n de Decanos y Decanas de las Facultades de Econom\u00eda y Empresa de Andaluc\u00eda, Canarias, Ceuta y Melilla (ADECA), que se desarrolla en la sede Olavide en Sevilla \u2013 Centro hasta este viernes. El panel inaugural tambi\u00e9n ha contado con la participaci\u00f3n del presidente de la Asociaci\u00f3n Conferencia Espa\u00f1ola de Decanas y Decanos de Econom\u00eda y Empresa (CONFEDE) y decano de la Facultad de Ciencias Econ\u00f3mica y Empresariales de la Universidad de M\u00e1laga, Eugenio Luque Dom\u00ednguez, y de la presidenta del Consejo Social de la UPO, Roc\u00edo Reinoso Cuevas.<\/p>\n","protected":false},"author":14,"featured_media":30879969,"comment_status":"closed","ping_status":"open","sticky":false,"template":"","format":"standard","meta":{"_monsterinsights_skip_tracking":false,"_monsterinsights_sitenote_active":false,"_monsterinsights_sitenote_note":"","_monsterinsights_sitenote_category":0,"footnotes":""},"categories":[6],"tags":[8609,8610,8075,2740,360,5355],"class_list":["post-30879968","post","type-post","status-publish","format-standard","has-post-thumbnail","hentry","category-institucional","tag-adeca","tag-confede","tag-consejeria-de-universidad","tag-economia-y-empresa","tag-facultad-de-ciencias-empresariales","tag-sede-olavide-en-sevilla-centro"],"_links":{"self":[{"href":"https:\/\/www.upo.es\/diario\/wp-json\/wp\/v2\/posts\/30879968","targetHints":{"allow":["GET"]}}],"collection":[{"href":"https:\/\/www.upo.es\/diario\/wp-json\/wp\/v2\/posts"}],"about":[{"href":"https:\/\/www.upo.es\/diario\/wp-json\/wp\/v2\/types\/post"}],"author":[{"embeddable":true,"href":"https:\/\/www.upo.es\/diario\/wp-json\/wp\/v2\/users\/14"}],"replies":[{"embeddable":true,"href":"https:\/\/www.upo.es\/diario\/wp-json\/wp\/v2\/comments?post=30879968"}],"version-history":[{"count":1,"href":"https:\/\/www.upo.es\/diario\/wp-json\/wp\/v2\/posts\/30879968\/revisions"}],"predecessor-version":[{"id":30879970,"href":"https:\/\/www.upo.es\/diario\/wp-json\/wp\/v2\/posts\/30879968\/revisions\/30879970"}],"wp:featuredmedia":[{"embeddable":true,"href":"https:\/\/www.upo.es\/diario\/wp-json\/wp\/v2\/media\/30879969"}],"wp:attachment":[{"href":"https:\/\/www.upo.es\/diario\/wp-json\/wp\/v2\/media?parent=30879968"}],"wp:term":[{"taxonomy":"category","embeddable":true,"href":"https:\/\/www.upo.es\/diario\/wp-json\/wp\/v2\/categories?post=30879968"},{"taxonomy":"post_tag","embeddable":true,"href":"https:\/\/www.upo.es\/diario\/wp-json\/wp\/v2\/tags?post=30879968"}],"curies":[{"name":"wp","href":"https:\/\/api.w.org\/{rel}","templated":true}]}}