{"id":30879971,"date":"2023-10-20T12:46:11","date_gmt":"2023-10-20T10:46:11","guid":{"rendered":"https:\/\/www.upo.es\/diario\/?p=30879971"},"modified":"2023-10-24T14:34:14","modified_gmt":"2023-10-24T12:34:14","slug":"mas-de-400-personas-inscritas-en-las-vi-jornadas-de-profesiones-con-futuro-de-la-escuela-politecnica","status":"publish","type":"post","link":"https:\/\/www.upo.es\/diario\/comunidad\/2023\/10\/mas-de-400-personas-inscritas-en-las-vi-jornadas-de-profesiones-con-futuro-de-la-escuela-politecnica\/","title":{"rendered":"M\u00e1s de 400 personas inscritas en las VI Jornadas de Profesiones con Futuro de la Escuela Polit\u00e9cnica"},"content":{"rendered":"<figure id=\"attachment_30879972\" aria-describedby=\"caption-attachment-30879972\" style=\"width: 2560px\" class=\"wp-caption aligncenter\"><a href=\"https:\/\/www.upo.es\/diario\/wp-content\/uploads\/2023\/10\/20231020_Profesiones-Futuro-1-scaled.jpg\"><img loading=\"lazy\" decoding=\"async\" class=\"size-full wp-image-30879972\" src=\"https:\/\/www.upo.es\/diario\/wp-content\/uploads\/2023\/10\/20231020_Profesiones-Futuro-1-scaled.jpg\" alt=\"\" width=\"2560\" height=\"1707\" srcset=\"https:\/\/www.upo.es\/diario\/wp-content\/uploads\/2023\/10\/20231020_Profesiones-Futuro-1-scaled.jpg 2560w, https:\/\/www.upo.es\/diario\/wp-content\/uploads\/2023\/10\/20231020_Profesiones-Futuro-1-420x280.jpg 420w, https:\/\/www.upo.es\/diario\/wp-content\/uploads\/2023\/10\/20231020_Profesiones-Futuro-1-2048x1365.jpg 2048w\" sizes=\"auto, (max-width: 2560px) 100vw, 2560px\" \/><\/a><figcaption id=\"caption-attachment-30879972\" class=\"wp-caption-text\">Pilar Moreno, Norberto D\u00edaz, Laura L\u00f3pez y Pedro J. L\u00e1zaro en la mesa inaugural de las Jornadas<\/figcaption><\/figure>\n<p>La Universidad Pablo de Olavide ha celebrado las <strong>VI Jornadas de Profesiones con Futuro que organiza la <a href=\"https:\/\/www.upo.es\/escuela-politecnica-superior\/es\/\">Escuela Polit\u00e9cnica Superior<\/a> con su Delegaci\u00f3n de estudiantes,<\/strong> que tienen como objetivo dar a conocer las necesidades del mercado laboral en el sector de la Ingenier\u00eda Inform\u00e1tica. En esta nueva edici\u00f3n, <strong>se han inscrito m\u00e1s de 400 personas procedentes del <a href=\"https:\/\/www.upo.es\/escuela-politecnica-superior\/es\/oferta-academica\/grados\/grado-en-ingenieria-informatica-en-sistemas-de-informacion\/portada\/\">Grado en Ingenier\u00eda Inform\u00e1tica en Sistemas de Informaci\u00f3n<\/a> de la UPO, de otras universidades y de centros educativos de toda la provincia de Sevilla<\/strong> que imparten grados medios y superiores de Formaci\u00f3n Profesional.<\/p>\n<p>La vicerrectora de Relaciones Institucionales y Fundaciones, <strong>Laura L\u00f3pez de la Cruz<\/strong>; junto con la directora general de Estudiantes, Acceso y Vida Acad\u00e9mica, <strong>Pilar Moreno Navarro<\/strong>; el director de la Escuela Polit\u00e9cnica Superior (EPS), <strong>Norberto D\u00edaz D\u00edaz<\/strong>; y el delegado de Estudiantes, <strong>Pedro Jes\u00fas L\u00e1zaro D\u00edaz<\/strong>, han presentado las jornadas a los y las estudiantes que han asistido al Paraninfo del campus.<\/p>\n<p>Laura L\u00f3pez ha dado la bienvenida a los y las estudiantes \u201ca este acto que conecta la Universidad con las empresas\u201d y ha destacado que el objetivo de esta iniciativa es \u201cbrindar nuevas oportunidades hacia una vida laboral exitosa\u201d. En este sentido, Norberto D\u00edaz ha expresado el agradecimiento de la UPO a las empresas participantes, que \u201cinvierten tiempo y recursos en esta Jornada\u201d y ha recordado que la Escuela es pionera en la pr\u00f3xima implantaci\u00f3n de la formaci\u00f3n dual, donde parte de la ense\u00f1anza se hace en la empresa, \u201csiempre intentando tener una relaci\u00f3n lo m\u00e1s cercana posible con el tejido empresarial\u201d.<\/p>\n<figure id=\"attachment_30879973\" aria-describedby=\"caption-attachment-30879973\" style=\"width: 420px\" class=\"wp-caption alignright\"><a href=\"https:\/\/www.upo.es\/diario\/wp-content\/uploads\/2023\/10\/20231020_Profesiones-Futuro-2-scaled.jpg\"><img loading=\"lazy\" decoding=\"async\" class=\"size-medium wp-image-30879973\" src=\"https:\/\/www.upo.es\/diario\/wp-content\/uploads\/2023\/10\/20231020_Profesiones-Futuro-2-420x280.jpg\" alt=\"\" width=\"420\" height=\"280\" srcset=\"https:\/\/www.upo.es\/diario\/wp-content\/uploads\/2023\/10\/20231020_Profesiones-Futuro-2-420x280.jpg 420w, https:\/\/www.upo.es\/diario\/wp-content\/uploads\/2023\/10\/20231020_Profesiones-Futuro-2-750x500.jpg 750w, https:\/\/www.upo.es\/diario\/wp-content\/uploads\/2023\/10\/20231020_Profesiones-Futuro-2-2048x1365.jpg 2048w\" sizes=\"auto, (max-width: 420px) 100vw, 420px\" \/><\/a><figcaption id=\"caption-attachment-30879973\" class=\"wp-caption-text\">Presentaci\u00f3n de la empresa NTTData<\/figcaption><\/figure>\n<p>Por su parte, Pilar Moreno ha ofrecido a los y las estudiantes la posibilidad de aprovechar la jornada, tambi\u00e9n, para conocer c\u00f3mo funciona la Universidad Pablo de Olavide, \u201cdonde ofrecemos un trato cercano y se personaliza la formaci\u00f3n\u201d; y ha resaltado el apoyo del Vicerrectorado de Estudiantes a las actividades que se hacen en la Universidad \u201cpor y para el alumnado, con la intenci\u00f3n de completar su formaci\u00f3n acad\u00e9mica\u201d. Finalmente, Pedro J. L\u00e1zaro ha explicado al estudiantado participante el desarrollo de las VI Jornadas de la EPS.<\/p>\n<h3>Empresas participantes<\/h3>\n<p>Hasta trece empresas participan en esta edici\u00f3n de las Jornadas, lo que supera las jornadas anteriores. En concreto, <strong>NTTData, Babel, Avanade, Prise, Ayesa, IR Soluciones, Emergya, Accenture, Inetum, Soltel, Aertec y Proxya<\/strong> han podido dar a conocer las ofertas de empleo de uno de los sectores m\u00e1s demandados por el mercado laboral, para lo que han dispuesto de la oportunidad de presentarse, explicar a qu\u00e9 se dedican y dar su visi\u00f3n sobre su sector. Adem\u00e1s, han presentado stand en las jornadas las empresas <strong>Avanade, Deloitte e IRSoluciones.<\/strong><\/p>\n<p>Las VI Jornadas de Profesiones con Futuro est\u00e1n financiadas por el Vicerrectorado de Estudiantes y la Escuela Polit\u00e9cnica Superior de la Universidad Pablo de Olavide.<\/p>\n<p>&nbsp;<\/p>\n","protected":false},"excerpt":{"rendered":"<p>La Universidad Pablo de Olavide ha celebrado las VI Jornadas de Profesiones con Futuro que organiza la Escuela Polit\u00e9cnica Superior con su Delegaci\u00f3n de estudiantes, que tienen como objetivo dar a conocer las necesidades del mercado laboral en el sector de la Ingenier\u00eda Inform\u00e1tica. En esta nueva edici\u00f3n, se han inscrito m\u00e1s de 400 personas procedentes del Grado en Ingenier\u00eda Inform\u00e1tica en Sistemas de Informaci\u00f3n de la UPO, de otras universidades y de centros educativos de toda la provincia de Sevilla que imparten grados medios y superiores de Formaci\u00f3n Profesional.<\/p>\n","protected":false},"author":14,"featured_media":30879972,"comment_status":"closed","ping_status":"open","sticky":false,"template":"","format":"standard","meta":{"_monsterinsights_skip_tracking":false,"_monsterinsights_sitenote_active":false,"_monsterinsights_sitenote_note":"","_monsterinsights_sitenote_category":0,"footnotes":""},"categories":[5842],"tags":[3989,152,2479,392,84,6236,2114,5512],"class_list":["post-30879971","post","type-post","status-publish","format-standard","has-post-thumbnail","hentry","category-comunidad","tag-empleabilidad","tag-escuela-politecnica-superior","tag-grado-en-ingenieria-informatica-en-sistemas-de-informacion","tag-informatica","tag-jornadas","tag-profesiones-con-futuro","tag-vicerrectorado-de-estudiantes","tag-vicerrectorado-de-relaciones-institucionales"],"_links":{"self":[{"href":"https:\/\/www.upo.es\/diario\/wp-json\/wp\/v2\/posts\/30879971","targetHints":{"allow":["GET"]}}],"collection":[{"href":"https:\/\/www.upo.es\/diario\/wp-json\/wp\/v2\/posts"}],"about":[{"href":"https:\/\/www.upo.es\/diario\/wp-json\/wp\/v2\/types\/post"}],"author":[{"embeddable":true,"href":"https:\/\/www.upo.es\/diario\/wp-json\/wp\/v2\/users\/14"}],"replies":[{"embeddable":true,"href":"https:\/\/www.upo.es\/diario\/wp-json\/wp\/v2\/comments?post=30879971"}],"version-history":[{"count":3,"href":"https:\/\/www.upo.es\/diario\/wp-json\/wp\/v2\/posts\/30879971\/revisions"}],"predecessor-version":[{"id":30879976,"href":"https:\/\/www.upo.es\/diario\/wp-json\/wp\/v2\/posts\/30879971\/revisions\/30879976"}],"wp:featuredmedia":[{"embeddable":true,"href":"https:\/\/www.upo.es\/diario\/wp-json\/wp\/v2\/media\/30879972"}],"wp:attachment":[{"href":"https:\/\/www.upo.es\/diario\/wp-json\/wp\/v2\/media?parent=30879971"}],"wp:term":[{"taxonomy":"category","embeddable":true,"href":"https:\/\/www.upo.es\/diario\/wp-json\/wp\/v2\/categories?post=30879971"},{"taxonomy":"post_tag","embeddable":true,"href":"https:\/\/www.upo.es\/diario\/wp-json\/wp\/v2\/tags?post=30879971"}],"curies":[{"name":"wp","href":"https:\/\/api.w.org\/{rel}","templated":true}]}}