{"id":30880038,"date":"2023-10-26T14:39:50","date_gmt":"2023-10-26T12:39:50","guid":{"rendered":"https:\/\/www.upo.es\/diario\/?p=30880038"},"modified":"2023-10-31T12:23:16","modified_gmt":"2023-10-31T11:23:16","slug":"los-premios-universidad-mujer-y-empresa-roma-2023-se-entregaran-el-8-de-noviembre","status":"publish","type":"post","link":"https:\/\/www.upo.es\/diario\/institucional\/2023\/10\/los-premios-universidad-mujer-y-empresa-roma-2023-se-entregaran-el-8-de-noviembre\/","title":{"rendered":"Los &#8216;Premios Universidad, Mujer y Empresa: ROMA 2023&#8217; se entregar\u00e1n el 8 de noviembre"},"content":{"rendered":"<p><a href=\"https:\/\/www.upo.es\/diario\/wp-content\/uploads\/2023\/10\/PremiadasVEdPremiosUMYE-scaled.jpg\"><img loading=\"lazy\" decoding=\"async\" class=\"alignright wp-image-30880040 size-medium\" src=\"https:\/\/www.upo.es\/diario\/wp-content\/uploads\/2023\/10\/PremiadasVEdPremiosUMYE-314x420.jpg\" alt=\"\" width=\"314\" height=\"420\" srcset=\"https:\/\/www.upo.es\/diario\/wp-content\/uploads\/2023\/10\/PremiadasVEdPremiosUMYE-314x420.jpg 314w, https:\/\/www.upo.es\/diario\/wp-content\/uploads\/2023\/10\/PremiadasVEdPremiosUMYE-392x525.jpg 392w, https:\/\/www.upo.es\/diario\/wp-content\/uploads\/2023\/10\/PremiadasVEdPremiosUMYE-768x1028.jpg 768w, https:\/\/www.upo.es\/diario\/wp-content\/uploads\/2023\/10\/PremiadasVEdPremiosUMYE-1147x1536.jpg 1147w, https:\/\/www.upo.es\/diario\/wp-content\/uploads\/2023\/10\/PremiadasVEdPremiosUMYE-1529x2048.jpg 1529w, https:\/\/www.upo.es\/diario\/wp-content\/uploads\/2023\/10\/PremiadasVEdPremiosUMYE-1320x1768.jpg 1320w, https:\/\/www.upo.es\/diario\/wp-content\/uploads\/2023\/10\/PremiadasVEdPremiosUMYE-scaled.jpg 1912w\" sizes=\"auto, (max-width: 314px) 100vw, 314px\" \/><\/a>Con estos premios se reconoce p\u00fablicamente el talento de mujeres en diferentes \u00e1mbitos: empresarial, ejecutivo, cient\u00edfico, cultural y deportivo. <strong>Estos galardones distinguen a las mejores trayectorias profesionales en los citados \u00e1mbitos, con una actividad continuada y relevante, generadora de un trabajo de calidad, esfuerzo, liderazgo y generadoras de empleo<\/strong>.<\/p>\n<p>El jurado, presidido por <strong>Roc\u00edo Reinoso<\/strong>, presidenta del Consejo Social, y compuesto por miembros de la Fundaci\u00f3n Cajasol, de la Diputaci\u00f3n de Sevilla y de la Universidad Pablo de Olavide han premiado a mujeres de \u00e9xito, en las siguientes categor\u00edas:<\/p>\n<ul>\n<li><strong>Premio Universidad, Mujer y Empresa:\u00a0Mujer STEM<\/strong>, destinado a reconocer la labor de mujeres en el campo de las ciencias, para\u00a0<strong>Emilia G\u00f3mez Guti\u00e9rrez<\/strong>. Ingeniera de Telecomunicaciones, doctora en Ciencias de la Computaci\u00f3n e investigadora dentro del campo de la tecnolog\u00eda musical mediante el desarrollo de algoritmos que analizan y clasifican ritmos y melod\u00edas con el uso de la inteligencia artificial. Fue la primera mujer presidenta de la <em>Sociedad Internacional de Recuperaci\u00f3n de Informaci\u00f3n Musical (ISMIR)<\/em> y actualmente lidera <em>el Proyecto HUMAINT<\/em>, que investiga el impacto de las IAs en nuestra mente.<\/li>\n<li><strong>Premio Universidad, Mujer y Empresa:\u00a0Alta direcci\u00f3n empresarial<\/strong>, dirigido a mujeres que desempe\u00f1an puestos de responsabilidad en las empresas donde desarrollan su actividad profesional, para\u00a0<strong>Roc\u00edo Medina Mu\u00f1oz<\/strong>. Directora ejecutiva del <em>Grupo Medina<\/em> y directora de la <em>Asociaci\u00f3n Multisectorial de Mujeres Directivas y Empresarias (AMMDE)<\/em> en Andaluc\u00eda Occidental. Licenciada en Derecho, cuenta con una trayectoria de m\u00e1s de 30 a\u00f1os de experiencia profesional, habiendo dedicado gran parte de ellos al liderazgo de la empresa familiar referente en el sector agroalimentario andaluz.<\/li>\n<li><strong>Premio Universidad, Mujer y Empresa:\u00a0Mujer emprendedora<\/strong>, destinado a mujeres que han logrado conseguir sus objetivos profesionales, creando sus propias empresas, para\u00a0<strong>Mar\u00eda Castro Molera<\/strong>. Directora ejecutiva al frente de <em>Fabrienvaf Nuca S.L<\/em>., compa\u00f1\u00eda conocida por fabricar el desengrasante \u201cEl Milagrito\u201d. Ha recibido el galard\u00f3n en los <em>Premios de Responsabilidad Social Empresarial <\/em>y el <em>Premio a la Excelencia Empresarial<\/em>, entre otros. Actualmente, ostenta el cargo de secretaria en la <em>Federaci\u00f3n Empresarial Tixie<\/em> de Dos Hermanas.<\/li>\n<li><strong>Premio Universidad, Mujer y Empresa:\u00a0Mujer arte, cultura<\/strong>, destinado a mujeres que han desarrollado sus carreras en el teatro, la danza, la m\u00fasica, la fotograf\u00eda, la pintura, la escultura, la arquitectura y otras manifestaciones art\u00edsticas, para <strong>Mar\u00eda del Monte Tejado Algaba<\/strong>. La artista, internacionalmente conocida, ha recibido veinte discos de platino a lo largo de su trayectoria profesional. Adem\u00e1s de su actividad art\u00edstica como cantante ha desarrollado una amplia labor como presentadora de radio y televisi\u00f3n.<\/li>\n<li><strong>Premio Universidad, Mujer y Empresa:\u00a0Mujer deporte<\/strong>, destinado a mujeres que han desarrollado su trayectoria en el fomento, desarrollo y perfeccionamiento del deporte, para el <strong>Equipo BSC Sevilla<\/strong>. El equipo est\u00e1 compuesto por m\u00e1s de 40 deportistas que tienen o han tenido c\u00e1ncer de mama y compiten en la disciplina deportiva <em>Barco Drag\u00f3n<\/em>. Las \u201cdragonas\u201d de Sevilla han hecho historia en el deporte espa\u00f1ol. Campeonas de Andaluc\u00eda, de Espa\u00f1a y de Europa, su extraordinario palmar\u00e9s va m\u00e1s all\u00e1 de las medallas, porque se han convertido en referente social y deportivo promoviendo el deporte como terapia para la superaci\u00f3n del c\u00e1ncer de mama.<\/li>\n<\/ul>\n<p>En esta quinta edici\u00f3n, el jurado entregar\u00e1 una <strong>menci\u00f3n especial en la categor\u00eda Mujer STEM <\/strong>a <strong>In\u00e9s Alberdi Alonso<\/strong>. Soci\u00f3loga y Catedr\u00e1tica Honor\u00edfica de Sociolog\u00eda de la Universidad Complutense de Madrid, su contribuci\u00f3n al mundo acad\u00e9mico ha sido significativa, impulsando investigaciones, promoviendo el di\u00e1logo interdisciplinario, comprometido y feminista. Adem\u00e1s, ha colaborado activamente con la <em>Organizaci\u00f3n de las Naciones Unidas<\/em>, donde desempe\u00f1\u00f3 el cargo de directora ejecutiva de <em>UNIFEM<\/em>. Cabe destacar su compromiso con la promoci\u00f3n de la igualdad de g\u00e9nero, derechos humanos y desarrollo sostenible a nivel global.<\/p>\n<p>La ceremonia de entrega de los <strong>\u201cPremios Universidad, Mujer y Empresa: ROMA 2023\u201d <\/strong>tendr\u00e1 lugar el pr\u00f3ximo <strong>mi\u00e9rcoles 8 de noviembre a las 18:30<\/strong> <strong>horas<\/strong> en el Teatro de la Fundaci\u00f3n Cajasol, en Sevilla.<\/p>\n","protected":false},"excerpt":{"rendered":"<p>El Consejo Social de la UPO, la Fundaci\u00f3n Cajasol y la Diputaci\u00f3n de Sevilla reconocen el talento de mujeres en los \u00e1mbitos empresarial, ejecutivo, cient\u00edfico, cultural y deportivo.<\/p>\n","protected":false},"author":6,"featured_media":30880040,"comment_status":"closed","ping_status":"open","sticky":false,"template":"","format":"standard","meta":{"_monsterinsights_skip_tracking":false,"_monsterinsights_sitenote_active":false,"_monsterinsights_sitenote_note":"","_monsterinsights_sitenote_category":0,"footnotes":""},"categories":[6],"tags":[1264,99,3690,6429,689,2078,58,6363],"class_list":["post-30880038","post","type-post","status-publish","format-standard","has-post-thumbnail","hentry","category-institucional","tag-arte-y-cultura","tag-creacion-de-empresas","tag-diputacion-de-sevilla","tag-disciplinas-stem","tag-emprendimiento","tag-fundacion-cajasol","tag-premio","tag-premios-roma"],"_links":{"self":[{"href":"https:\/\/www.upo.es\/diario\/wp-json\/wp\/v2\/posts\/30880038","targetHints":{"allow":["GET"]}}],"collection":[{"href":"https:\/\/www.upo.es\/diario\/wp-json\/wp\/v2\/posts"}],"about":[{"href":"https:\/\/www.upo.es\/diario\/wp-json\/wp\/v2\/types\/post"}],"author":[{"embeddable":true,"href":"https:\/\/www.upo.es\/diario\/wp-json\/wp\/v2\/users\/6"}],"replies":[{"embeddable":true,"href":"https:\/\/www.upo.es\/diario\/wp-json\/wp\/v2\/comments?post=30880038"}],"version-history":[{"count":4,"href":"https:\/\/www.upo.es\/diario\/wp-json\/wp\/v2\/posts\/30880038\/revisions"}],"predecessor-version":[{"id":30880043,"href":"https:\/\/www.upo.es\/diario\/wp-json\/wp\/v2\/posts\/30880038\/revisions\/30880043"}],"wp:featuredmedia":[{"embeddable":true,"href":"https:\/\/www.upo.es\/diario\/wp-json\/wp\/v2\/media\/30880040"}],"wp:attachment":[{"href":"https:\/\/www.upo.es\/diario\/wp-json\/wp\/v2\/media?parent=30880038"}],"wp:term":[{"taxonomy":"category","embeddable":true,"href":"https:\/\/www.upo.es\/diario\/wp-json\/wp\/v2\/categories?post=30880038"},{"taxonomy":"post_tag","embeddable":true,"href":"https:\/\/www.upo.es\/diario\/wp-json\/wp\/v2\/tags?post=30880038"}],"curies":[{"name":"wp","href":"https:\/\/api.w.org\/{rel}","templated":true}]}}