{"id":30880044,"date":"2023-10-19T22:03:08","date_gmt":"2023-10-19T20:03:08","guid":{"rendered":"https:\/\/www.upo.es\/diario\/?p=30880044"},"modified":"2023-10-27T11:23:26","modified_gmt":"2023-10-27T09:23:26","slug":"radiolavide-participa-en-la-asamblea-de-radios-universitarias-de-espana","status":"publish","type":"post","link":"https:\/\/www.upo.es\/diario\/cultura-social\/2023\/10\/radiolavide-participa-en-la-asamblea-de-radios-universitarias-de-espana\/","title":{"rendered":"RadiOlavide participa en la Asamblea de Radios Universitarias de Espa\u00f1a"},"content":{"rendered":"<figure id=\"attachment_30880045\" aria-describedby=\"caption-attachment-30880045\" style=\"width: 750px\" class=\"wp-caption aligncenter\"><a href=\"https:\/\/www.upo.es\/diario\/wp-content\/uploads\/2023\/10\/ASAMBLEA-ARU-2023-scaled.jpg\"><img loading=\"lazy\" decoding=\"async\" class=\"wp-image-30880045 size-large\" src=\"https:\/\/www.upo.es\/diario\/wp-content\/uploads\/2023\/10\/ASAMBLEA-ARU-2023-750x350.jpg\" alt=\"Asamblea ARU en Madrid\" width=\"750\" height=\"350\" srcset=\"https:\/\/www.upo.es\/diario\/wp-content\/uploads\/2023\/10\/ASAMBLEA-ARU-2023-750x350.jpg 750w, https:\/\/www.upo.es\/diario\/wp-content\/uploads\/2023\/10\/ASAMBLEA-ARU-2023-420x196.jpg 420w, https:\/\/www.upo.es\/diario\/wp-content\/uploads\/2023\/10\/ASAMBLEA-ARU-2023-768x359.jpg 768w, https:\/\/www.upo.es\/diario\/wp-content\/uploads\/2023\/10\/ASAMBLEA-ARU-2023-1536x717.jpg 1536w, https:\/\/www.upo.es\/diario\/wp-content\/uploads\/2023\/10\/ASAMBLEA-ARU-2023-2048x956.jpg 2048w\" sizes=\"auto, (max-width: 750px) 100vw, 750px\" \/><\/a><figcaption id=\"caption-attachment-30880045\" class=\"wp-caption-text\">Asamblea de Radios Universitarias celebrada en la UNED<\/figcaption><\/figure>\n<p><a href=\"https:\/\/radiolavide.org\/\">RadiOlavide<\/a>, la emisora de radio de la Universidad Pablo de Olavide, dependiente del Vicerrectorado de Cultura y Pol\u00edticas Sociales, ha participado recientemente en la <strong>Asamblea de Radios Universitarias (ARU), un encuentro celebrado en la Facultad de Educaci\u00f3n de la UNED en Madrid con el objetivo de afianzar alianzas que sigan impulsando el valor de las radios universitarias en Espa\u00f1a<\/strong>.<\/p>\n<p>El encuentro ha contado con la presencia de Gorka Zumeta, periodista, consultor y formador en radio, e Iv\u00e1n Patxi G\u00f3mez, podcaster profesional, quienes han compartido con los coordinadores de las emisoras sus impresiones sobre los nuevos proyectos y la nueva situaci\u00f3n de la radio, as\u00ed como de la incursi\u00f3n del podcast. Adem\u00e1s, durante la jornada la junta directiva de ARU ha destacado la reuni\u00f3n mantenida con la Oficina del Parlamento Europeo en Espa\u00f1a, la Fundaci\u00f3n COPE y Radio Nacional de Espa\u00f1a para debatir sobre los nuevos proyectos y formas de colaboraci\u00f3n para la puesta en valor de las radios universitarias como plataformas de lanzamiento para el estudiantado.<\/p>\n<p>En este sentido, RadiOlavide se integra en la lista de proyectos liderados por la ARU y en los que participar\u00e1 el estudiantado de la UPO. Uno de ellos es\u2018Solo podcast\u2019, un espacio radiof\u00f3nico coordinado por Onda Campus (Universidad de Extremadura) dedicado a la divulgaci\u00f3n cient\u00edfica; e \u2018Informativo ARU\u2019, un espacio interuniversitario cuyas emisiones se realizan desde las emisoras asociadas y por Radio Exterior de Espa\u00f1a y que da a conocer la transferencia de conocimiento que realizan las universidades y la labor educativa y de formaci\u00f3n que ofrecen a la sociedad.<\/p>\n<p>Adem\u00e1s, se trabaja desde ARU en la puesta en marcha de un proyecto europeo, que pretende dar continuidad al proyecto \u2018Euroconexi\u00f3n\u2019, cuyo principal objetivo es fomentar la participaci\u00f3n de nuevos votantes en las pr\u00f3ximas elecciones al Parlamento Europeo el pr\u00f3ximo junio de 2024 y que consistir\u00e1 en la realizaci\u00f3n de 8 episodios especializados, y en los que participar\u00e1 estudiantado de las diferentes universidades miembros.<\/p>\n<p>La Asociaci\u00f3n de Radios Universitarias de Espa\u00f1a (ARU) integra a 32 estaciones que emiten desde 29 universidades espa\u00f1olas, p\u00fablicas y privadas. Sus objetivos principales son promover la presencia de la universidad espa\u00f1ola en la sociedad, intercambiar experiencias, contribuir al desarrollo cultural y educativo, o apoyar la investigaci\u00f3n y la creaci\u00f3n de nuevos formatos radiof\u00f3nicos. RadiOlavide es miembro activo de la ARU desde junio de 2018.<\/p>\n","protected":false},"excerpt":{"rendered":"<p>RadiOlavide, la emisora de radio de la Universidad Pablo de Olavide, dependiente del Vicerrectorado de Cultura y Pol\u00edticas Sociales, ha participado recientemente en la Asamblea de Radios Universitarias (ARU), un encuentro celebrado en la Facultad de Educaci\u00f3n de la UNED en Madrid con el objetivo de afianzar alianzas que sigan impulsando el valor de las radios universitarias en Espa\u00f1a.<\/p>\n","protected":false},"author":6,"featured_media":30880045,"comment_status":"closed","ping_status":"open","sticky":false,"template":"","format":"standard","meta":{"_monsterinsights_skip_tracking":false,"_monsterinsights_sitenote_active":false,"_monsterinsights_sitenote_note":"","_monsterinsights_sitenote_category":0,"footnotes":""},"categories":[5843],"tags":[6446,3784,7194],"class_list":["post-30880044","post","type-post","status-publish","format-standard","has-post-thumbnail","hentry","category-cultura-social","tag-radio-universitaria","tag-radiolavide","tag-vicerrectorado-de-cultura-y-politicas-sociales"],"_links":{"self":[{"href":"https:\/\/www.upo.es\/diario\/wp-json\/wp\/v2\/posts\/30880044","targetHints":{"allow":["GET"]}}],"collection":[{"href":"https:\/\/www.upo.es\/diario\/wp-json\/wp\/v2\/posts"}],"about":[{"href":"https:\/\/www.upo.es\/diario\/wp-json\/wp\/v2\/types\/post"}],"author":[{"embeddable":true,"href":"https:\/\/www.upo.es\/diario\/wp-json\/wp\/v2\/users\/6"}],"replies":[{"embeddable":true,"href":"https:\/\/www.upo.es\/diario\/wp-json\/wp\/v2\/comments?post=30880044"}],"version-history":[{"count":1,"href":"https:\/\/www.upo.es\/diario\/wp-json\/wp\/v2\/posts\/30880044\/revisions"}],"predecessor-version":[{"id":30880046,"href":"https:\/\/www.upo.es\/diario\/wp-json\/wp\/v2\/posts\/30880044\/revisions\/30880046"}],"wp:featuredmedia":[{"embeddable":true,"href":"https:\/\/www.upo.es\/diario\/wp-json\/wp\/v2\/media\/30880045"}],"wp:attachment":[{"href":"https:\/\/www.upo.es\/diario\/wp-json\/wp\/v2\/media?parent=30880044"}],"wp:term":[{"taxonomy":"category","embeddable":true,"href":"https:\/\/www.upo.es\/diario\/wp-json\/wp\/v2\/categories?post=30880044"},{"taxonomy":"post_tag","embeddable":true,"href":"https:\/\/www.upo.es\/diario\/wp-json\/wp\/v2\/tags?post=30880044"}],"curies":[{"name":"wp","href":"https:\/\/api.w.org\/{rel}","templated":true}]}}