{"id":30880052,"date":"2023-10-27T22:14:01","date_gmt":"2023-10-27T20:14:01","guid":{"rendered":"https:\/\/www.upo.es\/diario\/?p=30880052"},"modified":"2023-11-02T14:09:41","modified_gmt":"2023-11-02T13:09:41","slug":"las-facultades-de-la-upo-trabajan-ya-en-el-diseno-de-la-oferta-academica-de-la-universidad-para-los-proximos-anos","status":"publish","type":"post","link":"https:\/\/www.upo.es\/diario\/institucional\/2023\/10\/las-facultades-de-la-upo-trabajan-ya-en-el-diseno-de-la-oferta-academica-de-la-universidad-para-los-proximos-anos\/","title":{"rendered":"Las facultades de la UPO trabajan ya en el dise\u00f1o de la oferta acad\u00e9mica de la Universidad para los pr\u00f3ximos a\u00f1os"},"content":{"rendered":"<figure id=\"attachment_30880049\" aria-describedby=\"caption-attachment-30880049\" style=\"width: 750px\" class=\"wp-caption aligncenter\"><a href=\"https:\/\/www.upo.es\/diario\/wp-content\/uploads\/2023\/10\/20231027_CG-2-scaled.jpg\"><img loading=\"lazy\" decoding=\"async\" class=\"size-large wp-image-30880049\" src=\"https:\/\/www.upo.es\/diario\/wp-content\/uploads\/2023\/10\/20231027_CG-2-750x422.jpg\" alt=\"El rector durante su informe al Consejo de Gobierno\" width=\"750\" height=\"422\" srcset=\"https:\/\/www.upo.es\/diario\/wp-content\/uploads\/2023\/10\/20231027_CG-2-750x422.jpg 750w, https:\/\/www.upo.es\/diario\/wp-content\/uploads\/2023\/10\/20231027_CG-2-420x236.jpg 420w, https:\/\/www.upo.es\/diario\/wp-content\/uploads\/2023\/10\/20231027_CG-2-768x432.jpg 768w, https:\/\/www.upo.es\/diario\/wp-content\/uploads\/2023\/10\/20231027_CG-2-2048x1152.jpg 2048w\" sizes=\"auto, (max-width: 750px) 100vw, 750px\" \/><\/a><figcaption id=\"caption-attachment-30880049\" class=\"wp-caption-text\">El rector durante su informe al Consejo de Gobierno<\/figcaption><\/figure>\n<p>Francisco Oliva ha explicado este viernes en Consejo de Gobierno el proceso por el que, bajo las premisas de participaci\u00f3n interna y transparencia, la Universidad Pablo de Olavide elaborar\u00e1 su propuesta de t\u00edtulos de grado, acorde con los requisitos establecidos por el Decreto de Ordenaci\u00f3n de Ense\u00f1anzas Universitarias Oficiales en Andaluc\u00eda. As\u00ed, el rector ha informado <strong>que las facultades trabajan ya, en comisiones creadas para ello, en el estudio de c\u00f3mo ser\u00e1 la docencia que impartir\u00e1n en su \u00e1mbito en el futuro<\/strong>.<\/p>\n<p>Todas estas propuestas ser\u00e1n elaboradas por las comisiones hasta finales de noviembre y, <strong>teniendo en cuenta los requisitos de equilibrio territorial establecidos por la Junta y la visi\u00f3n estrat\u00e9gica de la Universidad, con ellas se conformar\u00e1 una oferta acad\u00e9mica <\/strong>que ser\u00e1 trasladada a la ACCUA y al Consejo de Universidades, y finalmente al Consejo de Gobierno de la Universidad y a la Junta de Andaluc\u00eda. Francisco Oliva ha hecho hincapi\u00e9 en que <strong>el \u00fanico criterio para valorar las propuestas incluidas en la oferta final ser\u00e1 su adecuaci\u00f3n a los requisitos exigidos y, por tanto, sus posibilidades de \u00e9xito<\/strong>.<\/p>\n<p><a href=\"https:\/\/www.upo.es\/diario\/wp-content\/uploads\/2023\/10\/20231027_CG-1.jpg\"><img loading=\"lazy\" decoding=\"async\" class=\"size-medium wp-image-30880048 alignleft\" src=\"https:\/\/www.upo.es\/diario\/wp-content\/uploads\/2023\/10\/20231027_CG-1-280x420.jpg\" alt=\"Francisco Oliva\" width=\"280\" height=\"420\" srcset=\"https:\/\/www.upo.es\/diario\/wp-content\/uploads\/2023\/10\/20231027_CG-1-280x420.jpg 280w, https:\/\/www.upo.es\/diario\/wp-content\/uploads\/2023\/10\/20231027_CG-1-350x525.jpg 350w, https:\/\/www.upo.es\/diario\/wp-content\/uploads\/2023\/10\/20231027_CG-1-768x1152.jpg 768w, https:\/\/www.upo.es\/diario\/wp-content\/uploads\/2023\/10\/20231027_CG-1-1024x1536.jpg 1024w, https:\/\/www.upo.es\/diario\/wp-content\/uploads\/2023\/10\/20231027_CG-1-1366x2048.jpg 1366w, https:\/\/www.upo.es\/diario\/wp-content\/uploads\/2023\/10\/20231027_CG-1-1320x1980.jpg 1320w, https:\/\/www.upo.es\/diario\/wp-content\/uploads\/2023\/10\/20231027_CG-1.jpg 1423w\" sizes=\"auto, (max-width: 280px) 100vw, 280px\" \/><\/a>Siguiendo con su informe en lo referente a personal, el rector ha informado que la oferta p\u00fablica de empleo complementaria ha sido ya aprobada, con una celeridad que demuestra las buenas relaciones de la Universidad con la Junta de Andaluc\u00eda. El bloqueo de las plazas de Profesorado Contratado Doctor debido al vac\u00edo legal por ausencia de normativa auton\u00f3mica sobre la nueva figura de Profesor Permanente Laboral, ha sido resuelto y en la ma\u00f1ana del viernes ha sido <a href=\"https:\/\/www.juntadeandalucia.es\/eboja\/2023\/207\/BOJA23-207-00005-40001-01_00291488.pdf\">publicada en BOJA la modificaci\u00f3n del art\u00edculo 40 de la LAU<\/a>, por consiguiente <strong>ser\u00e1n convocadas antes de fin de a\u00f1o 58 plazas de las que 14 son de nueva creaci\u00f3n<\/strong>. Adem\u00e1s, la Universidad tendr\u00e1 que afrontar la conversi\u00f3n de todos los contratos de Profesorado Asociado a indefinidos, con la consiguiente modificaci\u00f3n de cr\u00e9ditos, tal como establece la LOSU. En general, se estima que adaptar la Universidad a los cambios que incluye la LOSU tendr\u00e1 un coste de entre cuatro y cinco millones de euros.<\/p>\n<p>Continuando con temas de personal, Francisco Oliva ha anunciado que el pr\u00f3ximo mes de noviembre, d\u00eda 21, est\u00e1 prevista una sesi\u00f3n de la <strong>Mesa de Negociaci\u00f3n Universitaria<\/strong>, en la que se abordar\u00e1n, en lo que ata\u00f1e a PDI, los complementos auton\u00f3micos, y referente al PTGAS, la negociaci\u00f3n de la carrera horizontal. \u00c9ste \u00faltimo punto es uno de los compromisos del rector, por lo que expres\u00f3 su voluntad de hacer todo lo posible para lograr un acuerdo.<\/p>\n<h3><strong>Cotizaci\u00f3n de pr\u00e1cticas y Calendario Acad\u00e9mico<\/strong><\/h3>\n<p>La tributaci\u00f3n a la Seguridad Social por las pr\u00e1cticas del estudiantado estar\u00e1 vigente desde el 1 de enero de 2024. Tras la confirmaci\u00f3n a las universidades de que no habr\u00e1 moratoria, <strong>el rector ha informado que los campus usar\u00e1n la aplicaci\u00f3n \u00cdCARO para la gesti\u00f3n administrativa, cuyo coste en licencias y personal afrontar\u00e1n las universidades<\/strong>. Asimismo, Francisco Oliva ha se\u00f1alado que las universidades deber\u00e1n financiar el coste de altas y bajas por las pr\u00e1cticas en empresas, ya que \u00e9stas no se han hecho cargo de las cotizaciones, si bien, al estar bonificadas en su mayor parte, ser\u00e1 un importe asumible.<\/p>\n<p>En materia de estudiantes, el CEUPO ha sometido a consulta entre el alumnado la modificaci\u00f3n del Calendario Acad\u00e9mico. Esta consulta \u2014que ata\u00f1e fundamentalmente a las convocatorias de ex\u00e1menes y ha tenido una notable participaci\u00f3n (34%)\u2014 ha sido votada favorablemente por el 65,58% de alumnos y alumnas. En 2021 ya el Consejo de Direcci\u00f3n de la UPO hab\u00eda puesto encima de la mesa la modificaci\u00f3n del Calendario Acad\u00e9mico, que fue pospuesta a la espera de obtener el suficiente consenso entre la comunidad universitaria. Ahora, analizar\u00e1 de nuevo la posibilidad de modificaci\u00f3n y se reunir\u00e1 con todas las partes implicadas para negociar la propuesta.<\/p>\n<p>Siguiendo con temas dirigidos al estudiantado, el rector ha informado de la puesta en marcha del <a href=\"https:\/\/www.upo.es\/diario\/comunidad\/2023\/10\/la-olavide-pone-en-marcha-go-upo-practicas-una-formacion-previa-a-la-incorporacion-del-estudiantado-en-empresas\/\">programa \u2018Go-UPO Pr\u00e1cticas: de talento universitario a talento profesional\u2019<\/a>, una iniciativa impulsada por la Direcci\u00f3n General de Empleabilidad y Emprendimiento para mejorar las habilidades de los y las estudiantes en sus primeros pasos en el \u00e1mbito laboral.<\/p>\n<h3><strong>Da\u00f1os por el temporal y climatizaci\u00f3n<\/strong><\/h3>\n<p>El rector ha informado que, afortunadamente, los da\u00f1os ocasionados en el campus por las fuertes rachas de viento del pasado fin de semana han sido solo materiales, sin que haya da\u00f1os personales. Estas incidencias, con la excepci\u00f3n del Pabell\u00f3n Deportivo, han sido menores y respecto a \u00e9ste, ha anunciado que se est\u00e1n estudiando las opciones para su reconstrucci\u00f3n. El Pabell\u00f3n, que ten\u00eda fallos estructurales, se encontraba ya cerrado y sin actividad.<\/p>\n<p>Por otro lado, ha informado de las actuaciones llevadas a cabo para mejorar la climatizaci\u00f3n en el campus, en las que se han invertido 118.418 \u20ac y con las que se han solucionado incidencias urgentes en 18 edificios. Para remediar el mal estado y la antig\u00fcedad de las instalaciones, el rector ha recordado que se est\u00e1 realizando una auditor\u00eda energ\u00e9tica, primer paso para una renovaci\u00f3n completa, y definitiva a largo plazo, de los equipos de refrigeraci\u00f3n del campus.<\/p>\n<p>Francisco Oliva ha concluido su informe recordando al profesor <strong>Juan Fern\u00e1ndez Valverde<\/strong>, catedr\u00e1tico de Filolog\u00eda Latina de la Universidad recientemente fallecido. Conocido y querido por toda la comunidad universitaria, se incorpor\u00f3 a la UPO en el a\u00f1o 2000 y de \u00e9l ha destacado su trayectoria acad\u00e9mica y en responsabilidades de gesti\u00f3n, ya que fue vicerrector entre los a\u00f1os 2003 y 2007.<\/p>\n<p>&nbsp;<\/p>\n","protected":false},"excerpt":{"rendered":"<p>Francisco Oliva ha explicado este viernes en Consejo de Gobierno el proceso por el que, bajo las premisas de participaci\u00f3n interna y transparencia, la Universidad Pablo de Olavide elaborar\u00e1 su propuesta de t\u00edtulos de grado, acorde con los requisitos establecidos por el Decreto de Ordenaci\u00f3n de Ense\u00f1anzas Universitarias Oficiales en Andaluc\u00eda. As\u00ed, el rector ha informado que las facultades trabajan ya, en comisiones creadas para ello, en el estudio de c\u00f3mo ser\u00e1 la docencia que impartir\u00e1n en su \u00e1mbito en el futuro.<\/p>\n","protected":false},"author":6,"featured_media":30880049,"comment_status":"closed","ping_status":"open","sticky":false,"template":"","format":"standard","meta":{"_monsterinsights_skip_tracking":false,"_monsterinsights_sitenote_active":false,"_monsterinsights_sitenote_note":"","_monsterinsights_sitenote_category":0,"footnotes":""},"categories":[6],"tags":[107,102,4021,8040,8626,199,38],"class_list":["post-30880052","post","type-post","status-publish","format-standard","has-post-thumbnail","hentry","category-institucional","tag-campus","tag-consejo-de-gobierno","tag-francisco-oliva-blazquez","tag-losu","tag-normativa-universitaria","tag-profesorado","tag-rector"],"_links":{"self":[{"href":"https:\/\/www.upo.es\/diario\/wp-json\/wp\/v2\/posts\/30880052","targetHints":{"allow":["GET"]}}],"collection":[{"href":"https:\/\/www.upo.es\/diario\/wp-json\/wp\/v2\/posts"}],"about":[{"href":"https:\/\/www.upo.es\/diario\/wp-json\/wp\/v2\/types\/post"}],"author":[{"embeddable":true,"href":"https:\/\/www.upo.es\/diario\/wp-json\/wp\/v2\/users\/6"}],"replies":[{"embeddable":true,"href":"https:\/\/www.upo.es\/diario\/wp-json\/wp\/v2\/comments?post=30880052"}],"version-history":[{"count":1,"href":"https:\/\/www.upo.es\/diario\/wp-json\/wp\/v2\/posts\/30880052\/revisions"}],"predecessor-version":[{"id":30880053,"href":"https:\/\/www.upo.es\/diario\/wp-json\/wp\/v2\/posts\/30880052\/revisions\/30880053"}],"wp:featuredmedia":[{"embeddable":true,"href":"https:\/\/www.upo.es\/diario\/wp-json\/wp\/v2\/media\/30880049"}],"wp:attachment":[{"href":"https:\/\/www.upo.es\/diario\/wp-json\/wp\/v2\/media?parent=30880052"}],"wp:term":[{"taxonomy":"category","embeddable":true,"href":"https:\/\/www.upo.es\/diario\/wp-json\/wp\/v2\/categories?post=30880052"},{"taxonomy":"post_tag","embeddable":true,"href":"https:\/\/www.upo.es\/diario\/wp-json\/wp\/v2\/tags?post=30880052"}],"curies":[{"name":"wp","href":"https:\/\/api.w.org\/{rel}","templated":true}]}}