{"id":30880081,"date":"2023-10-31T12:21:30","date_gmt":"2023-10-31T11:21:30","guid":{"rendered":"https:\/\/www.upo.es\/diario\/?p=30880081"},"modified":"2023-11-02T14:29:58","modified_gmt":"2023-11-02T13:29:58","slug":"la-profesora-de-la-upo-maria-del-carmen-calderon-ingresa-en-la-academia-andaluza-de-la-historia","status":"publish","type":"post","link":"https:\/\/www.upo.es\/diario\/comunidad\/2023\/10\/la-profesora-de-la-upo-maria-del-carmen-calderon-ingresa-en-la-academia-andaluza-de-la-historia\/","title":{"rendered":"La profesora de la UPO Mar\u00eda del Carmen Calder\u00f3n ingresa en la Academia Andaluza de la Historia"},"content":{"rendered":"<figure id=\"attachment_30880082\" aria-describedby=\"caption-attachment-30880082\" style=\"width: 750px\" class=\"wp-caption aligncenter\"><a href=\"https:\/\/www.upo.es\/diario\/wp-content\/uploads\/2023\/10\/imagen1_CalderonBerrocal.jpg\"><img loading=\"lazy\" decoding=\"async\" class=\"size-large wp-image-30880082\" src=\"https:\/\/www.upo.es\/diario\/wp-content\/uploads\/2023\/10\/imagen1_CalderonBerrocal-750x422.jpg\" alt=\"\" width=\"750\" height=\"422\" srcset=\"https:\/\/www.upo.es\/diario\/wp-content\/uploads\/2023\/10\/imagen1_CalderonBerrocal-750x422.jpg 750w, https:\/\/www.upo.es\/diario\/wp-content\/uploads\/2023\/10\/imagen1_CalderonBerrocal-420x236.jpg 420w, https:\/\/www.upo.es\/diario\/wp-content\/uploads\/2023\/10\/imagen1_CalderonBerrocal-768x432.jpg 768w, https:\/\/www.upo.es\/diario\/wp-content\/uploads\/2023\/10\/imagen1_CalderonBerrocal-1536x864.jpg 1536w, https:\/\/www.upo.es\/diario\/wp-content\/uploads\/2023\/10\/imagen1_CalderonBerrocal-1320x743.jpg 1320w, https:\/\/www.upo.es\/diario\/wp-content\/uploads\/2023\/10\/imagen1_CalderonBerrocal.jpg 2016w\" sizes=\"auto, (max-width: 750px) 100vw, 750px\" \/><\/a><figcaption id=\"caption-attachment-30880082\" class=\"wp-caption-text\">Ceremonia de ingreso en la Academia Andaluza de la Historia<\/figcaption><\/figure>\n<p>La profesora del Departamento de Geograf\u00eda, Historia y Filosof\u00eda de la Universidad Pablo de Olavide <strong>Mar\u00eda del Carmen Calder\u00f3n Berrocal<\/strong> ha ingresado como miembro en la <a href=\"https:\/\/www.academiaandaluzadelahistoria.es\/\">Academia Andaluza de la Historia<\/a> en un acto que ha tenido lugar en el Casino Militar de Sevilla. Durante la ceremonia de recepci\u00f3n, la docente expuso su <strong>discurso de ingreso bajo el t\u00edtulo \u2018El Hospital de las Cinco Llagas de Sevilla. Su significaci\u00f3n y aportaci\u00f3n al patrimonio hist\u00f3rico y documental a trav\u00e9s del tiempo\u2019<\/strong>, que fue contestado por el miembro Ram\u00f3n de la Campa Carmona.<\/p>\n<p>Mar\u00eda del Carmen Calder\u00f3n es licenciada y doctora en Geograf\u00eda e Historia, especialista con Diplomatura en Genealog\u00eda, Her\u00e1ldica y Nobiliaria por el Centro Superior de Investigaciones Cient\u00edficas (CSIC). A lo largo de su trayectoria, ha sido <strong>archivera en los Archivos de la Catedral de Sevilla y archivera responsable en el Archivo General del Arzobispado de Sevilla<\/strong>, donde dej\u00f3 inventariado la totalidad del fondo general y elaborado su cuadro de clasificaci\u00f3n y diversos cat\u00e1logos. Asimismo, ha llevado a cabo varios proyectos archiv\u00edsticos en la Junta de Extremadura, la Junta de Andaluc\u00eda y en los Ministerios de Cultura, Defensa e Interior, as\u00ed como en archivos municipales y judiciales. En la actualidad, la profesora de la UPO ejerce como perito cal\u00edgrafo adem\u00e1s de su labor como docente.<\/p>\n<figure id=\"attachment_30880083\" aria-describedby=\"caption-attachment-30880083\" style=\"width: 420px\" class=\"wp-caption alignright\"><a href=\"https:\/\/www.upo.es\/diario\/wp-content\/uploads\/2023\/10\/imagen2_CalderonBerrocal.jpg\"><img loading=\"lazy\" decoding=\"async\" class=\"size-medium wp-image-30880083\" src=\"https:\/\/www.upo.es\/diario\/wp-content\/uploads\/2023\/10\/imagen2_CalderonBerrocal-420x286.jpg\" alt=\"\" width=\"420\" height=\"286\" srcset=\"https:\/\/www.upo.es\/diario\/wp-content\/uploads\/2023\/10\/imagen2_CalderonBerrocal-420x286.jpg 420w, https:\/\/www.upo.es\/diario\/wp-content\/uploads\/2023\/10\/imagen2_CalderonBerrocal-750x511.jpg 750w, https:\/\/www.upo.es\/diario\/wp-content\/uploads\/2023\/10\/imagen2_CalderonBerrocal-768x523.jpg 768w, https:\/\/www.upo.es\/diario\/wp-content\/uploads\/2023\/10\/imagen2_CalderonBerrocal-1320x899.jpg 1320w, https:\/\/www.upo.es\/diario\/wp-content\/uploads\/2023\/10\/imagen2_CalderonBerrocal.jpg 1431w\" sizes=\"auto, (max-width: 420px) 100vw, 420px\" \/><\/a><figcaption id=\"caption-attachment-30880083\" class=\"wp-caption-text\">Mar\u00eda del Carmen Calder\u00f3n Berrocal durante su discurso de ingreso en la Academia<\/figcaption><\/figure>\n<p>En su discurso de ingreso, Calder\u00f3n Berrocal ha abordado \u201cla historia y la vida\u201d del Hospital de las Cinco Llagas de Sevilla. \u201cPocas veces un historiador puede contar con testigos de la Historia tan fidedignos y claros como en esta ocasi\u00f3n\u201d, ha explicado la profesora sobre \u201cuna instituci\u00f3n que conoci\u00f3 dos sedes, la segunda de las cuales se conserva y ha cambiado su versi\u00f3n de servicio a la sociedad, por servicios a los ciudadanos desde la pol\u00edtica, convirti\u00e9ndose en sede del Parlamento de Andaluc\u00eda\u201d. Por otro lado, se ha referido a <strong>Catalina de Ribera y Mendoza<\/strong>, \u201cel alma\u201d del Hospital, que atendi\u00f3 a las mujeres m\u00e1s necesitadas \u201cen una sociedad hecha por y para el hombre y donde la solteras y viudas estaban relegadas socialmente\u201d.<\/p>\n<p>La Academia Andaluza de la Historia tiene como fin la investigaci\u00f3n, el cultivo, la ense\u00f1anza y la difusi\u00f3n de la Historia de y en Andaluc\u00eda, la Geograf\u00eda, las Ciencias Heroicas, la Arqueolog\u00eda y todas las disciplinas auxiliares y afines de la Historia. Su pertenencia viene definitiva por la alta cualificaci\u00f3n de sus miembros, que cuentan con la m\u00e1xima titulaci\u00f3n oficial universitaria en su especialidad y se han distinguido en el estudio, la investigaci\u00f3n o la pr\u00e1ctica de alguna de las ciencias hist\u00f3ricas en relaci\u00f3n con Andaluc\u00eda. La instituci\u00f3n tiene su origen en 1988 cuando se funda en Sevilla la Asociaci\u00f3n Cultural \u2018Argote de Molina\u2019 hasta que en 2013 se constituye la actual Academia Andaluza de la Historia.<\/p>\n","protected":false},"excerpt":{"rendered":"<p>La profesora del Departamento de Geograf\u00eda, Historia y Filosof\u00eda de la Universidad Pablo de Olavide Mar\u00eda del Carmen Calder\u00f3n Berrocal ha ingresado como miembro en la Academia Andaluza de la Historia en un acto que ha tenido lugar en el Casino Militar de Sevilla. Durante la ceremonia de recepci\u00f3n, la docente expuso su discurso de ingreso bajo el t\u00edtulo \u2018El Hospital de las Cinco Llagas de Sevilla. Su significaci\u00f3n y aportaci\u00f3n al patrimonio hist\u00f3rico y documental a trav\u00e9s del tiempo\u2019, que fue contestado por el miembro Ram\u00f3n de la Campa Carmona.<\/p>\n","protected":false},"author":14,"featured_media":30880083,"comment_status":"closed","ping_status":"open","sticky":false,"template":"","format":"standard","meta":{"_monsterinsights_skip_tracking":false,"_monsterinsights_sitenote_active":false,"_monsterinsights_sitenote_note":"","_monsterinsights_sitenote_category":0,"footnotes":""},"categories":[5842],"tags":[3542,8631,8633,4531,150,8632,8630,1053,199],"class_list":["post-30880081","post","type-post","status-publish","format-standard","has-post-thumbnail","hentry","category-comunidad","tag-academia","tag-academia-andaluza-de-la-historia","tag-catalina-de-ribera","tag-departamento-de-geografia-historia-y-filosofia","tag-historia","tag-hospital-de-las-cinco-llagas","tag-maria-del-carmen-calderon","tag-mujeres","tag-profesorado"],"_links":{"self":[{"href":"https:\/\/www.upo.es\/diario\/wp-json\/wp\/v2\/posts\/30880081","targetHints":{"allow":["GET"]}}],"collection":[{"href":"https:\/\/www.upo.es\/diario\/wp-json\/wp\/v2\/posts"}],"about":[{"href":"https:\/\/www.upo.es\/diario\/wp-json\/wp\/v2\/types\/post"}],"author":[{"embeddable":true,"href":"https:\/\/www.upo.es\/diario\/wp-json\/wp\/v2\/users\/14"}],"replies":[{"embeddable":true,"href":"https:\/\/www.upo.es\/diario\/wp-json\/wp\/v2\/comments?post=30880081"}],"version-history":[{"count":1,"href":"https:\/\/www.upo.es\/diario\/wp-json\/wp\/v2\/posts\/30880081\/revisions"}],"predecessor-version":[{"id":30880085,"href":"https:\/\/www.upo.es\/diario\/wp-json\/wp\/v2\/posts\/30880081\/revisions\/30880085"}],"wp:featuredmedia":[{"embeddable":true,"href":"https:\/\/www.upo.es\/diario\/wp-json\/wp\/v2\/media\/30880083"}],"wp:attachment":[{"href":"https:\/\/www.upo.es\/diario\/wp-json\/wp\/v2\/media?parent=30880081"}],"wp:term":[{"taxonomy":"category","embeddable":true,"href":"https:\/\/www.upo.es\/diario\/wp-json\/wp\/v2\/categories?post=30880081"},{"taxonomy":"post_tag","embeddable":true,"href":"https:\/\/www.upo.es\/diario\/wp-json\/wp\/v2\/tags?post=30880081"}],"curies":[{"name":"wp","href":"https:\/\/api.w.org\/{rel}","templated":true}]}}