{"id":30880087,"date":"2023-10-30T22:56:47","date_gmt":"2023-10-30T21:56:47","guid":{"rendered":"https:\/\/www.upo.es\/diario\/?p=30880087"},"modified":"2023-10-31T14:05:43","modified_gmt":"2023-10-31T13:05:43","slug":"radiolavide-el-derecho-de-las-personas-a-migrar-de-la-declaracion-universal-de-los-derechos-humanos-a-los-debates-actuales","status":"publish","type":"post","link":"https:\/\/www.upo.es\/diario\/podcast\/2023\/10\/radiolavide-el-derecho-de-las-personas-a-migrar-de-la-declaracion-universal-de-los-derechos-humanos-a-los-debates-actuales\/","title":{"rendered":"RadiOlavide | El derecho de las personas a migrar. De la Declaraci\u00f3n Universal de los Derechos Humanos a los debates actuales"},"content":{"rendered":"<p><iframe loading=\"lazy\" id=\"pumukitiframe\" src=\"https:\/\/upotv.upo.es\/iframe\/653b8304abe3c6197b8b4567\" width=\"560\" height=\"315\" frameborder=\"0\" allowfullscreen=\"allowfullscreen\"><\/iframe><br \/>\nLa <a href=\"https:\/\/www.un.org\/es\/about-us\/universal-declaration-of-human-rights\">Declaraci\u00f3n Universal de los Derechos Humanos<\/a> se\u00f1ala en su art\u00edculo 13.1 que \u2018toda persona tiene derecho a circular libremente y elegir su residencia en el territorio de un Estado\u2019 y en el apartado 2 que \u2018toda persona tiene derecho a salir de cualquier pa\u00eds, incluso del suyo propio, y a regresar a su pa\u00eds\u2019.<\/p>\n<p>Migrar significa trasladarse desde el lugar en que se habita a otro distinto. Salir de un pa\u00eds, ciudad o pueblo para establecerse en otro. Todo esto de manera forzosa o voluntaria, seg\u00fan las necesidades que establezcan las causas de este fen\u00f3meno. En este podcast analizamos el trasfondo y las razones por las cuales migran las personas, estudiamos los corredores migratorios m\u00e1s usuales y conflictivos, y analizamos las consecuencias de esta situaci\u00f3n.<\/p>\n<p>Por \u00faltimo, ahondamos a trav\u00e9s de un debate en torno a la moral que se esconde en la acogida y asimilaci\u00f3n que padecen las personas migrantes en el Norte global.<\/p>\n<figure id=\"attachment_30880088\" aria-describedby=\"caption-attachment-30880088\" style=\"width: 420px\" class=\"wp-caption alignleft\"><a href=\"https:\/\/www.upo.es\/diario\/wp-content\/uploads\/2023\/10\/Geralt2.jpg\"><img loading=\"lazy\" decoding=\"async\" class=\"wp-image-30880088 size-medium\" src=\"https:\/\/www.upo.es\/diario\/wp-content\/uploads\/2023\/10\/Geralt2-420x255.jpg\" alt=\"Migrantes de espaldas tras una valla\" width=\"420\" height=\"255\" srcset=\"https:\/\/www.upo.es\/diario\/wp-content\/uploads\/2023\/10\/Geralt2-420x255.jpg 420w, https:\/\/www.upo.es\/diario\/wp-content\/uploads\/2023\/10\/Geralt2-750x455.jpg 750w, https:\/\/www.upo.es\/diario\/wp-content\/uploads\/2023\/10\/Geralt2-768x466.jpg 768w, https:\/\/www.upo.es\/diario\/wp-content\/uploads\/2023\/10\/Geralt2.jpg 1280w\" sizes=\"auto, (max-width: 420px) 100vw, 420px\" \/><\/a><figcaption id=\"caption-attachment-30880088\" class=\"wp-caption-text\">Foto: Geralt<\/figcaption><\/figure>\n<p>Cr\u00e9ditos:<\/p>\n<p><strong>Presentan: <\/strong>Estela Gallardo Morones, Jos\u00e9 Ignacio Blanco Pino, Alberto P\u00e9rez Carmona y Pablo Rodr\u00edguez Rodr\u00edguez.<\/p>\n<p><strong>Realizaci\u00f3n y edici\u00f3n<\/strong>: Daniela Montserrat Torres Roa<\/p>\n<p>&nbsp;<\/p>\n<p>&nbsp;<\/p>\n<h3>Otros estrenos de RadiOlavide son:<\/h3>\n<p><strong>\u00d3rbita Olavide:<\/strong><br \/>\n<a href=\"https:\/\/upotv.upo.es\/video\/653b7be6abe3c6a8788b456c\">https:\/\/upotv.upo.es\/video\/653b7be6abe3c6a8788b456c<\/a><\/p>\n<p><strong>Radio Wunderbar:<br \/>\n<\/strong><a href=\"https:\/\/upotv.upo.es\/video\/6538e165abe3c64dab8b456a\">https:\/\/upotv.upo.es\/video\/6538e165abe3c64dab8b456a<\/a><\/p>\n<p><strong><em>\u00c7a d\u00e9lie les langues<\/em>:<br \/>\n<\/strong><a href=\"https:\/\/upotv.upo.es\/video\/6538db78abe3c602a98b456b\">https:\/\/upotv.upo.es\/video\/6538db78abe3c602a98b456b<\/a><\/p>\n","protected":false},"excerpt":{"rendered":"<p>La Declaraci\u00f3n Universal de los Derechos Humanos se\u00f1ala en su art\u00edculo 13.1 que \u2018toda persona tiene derecho a circular libremente y elegir su residencia en el territorio de un Estado\u2019 y en el apartado 2 que \u2018toda persona tiene derecho a salir de cualquier pa\u00eds, incluso del suyo propio, y a regresar a su pa\u00eds\u2019.<\/p>\n","protected":false},"author":6,"featured_media":30880088,"comment_status":"closed","ping_status":"open","sticky":false,"template":"","format":"standard","meta":{"_monsterinsights_skip_tracking":false,"_monsterinsights_sitenote_active":false,"_monsterinsights_sitenote_note":"","_monsterinsights_sitenote_category":0,"footnotes":""},"categories":[8145],"tags":[3943,92,6022,3784],"class_list":["post-30880087","post","type-post","status-publish","format-standard","has-post-thumbnail","hentry","category-podcast","tag-derecho-internacional","tag-derechos-humanos","tag-migrantes","tag-radiolavide"],"_links":{"self":[{"href":"https:\/\/www.upo.es\/diario\/wp-json\/wp\/v2\/posts\/30880087","targetHints":{"allow":["GET"]}}],"collection":[{"href":"https:\/\/www.upo.es\/diario\/wp-json\/wp\/v2\/posts"}],"about":[{"href":"https:\/\/www.upo.es\/diario\/wp-json\/wp\/v2\/types\/post"}],"author":[{"embeddable":true,"href":"https:\/\/www.upo.es\/diario\/wp-json\/wp\/v2\/users\/6"}],"replies":[{"embeddable":true,"href":"https:\/\/www.upo.es\/diario\/wp-json\/wp\/v2\/comments?post=30880087"}],"version-history":[{"count":2,"href":"https:\/\/www.upo.es\/diario\/wp-json\/wp\/v2\/posts\/30880087\/revisions"}],"predecessor-version":[{"id":30880090,"href":"https:\/\/www.upo.es\/diario\/wp-json\/wp\/v2\/posts\/30880087\/revisions\/30880090"}],"wp:featuredmedia":[{"embeddable":true,"href":"https:\/\/www.upo.es\/diario\/wp-json\/wp\/v2\/media\/30880088"}],"wp:attachment":[{"href":"https:\/\/www.upo.es\/diario\/wp-json\/wp\/v2\/media?parent=30880087"}],"wp:term":[{"taxonomy":"category","embeddable":true,"href":"https:\/\/www.upo.es\/diario\/wp-json\/wp\/v2\/categories?post=30880087"},{"taxonomy":"post_tag","embeddable":true,"href":"https:\/\/www.upo.es\/diario\/wp-json\/wp\/v2\/tags?post=30880087"}],"curies":[{"name":"wp","href":"https:\/\/api.w.org\/{rel}","templated":true}]}}