{"id":30880111,"date":"2023-11-03T13:28:10","date_gmt":"2023-11-03T12:28:10","guid":{"rendered":"https:\/\/www.upo.es\/diario\/?p=30880111"},"modified":"2023-11-06T15:31:57","modified_gmt":"2023-11-06T14:31:57","slug":"la-universidad-de-itapua-de-paraguay-se-une-a-las-entidades-con-convenios-de-colaboracion-con-la-upo","status":"publish","type":"post","link":"https:\/\/www.upo.es\/diario\/institucional\/2023\/11\/la-universidad-de-itapua-de-paraguay-se-une-a-las-entidades-con-convenios-de-colaboracion-con-la-upo\/","title":{"rendered":"La Universidad de Itap\u00faa de Paraguay se une a las entidades con convenios de colaboraci\u00f3n con la UPO"},"content":{"rendered":"<figure id=\"attachment_30880112\" aria-describedby=\"caption-attachment-30880112\" style=\"width: 750px\" class=\"wp-caption aligncenter\"><a href=\"https:\/\/www.upo.es\/diario\/wp-content\/uploads\/2023\/11\/20231103_Conv-Univ-Itapua-3-scaled.jpg\"><img loading=\"lazy\" decoding=\"async\" class=\"size-large wp-image-30880112\" src=\"https:\/\/www.upo.es\/diario\/wp-content\/uploads\/2023\/11\/20231103_Conv-Univ-Itapua-3-750x422.jpg\" alt=\"\" width=\"750\" height=\"422\" srcset=\"https:\/\/www.upo.es\/diario\/wp-content\/uploads\/2023\/11\/20231103_Conv-Univ-Itapua-3-750x422.jpg 750w, https:\/\/www.upo.es\/diario\/wp-content\/uploads\/2023\/11\/20231103_Conv-Univ-Itapua-3-420x236.jpg 420w, https:\/\/www.upo.es\/diario\/wp-content\/uploads\/2023\/11\/20231103_Conv-Univ-Itapua-3-768x432.jpg 768w, https:\/\/www.upo.es\/diario\/wp-content\/uploads\/2023\/11\/20231103_Conv-Univ-Itapua-3-2048x1152.jpg 2048w\" sizes=\"auto, (max-width: 750px) 100vw, 750px\" \/><\/a><figcaption id=\"caption-attachment-30880112\" class=\"wp-caption-text\">David Naranjo, Francisco Oliva, Perla Sosa y Miguel Garc\u00eda<\/figcaption><\/figure>\n<p>El rector de la Universidad Pablo de Olavide, <strong>Francisco Oliva Bl\u00e1zquez<\/strong>, y la directora general acad\u00e9mica de Investigaci\u00f3n y Postgrado de la Universidad Nacional de Itap\u00faa (Paraguay), <strong>Perla Sosa de Wood<\/strong>, en representaci\u00f3n del rector, <strong>Hermenegildo Cohene Vel\u00e1zquez<\/strong>, han formalizado un <strong>protocolo general de colaboraci\u00f3n para que ambas entidades desarrollen actividades formativas de tipo acad\u00e9mico, cient\u00edfico, t\u00e9cnico y de investigaci\u00f3n<\/strong>, as\u00ed como en actividades pr\u00e1cticas dirigidas a estudiantes de ambas universidades.<\/p>\n<p>Francisco Oliva ha subrayado la importancia que tiene para la UPO \u201cestrechar lazos con universidades de Latinoam\u00e9rica porque esta instituci\u00f3n siempre ha mirado hacia esa tierra desde su nacimiento\u201d. Por su parte, Perla Sosa ha detallado algunos de los proyectos que se pondr\u00e1n en marcha gracias a este convenio como la colaboraci\u00f3n con la Oficina de Transferencia de Resultados de Investigaci\u00f3n y los intercambios y programas de postgrado con doble titulaci\u00f3n.<\/p>\n<figure id=\"attachment_30880113\" aria-describedby=\"caption-attachment-30880113\" style=\"width: 420px\" class=\"wp-caption alignright\"><a href=\"https:\/\/www.upo.es\/diario\/wp-content\/uploads\/2023\/11\/20231103_Conv-Univ-Itapua-2-scaled.jpg\"><img loading=\"lazy\" decoding=\"async\" class=\"size-medium wp-image-30880113\" src=\"https:\/\/www.upo.es\/diario\/wp-content\/uploads\/2023\/11\/20231103_Conv-Univ-Itapua-2-420x236.jpg\" alt=\"\" width=\"420\" height=\"236\" srcset=\"https:\/\/www.upo.es\/diario\/wp-content\/uploads\/2023\/11\/20231103_Conv-Univ-Itapua-2-420x236.jpg 420w, https:\/\/www.upo.es\/diario\/wp-content\/uploads\/2023\/11\/20231103_Conv-Univ-Itapua-2-750x422.jpg 750w, https:\/\/www.upo.es\/diario\/wp-content\/uploads\/2023\/11\/20231103_Conv-Univ-Itapua-2-768x432.jpg 768w, https:\/\/www.upo.es\/diario\/wp-content\/uploads\/2023\/11\/20231103_Conv-Univ-Itapua-2-2048x1152.jpg 2048w\" sizes=\"auto, (max-width: 420px) 100vw, 420px\" \/><\/a><figcaption id=\"caption-attachment-30880113\" class=\"wp-caption-text\">Francisco Oliva y Perla Sosa durante la firma del convenio<\/figcaption><\/figure>\n<p>Este protocolo, que tiene una vigencia inicial de cinco a\u00f1os, se concretar\u00e1 en posteriores convenios espec\u00edficos para la puesta en marcha de proyectos conjuntos. La Comisi\u00f3n de Seguimiento que se constituir\u00e1 estar\u00e1 formada por el profesor de la UPO Miguel Garc\u00eda Torres y la profesora de la UNI Perla Sosa de Wood.<\/p>\n<p>La <a href=\"https:\/\/archivo.uni.edu.py\/2007-2013\/index.php\">Universidad Nacional de Itap\u00faa<\/a> fue creada en 1996 en la ciudad de Encarnaci\u00f3n, capital del Departamento de Itap\u00faa y es una de las principales universidades estatales de Paraguay. Cuenta con siete centros, como son las Facultades de Humanidades, Medicina, Ingenier\u00eda, Ciencias Econ\u00f3micas, Ciencias Jur\u00eddicas, Ciencias Agropecuarias y Tecnolog\u00eda, adem\u00e1s de un Centro de Postgrado.<\/p>\n<p>Al acto de firma tambi\u00e9n han asistido el vicerrector de Internacionalizaci\u00f3n, <strong>David Naranjo Gil<\/strong>, y el profesor de la UPO <strong>Miguel Garc\u00eda Torres<\/strong>.<\/p>\n","protected":false},"excerpt":{"rendered":"<p>El rector de la Universidad Pablo de Olavide, Francisco Oliva Bl\u00e1zquez, y la directora general acad\u00e9mica de Investigaci\u00f3n y Postgrado de la Universidad Nacional de Itap\u00faa (Paraguay), Perla Sosa de Wood, en representaci\u00f3n del rector, Hermenegildo Cohene Vel\u00e1zquez, han formalizado un protocolo general de colaboraci\u00f3n para que ambas entidades desarrollen actividades formativas de tipo acad\u00e9mico, cient\u00edfico, t\u00e9cnico y de investigaci\u00f3n, as\u00ed como en actividades pr\u00e1cticas dirigidas a estudiantes de ambas universidades.<\/p>\n","protected":false},"author":14,"featured_media":30880112,"comment_status":"closed","ping_status":"open","sticky":false,"template":"","format":"standard","meta":{"_monsterinsights_skip_tracking":false,"_monsterinsights_sitenote_active":false,"_monsterinsights_sitenote_note":"","_monsterinsights_sitenote_category":0,"footnotes":""},"categories":[6],"tags":[326,2642,925,8634,8635,39],"class_list":["post-30880111","post","type-post","status-publish","format-standard","has-post-thumbnail","hentry","category-institucional","tag-convenio","tag-cooperacion-universitaria","tag-internacionalizacion","tag-paraguay","tag-uni","tag-universidades"],"_links":{"self":[{"href":"https:\/\/www.upo.es\/diario\/wp-json\/wp\/v2\/posts\/30880111","targetHints":{"allow":["GET"]}}],"collection":[{"href":"https:\/\/www.upo.es\/diario\/wp-json\/wp\/v2\/posts"}],"about":[{"href":"https:\/\/www.upo.es\/diario\/wp-json\/wp\/v2\/types\/post"}],"author":[{"embeddable":true,"href":"https:\/\/www.upo.es\/diario\/wp-json\/wp\/v2\/users\/14"}],"replies":[{"embeddable":true,"href":"https:\/\/www.upo.es\/diario\/wp-json\/wp\/v2\/comments?post=30880111"}],"version-history":[{"count":1,"href":"https:\/\/www.upo.es\/diario\/wp-json\/wp\/v2\/posts\/30880111\/revisions"}],"predecessor-version":[{"id":30880114,"href":"https:\/\/www.upo.es\/diario\/wp-json\/wp\/v2\/posts\/30880111\/revisions\/30880114"}],"wp:featuredmedia":[{"embeddable":true,"href":"https:\/\/www.upo.es\/diario\/wp-json\/wp\/v2\/media\/30880112"}],"wp:attachment":[{"href":"https:\/\/www.upo.es\/diario\/wp-json\/wp\/v2\/media?parent=30880111"}],"wp:term":[{"taxonomy":"category","embeddable":true,"href":"https:\/\/www.upo.es\/diario\/wp-json\/wp\/v2\/categories?post=30880111"},{"taxonomy":"post_tag","embeddable":true,"href":"https:\/\/www.upo.es\/diario\/wp-json\/wp\/v2\/tags?post=30880111"}],"curies":[{"name":"wp","href":"https:\/\/api.w.org\/{rel}","templated":true}]}}