{"id":30880125,"date":"2023-11-06T14:26:53","date_gmt":"2023-11-06T13:26:53","guid":{"rendered":"https:\/\/www.upo.es\/diario\/?p=30880125"},"modified":"2023-11-09T10:43:49","modified_gmt":"2023-11-09T09:43:49","slug":"mas-de-1-500-estudiantes-inician-sus-estudios-de-master-en-la-universidad-pablo-de-olavide","status":"publish","type":"post","link":"https:\/\/www.upo.es\/diario\/institucional\/2023\/11\/mas-de-1-500-estudiantes-inician-sus-estudios-de-master-en-la-universidad-pablo-de-olavide\/","title":{"rendered":"M\u00e1s de 1.500 estudiantes inician sus m\u00e1steres en la Universidad Pablo de Olavide"},"content":{"rendered":"<figure id=\"attachment_30880126\" aria-describedby=\"caption-attachment-30880126\" style=\"width: 750px\" class=\"wp-caption aligncenter\"><a href=\"https:\/\/www.upo.es\/diario\/wp-content\/uploads\/2023\/11\/20231106_Inaug-Masteres-Univ-UPO-4-scaled.jpg\"><img loading=\"lazy\" decoding=\"async\" class=\"size-large wp-image-30880126\" src=\"https:\/\/www.upo.es\/diario\/wp-content\/uploads\/2023\/11\/20231106_Inaug-Masteres-Univ-UPO-4-750x500.jpg\" alt=\"\" width=\"750\" height=\"500\" srcset=\"https:\/\/www.upo.es\/diario\/wp-content\/uploads\/2023\/11\/20231106_Inaug-Masteres-Univ-UPO-4-750x500.jpg 750w, https:\/\/www.upo.es\/diario\/wp-content\/uploads\/2023\/11\/20231106_Inaug-Masteres-Univ-UPO-4-420x280.jpg 420w, https:\/\/www.upo.es\/diario\/wp-content\/uploads\/2023\/11\/20231106_Inaug-Masteres-Univ-UPO-4-2048x1365.jpg 2048w\" sizes=\"auto, (max-width: 750px) 100vw, 750px\" \/><\/a><figcaption id=\"caption-attachment-30880126\" class=\"wp-caption-text\">Acto de inauguraci\u00f3n de los programas de M\u00e1ster de la UPO<\/figcaption><\/figure>\n<p>El vicerrector de Estrategia y Planificaci\u00f3n Acad\u00e9mica de la Universidad Pablo de Olavide, <strong>Jos\u00e9 Antonio S\u00e1nchez Medina<\/strong>, ha presidido el acto de inauguraci\u00f3n de los <strong>Programas de M\u00e1ster Universitario del curso acad\u00e9mico 2023\/2024<\/strong>, que cuentan con <strong>m\u00e1s de 1.500 estudiantes en las 43 variantes<\/strong> que ofrece la UPO.<\/p>\n<p>En la mesa inaugural, han participado tambi\u00e9n la directora general de Postgrado, <strong>Silvia Mendoza Calder\u00f3n<\/strong>; el delegado del rector para la Calidad, <strong>Jordi Luengo L\u00f3pez<\/strong>; y la directora general de Empleabilidad y Emprendimiento, <strong>Amapola Povedano D\u00edaz<\/strong>.<\/p>\n<p>Jos\u00e9 Antonio S\u00e1nchez Medina ha destacado el compromiso de la Universidad Pablo de Olavide con dar respuesta, mediante la formaci\u00f3n que imparte, a las necesidades de la sociedad y a la empleabilidad del tejido productivo: \u201cNo se trata \u00fanicamente de aprender un conocimiento concreto, sino a desarrollarse en un entorno diverso y de multidisplinariedad que solo se aprende en la universidad\u201d.<\/p>\n<p>Por otro lado, ha se\u00f1alado que es un error pensar que los y las j\u00f3venes actuales tienen sobrecualificaci\u00f3n cuando, en realidad, \u201cel mundo laboral tiene que crecer\u201d. En este sentido, ha remarcado que est\u00e1 demostrado que, a mayor nivel de formaci\u00f3n, mejor empleabilidad, calidad del empleo, salario y resiliencia en las crisis. \u201cEn definitiva, se trata de aprender a aprender. Surgir\u00e1n nuevos \u00e1mbitos de conocimiento que no se hayan adquirido en la universidad, pero ser\u00e9is personas con la flexibilidad necesaria para afrontar este nuevo mundo\u201d, ha concluido.<\/p>\n<p>La conferencia inaugural ha estado a cargo del catedr\u00e1tico de Historia Moderna de la Universidad Pablo de Olavide Bartolom\u00e9 Yun Casalilla bajo el t\u00edtulo <strong>\u2018De Saberes, Historia e Historiadores en la Era Digital\u2019<\/strong>. En su intervenci\u00f3n, el profesor del Departamento de Geograf\u00eda, Historia y Filosof\u00eda ha contestado a dos preguntas principales: para qu\u00e9 la Historia y los retos los historiadores e historiadoras en la actualidad. As\u00ed, en primer lugar, se ha referido a la importancia de la creaci\u00f3n y propagaci\u00f3n del conocimiento hist\u00f3rico y c\u00f3mo las ciencias b\u00e1sicas, que no conforman las avanzadas, \u201cterminan siendo la clave de las ciencias aplicadas\u201d.<\/p>\n<figure id=\"attachment_30880127\" aria-describedby=\"caption-attachment-30880127\" style=\"width: 420px\" class=\"wp-caption alignright\"><a href=\"https:\/\/www.upo.es\/diario\/wp-content\/uploads\/2023\/11\/20231106_Inaug-Masteres-Univ-UPO-5-scaled.jpg\"><img loading=\"lazy\" decoding=\"async\" class=\"size-medium wp-image-30880127\" src=\"https:\/\/www.upo.es\/diario\/wp-content\/uploads\/2023\/11\/20231106_Inaug-Masteres-Univ-UPO-5-420x280.jpg\" alt=\"\" width=\"420\" height=\"280\" srcset=\"https:\/\/www.upo.es\/diario\/wp-content\/uploads\/2023\/11\/20231106_Inaug-Masteres-Univ-UPO-5-420x280.jpg 420w, https:\/\/www.upo.es\/diario\/wp-content\/uploads\/2023\/11\/20231106_Inaug-Masteres-Univ-UPO-5-750x500.jpg 750w, https:\/\/www.upo.es\/diario\/wp-content\/uploads\/2023\/11\/20231106_Inaug-Masteres-Univ-UPO-5-768x512.jpg 768w, https:\/\/www.upo.es\/diario\/wp-content\/uploads\/2023\/11\/20231106_Inaug-Masteres-Univ-UPO-5-1536x1024.jpg 1536w, https:\/\/www.upo.es\/diario\/wp-content\/uploads\/2023\/11\/20231106_Inaug-Masteres-Univ-UPO-5-2048x1366.jpg 2048w, https:\/\/www.upo.es\/diario\/wp-content\/uploads\/2023\/11\/20231106_Inaug-Masteres-Univ-UPO-5-165x109.jpg 165w, https:\/\/www.upo.es\/diario\/wp-content\/uploads\/2023\/11\/20231106_Inaug-Masteres-Univ-UPO-5-1320x880.jpg 1320w\" sizes=\"auto, (max-width: 420px) 100vw, 420px\" \/><\/a><figcaption id=\"caption-attachment-30880127\" class=\"wp-caption-text\">El profesor de la UPO Bartolom\u00e9 Yun<\/figcaption><\/figure>\n<p>En segundo lugar, ha descrito el efecto del nuevo mundo digital sobre la investigaci\u00f3n hist\u00f3rica: \u201cLo digital puede aumentar la capacidad de contestar preguntas y plantear otras nuevas. Pero lo que sabe la inteligencia artificial, ya lo conocemos. Nuestro deber es ir hacia adelante\u201d, ha se\u00f1alado. Asimismo, ha indicado los nuevos problemas en este sentido, como el hecho de que se complique la imparcialidad y la objetividad al desconocer c\u00f3mo se hace la selecci\u00f3n de los datos.<\/p>\n<h3><strong>Nuevo M\u00e1ster en Nanomateriales Funcionales<\/strong><\/h3>\n<p>Los 43 m\u00e1steres universitarios de la Universidad Pablo de Olavide para el curso acad\u00e9mico 2023\/2024 est\u00e1n <strong>orientados a la especializaci\u00f3n acad\u00e9mica y profesional, con una formaci\u00f3n dise\u00f1ada para impulsar la empleabilidad de sus estudiantes<\/strong>. Como novedad, este a\u00f1o se imparte el nuevo <em>M\u00e1ster Universitario en Nanomateriales Funcionales: \u00a0Aplicaciones en Energ\u00eda, Biotecnolog\u00eda y Medio Ambiente<\/em>, que tiene como objetivo principal profundizar y aportar experiencia pr\u00e1ctica y habilidades en la fabricaci\u00f3n y caracterizaci\u00f3n de este tipo de materiales nanoestructurados, con especial atenci\u00f3n a aplicaciones en energ\u00eda, biotecnolog\u00eda y medio ambiente.<\/p>\n<p>Igualmente, dentro de su amplia oferta, la UPO imparte el <em>M\u00e1ster Universitario en Abogac\u00eda y Procura<\/em>, que se oferta, adem\u00e1s, como doble M\u00e1ster con Derecho de las Nuevas Tecnolog\u00edas o con Derecho de la Contrataci\u00f3n y Responsabilidad Civil.<\/p>\n<p>Por otro lado, este curso ve la luz una nueva versi\u00f3n del <em>M\u00e1ster Interuniversitario en Agroecolog\u00eda: Un Enfoque de Transformaci\u00f3n Sustentable de los Sistemas Agroalimentarios<\/em>; y una reformulaci\u00f3n del m\u00e1ster sobre educaci\u00f3n ambiental, al que se incorpora la Universidad de Ja\u00e9n y que tendr\u00e1 la denominaci\u00f3n de <em>M\u00e1ster Universitario en Educaci\u00f3n Ambiental para la Sostenibilidad<\/em>.<\/p>\n<h3><strong>Amplia oferta de postgrado orientada al empleo<\/strong><\/h3>\n<p>La oferta de la Universidad Pablo de Olavide comprende programas y cursos de postgrado propuestos por grupos de investigaci\u00f3n de alta calidad, de apoyo a iniciativas transversales y que contribuyen al conocimiento y desarrollo de los derechos humanos, los principios de igualdad, solidaridad, protecci\u00f3n ambiental, accesibilidad universal y fomento de la cultura de paz.<\/p>\n<p>En concreto, los programas de M\u00e1ster Universitario ofrecen formaci\u00f3n en Artes y Humanidades, Ciencias, Ciencias de la Salud, Ingenier\u00eda y Arquitectura y Ciencias Sociales y Jur\u00eddicas, adem\u00e1s de los m\u00e1steres habilitantes de Abogac\u00eda y de Formaci\u00f3n de Profesorado de Ense\u00f1anza Secundaria.<\/p>\n<p>En cuanto a su empleabilidad, los m\u00e1steres de la Universidad Pablo de Olavide arrojan un saldo de <strong>m\u00e1s de 700 pr\u00e1cticas curriculares y 100 ofertas de empleo<\/strong>. Por otro lado, la UPO, en colaboraci\u00f3n con los ayuntamientos de las localidades de Dos Hermanas y Alcal\u00e1 de Guada\u00edra, ofrece a sus estudiantes la posibilidad de ingresar en los programas Inserta-Dos Hermanas e Inserta-Alcal\u00e1; as\u00ed como la oportunidad de presentar sus Trabajos Fin de M\u00e1ster a los Premios UPOEmprende y el Servicio Orienta UPO\/CADE del campus universitario.<\/p>\n<ul>\n<li>M\u00e1s informaci\u00f3n en el <a href=\"https:\/\/www.upo.es\/postgrado\/es\/master\/\">Centro de Estudios de Postgrado<\/a><\/li>\n<\/ul>\n","protected":false},"excerpt":{"rendered":"<p>El vicerrector de Estrategia y Planificaci\u00f3n Acad\u00e9mica de la Universidad Pablo de Olavide, Jos\u00e9 Antonio S\u00e1nchez Medina, ha presidido el acto de inauguraci\u00f3n de los Programas de M\u00e1ster Universitario del curso acad\u00e9mico 2023\/2024, que cuentan con m\u00e1s de 1.500 estudiantes en las 43 variantes que ofrece la UPO.<\/p>\n","protected":false},"author":14,"featured_media":30880126,"comment_status":"closed","ping_status":"open","sticky":false,"template":"","format":"standard","meta":{"_monsterinsights_skip_tracking":false,"_monsterinsights_sitenote_active":false,"_monsterinsights_sitenote_note":"","_monsterinsights_sitenote_category":0,"footnotes":""},"categories":[6],"tags":[3203,3989,21,150,1577,82,4156],"class_list":["post-30880125","post","type-post","status-publish","format-standard","has-post-thumbnail","hentry","category-institucional","tag-centro-de-estudios-de-postgrado","tag-empleabilidad","tag-estudiantes","tag-historia","tag-master-universitario","tag-postgrado","tag-programa-de-masteres"],"_links":{"self":[{"href":"https:\/\/www.upo.es\/diario\/wp-json\/wp\/v2\/posts\/30880125","targetHints":{"allow":["GET"]}}],"collection":[{"href":"https:\/\/www.upo.es\/diario\/wp-json\/wp\/v2\/posts"}],"about":[{"href":"https:\/\/www.upo.es\/diario\/wp-json\/wp\/v2\/types\/post"}],"author":[{"embeddable":true,"href":"https:\/\/www.upo.es\/diario\/wp-json\/wp\/v2\/users\/14"}],"replies":[{"embeddable":true,"href":"https:\/\/www.upo.es\/diario\/wp-json\/wp\/v2\/comments?post=30880125"}],"version-history":[{"count":2,"href":"https:\/\/www.upo.es\/diario\/wp-json\/wp\/v2\/posts\/30880125\/revisions"}],"predecessor-version":[{"id":30880129,"href":"https:\/\/www.upo.es\/diario\/wp-json\/wp\/v2\/posts\/30880125\/revisions\/30880129"}],"wp:featuredmedia":[{"embeddable":true,"href":"https:\/\/www.upo.es\/diario\/wp-json\/wp\/v2\/media\/30880126"}],"wp:attachment":[{"href":"https:\/\/www.upo.es\/diario\/wp-json\/wp\/v2\/media?parent=30880125"}],"wp:term":[{"taxonomy":"category","embeddable":true,"href":"https:\/\/www.upo.es\/diario\/wp-json\/wp\/v2\/categories?post=30880125"},{"taxonomy":"post_tag","embeddable":true,"href":"https:\/\/www.upo.es\/diario\/wp-json\/wp\/v2\/tags?post=30880125"}],"curies":[{"name":"wp","href":"https:\/\/api.w.org\/{rel}","templated":true}]}}