{"id":30880149,"date":"2023-11-07T12:45:59","date_gmt":"2023-11-07T11:45:59","guid":{"rendered":"https:\/\/www.upo.es\/diario\/?p=30880149"},"modified":"2023-11-10T12:32:25","modified_gmt":"2023-11-10T11:32:25","slug":"el-ii-festival-universitario-de-flamenco-de-la-upo-aborda-las-transgresiones-de-los-limites-esteticos","status":"publish","type":"post","link":"https:\/\/www.upo.es\/diario\/cultura-social\/2023\/11\/el-ii-festival-universitario-de-flamenco-de-la-upo-aborda-las-transgresiones-de-los-limites-esteticos\/","title":{"rendered":"El II Festival Universitario de Flamenco de la UPO aborda las transgresiones de los l\u00edmites est\u00e9ticos"},"content":{"rendered":"<p><iframe loading=\"lazy\" title=\"YouTube video player\" src=\"https:\/\/www.youtube.com\/embed\/w9TreW5hS1I?si=Meq_J2RoeLISYKDd\" width=\"560\" height=\"315\" frameborder=\"0\" allowfullscreen=\"allowfullscreen\"><\/iframe><br \/>\nEl vicerrector de Cultura y Pol\u00edticas Sociales de la Universidad Pablo de Olavide, <strong>David Cobos Sanchiz<\/strong>, y el director del Instituto Andaluz del Flamenco, <strong>Crist\u00f3bal Ortega Martos<\/strong>, han inaugurado el <a href=\"https:\/\/www.upo.es\/cms1\/export\/sites\/upo\/upsc\/extension_cultural\/documentos\/Cartel-programa-2023_II-Fest.Flam.UPO.pdf\">II Festival Universitario de Flamenco<\/a> que se desarrolla en el campus universitario de la UPO entre el 7 y el 9 de noviembre bajo el t\u00edtulo <strong>\u2018Las impurezas del Flamenco. Transgresiones de los l\u00edmites est\u00e9ticos del Flamenco: Cuerpo, g\u00e9nero y sexualidad\u2019<\/strong>. La entrada es libre hasta completar aforo.<\/p>\n<p>En la mesa inaugural, han participado tambi\u00e9n la directora general de Inclusi\u00f3n y Pol\u00edticas Socioculturales de la UPO, <strong>Mar\u00eda Jos\u00e9 Parejo Guzm\u00e1n<\/strong>, y el director de la Bienal de Flamenco de Sevilla, <strong>Luis Ybarra Ram\u00edrez<\/strong>.<\/p>\n<p>David Cobos ha destacado el \u201cmarcado componente social de la UPO desde su nacimiento\u201d, por lo que \u201cno nos conformamos con traer artistas, sino que hacemos cultura participativa. Esto es marca de la casa\u201d. En concreto, respecto al \u00e1mbito del flamenco, \u201chacemos casi de todo\u201d, ha se\u00f1alado, para lo que se ha referido a la formaci\u00f3n amateur con el programa Artes y Formaci\u00f3n, la investigaci\u00f3n y formaci\u00f3n con un m\u00e1ster universitario, la formaci\u00f3n a profesionales mediante las microcredenciales, la consolidaci\u00f3n de este festival y la pr\u00f3xima c\u00e1tedra de flamenco en colaboraci\u00f3n con el Instituto Andaluz del Flamenco.<\/p>\n<p>Por su parte, Crist\u00f3bal Ortega ha se\u00f1alado que el Instituto participa en el Festival \u201cpara quedarse\u201d ya que, ha explicado, \u201cuno de los objetivos de la nueva Ley del Flamenco es su incorporaci\u00f3n al sistema educativo\u201d. En este sentido, ha remarcado que las iniciativas formativas de la Universidad Pablo de Olavide dirigidas a gestores culturales sirven \u201cpara dar calidad al producto final\u201d.<\/p>\n<p>Finalmente, Mar\u00eda Jos\u00e9 Parejo ha agradecido a las instituciones por su participaci\u00f3n y ha destacado que \u201ceste festival ya es de todos\u201d. Y Luis Ybarra ha destacado que, con este tipo de iniciativas, \u201cSevilla y Andaluc\u00eda son destinos preferentes no solo para disfrutar del flamenco, sino para conocerlo. El gran reto desde la universidad es que d\u00e9 cierta verg\u00fcenza desconocer un cante de un grande del flamenco\u201d<\/p>\n<figure id=\"attachment_30880148\" aria-describedby=\"caption-attachment-30880148\" style=\"width: 420px\" class=\"wp-caption alignright\"><a href=\"https:\/\/www.upo.es\/diario\/wp-content\/uploads\/2023\/11\/20231107_Festival-Univ-Flamenco-3-scaled.jpg\"><img loading=\"lazy\" decoding=\"async\" class=\"size-medium wp-image-30880148\" src=\"https:\/\/www.upo.es\/diario\/wp-content\/uploads\/2023\/11\/20231107_Festival-Univ-Flamenco-3-420x236.jpg\" alt=\"\" width=\"420\" height=\"236\" srcset=\"https:\/\/www.upo.es\/diario\/wp-content\/uploads\/2023\/11\/20231107_Festival-Univ-Flamenco-3-420x236.jpg 420w, https:\/\/www.upo.es\/diario\/wp-content\/uploads\/2023\/11\/20231107_Festival-Univ-Flamenco-3-750x422.jpg 750w, https:\/\/www.upo.es\/diario\/wp-content\/uploads\/2023\/11\/20231107_Festival-Univ-Flamenco-3-768x432.jpg 768w, https:\/\/www.upo.es\/diario\/wp-content\/uploads\/2023\/11\/20231107_Festival-Univ-Flamenco-3-2048x1152.jpg 2048w\" sizes=\"auto, (max-width: 420px) 100vw, 420px\" \/><\/a><figcaption id=\"caption-attachment-30880148\" class=\"wp-caption-text\">Mesa tem\u00e1tica con Antonia Jim\u00e9nez, Rosario La Tremendita y Daniel Do\u00f1a, moderada por Chema Blanco (en el centro)<\/figcaption><\/figure>\n<p>El acto de inauguraci\u00f3n ha dado paso a la primera <strong>mesa tem\u00e1tica que, bajo el t\u00edtulo \u2018Hablan las artistas\u2019<\/strong>, ha contado con la participaci\u00f3n de la cantaora <strong>Rosario \u2018La Tremendita\u2019<\/strong>, la guitarrista <strong>Antonia Jim\u00e9nez<\/strong> y el bailar\u00edn <strong>Daniel Do\u00f1a<\/strong>. A continuaci\u00f3n, el p\u00fablico ha podido asistir a la c\u00e1psula art\u00edstica de <strong>Manuela Carrasco<\/strong>, de la Asociaci\u00f3n Flamenca Feminista LGTBI \u2018La Lola\u2019, acompa\u00f1ada al cante por <strong>Roberto Monta\u00f1o<\/strong> y a la guitarra por <strong>Carlos Mart\u00ednez<\/strong>. La primera jornada concluye a las 20:00 horas en el Paraninfo de la Universidad Pablo de Olavide con el espect\u00e1culo <strong>\u2018Retrospectiva 2.0\u2019 de Daniel Do\u00f1a<\/strong>. A la misma hora el mi\u00e9rcoles, ser\u00e1 el turno de <strong>\u2018El \u00e1rbol del flamenco\u2019, de la Fundaci\u00f3n Alal\u00e1<\/strong>; y el jueves, a las 13:00 horas en la Plaza de Am\u00e9rica del campus, cierra el festival el espect\u00e1culo <strong>\u2018Yeli Yeli\u2019 de \u00c1lvaro Romero<\/strong>.<\/p>\n<p>Con la idea de que, a pesar de sus casi dos siglos de vida, el flamenco sigue siendo un arte vivo en permanente cambio, con este festival se pretende analizar en qu\u00e9 medida este ha sido capaz de reflejar las profundas mutaciones que se han producido en relaci\u00f3n a la concepci\u00f3n de los cuerpos, los g\u00e9neros y las sexualidades. De esta forma, <strong>se busca visibilizar c\u00f3mo el flamenco ha reflejado no solo las formas dominantes, hegem\u00f3nicas o normativas en que se construyen y expresan las sexualidades, sino tambi\u00e9n las minoritarias<\/strong>.<\/p>\n<p>Durante las tres jornadas del festival, a trav\u00e9s de diversas mesas te\u00f3ricas, se analizan estas cuestiones desde diferentes primas, como el hist\u00f3rico y el antropol\u00f3gico, y desde la gesti\u00f3n y la programaci\u00f3n del flamenco. Adem\u00e1s, al tratarse de un festival universitario, se aborda el flamenco en la educaci\u00f3n con una mesa en la que se presentan nuevas estrategias para proponer el conocimiento y el entendimiento que propicie el disfrute y la sensibilidad de este arte.<\/p>\n<h3><strong>Con el flamenco desde 2002<\/strong><\/h3>\n<figure id=\"attachment_30880147\" aria-describedby=\"caption-attachment-30880147\" style=\"width: 420px\" class=\"wp-caption alignleft\"><a href=\"https:\/\/www.upo.es\/diario\/wp-content\/uploads\/2023\/11\/20231107_Festival-Univ-Flamenco-2-scaled.jpg\"><img loading=\"lazy\" decoding=\"async\" class=\"size-medium wp-image-30880147\" src=\"https:\/\/www.upo.es\/diario\/wp-content\/uploads\/2023\/11\/20231107_Festival-Univ-Flamenco-2-420x282.jpg\" alt=\"\" width=\"420\" height=\"282\" srcset=\"https:\/\/www.upo.es\/diario\/wp-content\/uploads\/2023\/11\/20231107_Festival-Univ-Flamenco-2-420x282.jpg 420w, https:\/\/www.upo.es\/diario\/wp-content\/uploads\/2023\/11\/20231107_Festival-Univ-Flamenco-2-750x504.jpg 750w, https:\/\/www.upo.es\/diario\/wp-content\/uploads\/2023\/11\/20231107_Festival-Univ-Flamenco-2-768x516.jpg 768w, https:\/\/www.upo.es\/diario\/wp-content\/uploads\/2023\/11\/20231107_Festival-Univ-Flamenco-2-1536x1033.jpg 1536w, https:\/\/www.upo.es\/diario\/wp-content\/uploads\/2023\/11\/20231107_Festival-Univ-Flamenco-2-2048x1377.jpg 2048w\" sizes=\"auto, (max-width: 420px) 100vw, 420px\" \/><\/a><figcaption id=\"caption-attachment-30880147\" class=\"wp-caption-text\">David Cobos Sanchiz, vicerrector de Cultura y Pol\u00edticas Sociales de la UPO<\/figcaption><\/figure>\n<p>Desde que, en 2002, la Universidad Pablo de Olavide promovi\u00f3 su primer <strong>Taller de Flamenco<\/strong>, no ha dejado de comprometerse con este arte desde la investigaci\u00f3n, la difusi\u00f3n y la intervenci\u00f3n art\u00edstica. Prueba de ello son el <strong>Programa Artes y Formaci\u00f3n<\/strong> que ofrece formaci\u00f3n te\u00f3rica y pr\u00e1ctica en el \u00e1mbito de las disciplinas art\u00edsticas en colaboraci\u00f3n con la <strong>Pe\u00f1a Sentir Flamenco<\/strong> de la propia universidad; el <strong>m\u00e1ster interuniversitario en Investigaci\u00f3n y An\u00e1lisis del Flamenco<\/strong>, en el cual la UPO ofrece la especialidad \u2018An\u00e1lisis cultural del flamenco: una perspectiva antropol\u00f3gica\u2019; y el <a href=\"https:\/\/www.upo.es\/formacionpermanente\/microcredenciales\/especialista-en-gestion-cultural-del-flamenco\/\"><strong>Curso de Gesti\u00f3n Cultural del Flamenco<\/strong><\/a>, en donde el estudiantado puede obtener una formaci\u00f3n te\u00f3rica sobre los principales aspectos, claves y conocimientos necesarios para capacitarse como persona experta en la gesti\u00f3n cultural espec\u00edfica de flamenco.<\/p>\n<p>El II Festival Universitario de Flamenco de la Universidad Pablo de Olavide est\u00e1 coordinado y producido conjuntamente por el Vicerrectorado de Cultura y Pol\u00edticas Sociales, a trav\u00e9s del Servicio de Extensi\u00f3n Cultural, y la Consejer\u00eda de Turismo, Cultura y Deporte de la Junta de Andaluc\u00eda, mediante la Agencia Andaluza de Instituciones Culturales, con la colaboraci\u00f3n de la Bienal de Flamenco de Sevilla.<\/p>\n<p><a title=\"II Festival Universitario de Flamenco\" href=\"https:\/\/www.flickr.com\/photos\/pablodeolavide\/albums\/72177720312556903\" data-flickr-embed=\"true\" data-header=\"true\"><img loading=\"lazy\" decoding=\"async\" src=\"https:\/\/live.staticflickr.com\/65535\/53320276804_d52775d619_z.jpg\" alt=\"II Festival Universitario de Flamenco\" width=\"640\" height=\"480\" \/><\/a><script async src=\"\/\/embedr.flickr.com\/assets\/client-code.js\" charset=\"utf-8\"><\/script><\/p>\n","protected":false},"excerpt":{"rendered":"<p>El vicerrector de Cultura y Pol\u00edticas Sociales de la Universidad Pablo de Olavide, David Cobos Sanchiz, y el director del Instituto Andaluz del Flamenco, Crist\u00f3bal Ortega Martos, han inaugurado el II Festival Universitario de Flamenco que se desarrolla en el campus universitario de la UPO entre el 7 y el 9 de noviembre bajo el t\u00edtulo \u2018Las impurezas del Flamenco. Transgresiones de los l\u00edmites est\u00e9ticos del Flamenco: Cuerpo, g\u00e9nero y sexualidad\u2019. La entrada es libre hasta completar aforo.<\/p>\n","protected":false},"author":14,"featured_media":30880198,"comment_status":"closed","ping_status":"open","sticky":false,"template":"","format":"standard","meta":{"_monsterinsights_skip_tracking":false,"_monsterinsights_sitenote_active":false,"_monsterinsights_sitenote_note":"","_monsterinsights_sitenote_category":0,"footnotes":""},"categories":[5843],"tags":[5665,8636,8637,93,3939,7194],"class_list":["post-30880149","post","type-post","status-publish","format-standard","has-post-thumbnail","hentry","category-cultura-social","tag-bienal-de-flamenco","tag-consejeria-de-turismo-cultura-y-deporte","tag-festival-de-flamenco","tag-flamenco","tag-instituto-andaluz-del-flamenco","tag-vicerrectorado-de-cultura-y-politicas-sociales"],"_links":{"self":[{"href":"https:\/\/www.upo.es\/diario\/wp-json\/wp\/v2\/posts\/30880149","targetHints":{"allow":["GET"]}}],"collection":[{"href":"https:\/\/www.upo.es\/diario\/wp-json\/wp\/v2\/posts"}],"about":[{"href":"https:\/\/www.upo.es\/diario\/wp-json\/wp\/v2\/types\/post"}],"author":[{"embeddable":true,"href":"https:\/\/www.upo.es\/diario\/wp-json\/wp\/v2\/users\/14"}],"replies":[{"embeddable":true,"href":"https:\/\/www.upo.es\/diario\/wp-json\/wp\/v2\/comments?post=30880149"}],"version-history":[{"count":7,"href":"https:\/\/www.upo.es\/diario\/wp-json\/wp\/v2\/posts\/30880149\/revisions"}],"predecessor-version":[{"id":30880220,"href":"https:\/\/www.upo.es\/diario\/wp-json\/wp\/v2\/posts\/30880149\/revisions\/30880220"}],"wp:featuredmedia":[{"embeddable":true,"href":"https:\/\/www.upo.es\/diario\/wp-json\/wp\/v2\/media\/30880198"}],"wp:attachment":[{"href":"https:\/\/www.upo.es\/diario\/wp-json\/wp\/v2\/media?parent=30880149"}],"wp:term":[{"taxonomy":"category","embeddable":true,"href":"https:\/\/www.upo.es\/diario\/wp-json\/wp\/v2\/categories?post=30880149"},{"taxonomy":"post_tag","embeddable":true,"href":"https:\/\/www.upo.es\/diario\/wp-json\/wp\/v2\/tags?post=30880149"}],"curies":[{"name":"wp","href":"https:\/\/api.w.org\/{rel}","templated":true}]}}