{"id":30880193,"date":"2023-11-08T15:07:40","date_gmt":"2023-11-08T14:07:40","guid":{"rendered":"https:\/\/www.upo.es\/diario\/?p=30880193"},"modified":"2023-11-08T15:07:40","modified_gmt":"2023-11-08T14:07:40","slug":"la-fundacion-universidad-pablo-de-olavide-estrena-su-nueva-web-centrada-en-la-accesibilidad-y-la-seguridad","status":"publish","type":"post","link":"https:\/\/www.upo.es\/diario\/comunidad\/2023\/11\/la-fundacion-universidad-pablo-de-olavide-estrena-su-nueva-web-centrada-en-la-accesibilidad-y-la-seguridad\/","title":{"rendered":"La Fundaci\u00f3n Universidad Pablo de Olavide estrena su nueva web centrada en la accesibilidad y la seguridad"},"content":{"rendered":"<p><a href=\"https:\/\/www.upo.es\/diario\/wp-content\/uploads\/2023\/11\/nueva-web-fundacion-universidad-pablo-de-olavide.jpg\"><img loading=\"lazy\" decoding=\"async\" class=\"aligncenter size-large wp-image-30880195\" src=\"https:\/\/www.upo.es\/diario\/wp-content\/uploads\/2023\/11\/nueva-web-fundacion-universidad-pablo-de-olavide-739x525.jpg\" alt=\"Un usuario ante un port\u00e1til con la nueva web de la Fundaci\u00f3n\" width=\"739\" height=\"525\" srcset=\"https:\/\/www.upo.es\/diario\/wp-content\/uploads\/2023\/11\/nueva-web-fundacion-universidad-pablo-de-olavide-739x525.jpg 739w, https:\/\/www.upo.es\/diario\/wp-content\/uploads\/2023\/11\/nueva-web-fundacion-universidad-pablo-de-olavide-420x298.jpg 420w, https:\/\/www.upo.es\/diario\/wp-content\/uploads\/2023\/11\/nueva-web-fundacion-universidad-pablo-de-olavide-768x546.jpg 768w, https:\/\/www.upo.es\/diario\/wp-content\/uploads\/2023\/11\/nueva-web-fundacion-universidad-pablo-de-olavide-1536x1091.jpg 1536w, https:\/\/www.upo.es\/diario\/wp-content\/uploads\/2023\/11\/nueva-web-fundacion-universidad-pablo-de-olavide-1320x938.jpg 1320w, https:\/\/www.upo.es\/diario\/wp-content\/uploads\/2023\/11\/nueva-web-fundacion-universidad-pablo-de-olavide-95x67.jpg 95w, https:\/\/www.upo.es\/diario\/wp-content\/uploads\/2023\/11\/nueva-web-fundacion-universidad-pablo-de-olavide.jpg 1920w\" sizes=\"auto, (max-width: 739px) 100vw, 739px\" \/><\/a>La Fundaci\u00f3n Universidad Pablo de Olavide ha estrenado durante el mes de noviembre un<a href=\"https:\/\/www.upo.es\/fundacion\/\"><strong> nuevo portal web dise\u00f1ado pensando en la comunidad universitaria<\/strong><\/a> en el que se exponen los diferentes servicios y \u00e1reas de la Fundaci\u00f3n, y donde se han tenido como principales objetivos en su desarrollo:<strong> la accesibilidad, la seguridad, la sencillez y funcionalidad a la hora de navegar<\/strong> por sus diferentes pesta\u00f1as.<\/p>\n<p>Para ello, se han simplificado los men\u00fas y se ha colocado en lugares de mayor visibilidad las distintas actividades y servicios que la Fundaci\u00f3n ofrece. Tambi\u00e9n cobra mayor importancia en esta nueva web el <strong>Portal de Transparencia<\/strong>, que adquiere el mismo peso en el men\u00fa de navegaci\u00f3n que las actividades o la p\u00e1gina de presentaci\u00f3n de la propia Fundaci\u00f3n. Todo ello en l\u00ednea con la b\u00fasqueda de transparencia y rendici\u00f3n de cuentas que tiene como compromiso la Fundaci\u00f3n con la comunidad universitaria.<\/p>\n<p>Por otra parte, se ha apostado tambi\u00e9n en este dise\u00f1o por nuevos colores para la web, que igualmente se expandir\u00e1n al resto de imagen corporativa de la Fundaci\u00f3n, manteniendo como sello de identidad el color azul propio de la Universidad Pablo de Olavide. Estos nuevos colores (verde, coral y azul claro) se integran en la web a trav\u00e9s de los t\u00edtulos, las negritas, los fondos s\u00f3lidos y las ilustraciones.<\/p>\n<p>La nueva p\u00e1gina web, desarrollada por el \u00c1rea de Comunicaci\u00f3n y alojada en los servidores de la Universidad gracias a la colaboraci\u00f3n del Centro de Inform\u00e1tica y Comunicaciones (CIC UPO), se basa en el gestor de contenidos (CMS) WordPress, en su \u00faltima versi\u00f3n. Este CMS, junto a distintas funcionalidades introducidas, aumenta la seguridad de esta nueva web y la convierte en un <em>site<\/em> m\u00e1s estable que su antecesora.<\/p>\n<p>Adem\u00e1s, ha sido dise\u00f1ada pensando en su adaptabilidad a dispositivos m\u00f3viles, para que su usabilidad en tel\u00e9fonos y tabletas sea igual de fluida que en ordenadores. La nueva web, que ya puede visitarse, se encuentra ahora en una segunda etapa de desarrollo, donde se integrar\u00e1n nuevas funcionalidades accesorias, como la gesti\u00f3n de citas previas para los diferentes servicios de la Fundaci\u00f3n o la incorporaci\u00f3n de diversas gestiones que en la actualidad se encuentran descentralizadas.<\/p>\n<p>Para conocer el nuevo portal web: <a href=\"http:\/\/www.upo.es\/fundacion\">www.upo.es\/fundacion<\/a>.<\/p>\n<p>Fuente: Fundaci\u00f3n Universidad Pablo de Olavide<\/p>\n","protected":false},"excerpt":{"rendered":"<p>La Fundaci\u00f3n Universidad Pablo de Olavide ha estrenado durante el mes de noviembre un nuevo portal web dise\u00f1ado pensando en la comunidad universitaria en el que se exponen los diferentes servicios y \u00e1reas de la Fundaci\u00f3n, y donde se han tenido como objetivos en su desarrollo: la accesibilidad, la seguridad, la sencillez y la funcionalidad a la hora de navegar por sus diferentes pesta\u00f1as.<\/p>\n","protected":false},"author":6,"featured_media":30880195,"comment_status":"closed","ping_status":"open","sticky":false,"template":"","format":"standard","meta":{"_monsterinsights_skip_tracking":false,"_monsterinsights_sitenote_active":false,"_monsterinsights_sitenote_note":"","_monsterinsights_sitenote_category":0,"footnotes":""},"categories":[5842],"tags":[424,2474,802],"class_list":["post-30880193","post","type-post","status-publish","format-standard","has-post-thumbnail","hentry","category-comunidad","tag-cic","tag-fundacion-universidad-pablo-de-olavide","tag-web"],"_links":{"self":[{"href":"https:\/\/www.upo.es\/diario\/wp-json\/wp\/v2\/posts\/30880193","targetHints":{"allow":["GET"]}}],"collection":[{"href":"https:\/\/www.upo.es\/diario\/wp-json\/wp\/v2\/posts"}],"about":[{"href":"https:\/\/www.upo.es\/diario\/wp-json\/wp\/v2\/types\/post"}],"author":[{"embeddable":true,"href":"https:\/\/www.upo.es\/diario\/wp-json\/wp\/v2\/users\/6"}],"replies":[{"embeddable":true,"href":"https:\/\/www.upo.es\/diario\/wp-json\/wp\/v2\/comments?post=30880193"}],"version-history":[{"count":2,"href":"https:\/\/www.upo.es\/diario\/wp-json\/wp\/v2\/posts\/30880193\/revisions"}],"predecessor-version":[{"id":30880196,"href":"https:\/\/www.upo.es\/diario\/wp-json\/wp\/v2\/posts\/30880193\/revisions\/30880196"}],"wp:featuredmedia":[{"embeddable":true,"href":"https:\/\/www.upo.es\/diario\/wp-json\/wp\/v2\/media\/30880195"}],"wp:attachment":[{"href":"https:\/\/www.upo.es\/diario\/wp-json\/wp\/v2\/media?parent=30880193"}],"wp:term":[{"taxonomy":"category","embeddable":true,"href":"https:\/\/www.upo.es\/diario\/wp-json\/wp\/v2\/categories?post=30880193"},{"taxonomy":"post_tag","embeddable":true,"href":"https:\/\/www.upo.es\/diario\/wp-json\/wp\/v2\/tags?post=30880193"}],"curies":[{"name":"wp","href":"https:\/\/api.w.org\/{rel}","templated":true}]}}