{"id":30880229,"date":"2023-11-10T13:46:11","date_gmt":"2023-11-10T12:46:11","guid":{"rendered":"https:\/\/www.upo.es\/diario\/?p=30880229"},"modified":"2023-11-13T10:58:12","modified_gmt":"2023-11-13T09:58:12","slug":"la-viii-reunion-de-profesorado-de-derecho-financiero-reune-en-la-upo-a-casi-200-participantes-de-todas-las-universidades-espanolas","status":"publish","type":"post","link":"https:\/\/www.upo.es\/diario\/docencia-formacion\/2023\/11\/la-viii-reunion-de-profesorado-de-derecho-financiero-reune-en-la-upo-a-casi-200-participantes-de-todas-las-universidades-espanolas\/","title":{"rendered":"La Reuni\u00f3n de profesorado de Derecho Financiero congrega en la UPO a 200 participantes de todas las universidades espa\u00f1olas"},"content":{"rendered":"<p><a href=\"https:\/\/www.upo.es\/diario\/wp-content\/uploads\/2023\/11\/Cong-Dcho-Financiero-2-scaled.jpg\"><img loading=\"lazy\" decoding=\"async\" class=\"aligncenter size-full wp-image-30880230\" src=\"https:\/\/www.upo.es\/diario\/wp-content\/uploads\/2023\/11\/Cong-Dcho-Financiero-2-scaled.jpg\" alt=\"\" width=\"2560\" height=\"1707\" srcset=\"https:\/\/www.upo.es\/diario\/wp-content\/uploads\/2023\/11\/Cong-Dcho-Financiero-2-scaled.jpg 2560w, https:\/\/www.upo.es\/diario\/wp-content\/uploads\/2023\/11\/Cong-Dcho-Financiero-2-420x280.jpg 420w, https:\/\/www.upo.es\/diario\/wp-content\/uploads\/2023\/11\/Cong-Dcho-Financiero-2-2048x1365.jpg 2048w\" sizes=\"auto, (max-width: 2560px) 100vw, 2560px\" \/><\/a><\/p>\n<p>El rector, <strong>Francisco Oliva Bl\u00e1zquez<\/strong>, ha presentado en el Paraninfo la segunda jornada de la <a href=\"https:\/\/reunion.rpdft.org\/\">VIII Reuni\u00f3n de la Red de Profesores de Derecho Financiero y Tributario<\/a> que organiza la entidad en colaboraci\u00f3n con la Universidad Pablo de Olavide y la Universidad de Sevilla y que comenz\u00f3 ayer en el Sal\u00f3n de Actos de la Facultad de Derecho de la US <strong>con la participaci\u00f3n de casi 200 congresistas<\/strong>.<\/p>\n<p>En la primera mesa de la sesi\u00f3n, han participado tambi\u00e9n la decana de la Facultad de Derecho de la UPO, <strong>Mar\u00eda Serrano Fern\u00e1ndez<\/strong>; el profesor em\u00e9rito de Derecho Financiero y Tributario, <strong>Javier Lasarte \u00c1lvarez<\/strong>; y el profesor del \u00c1rea de Derecho Financiero y Tributario de la UPO <strong>Jes\u00fas Ramos Prieto<\/strong>, que es codirector de este foro junto con el profesor <strong>Flori\u00e1n Garc\u00eda Berro<\/strong> de la Universidad de Sevilla.<\/p>\n<p>Francisco Oliva ha destacado la importancia de estos encuentros \u201cpara pensar sobre el futuro de la disciplina\u201d, en este caso el Derecho financiero y tributario; y ha destacado como tem\u00e1tica de la reuni\u00f3n la mesa redonda sobre la evaluaci\u00f3n y acreditaci\u00f3n del profesorado y su actividad investigadora: \u201cEl profesorado no solo nos debemos a nuestra disciplina, sino que debemos pensar en la universidad como instituci\u00f3n y en los retos que afronta\u201d. En concreto, se ha referido al hecho de que \u201cen estos momentos, la evaluaci\u00f3n de la investigaci\u00f3n est\u00e1 en boca de la sociedad y los medios de comunicaci\u00f3n por ser un sistema excesivamente cuantitativo\u201d, donde ha hecho referencia a las falsas afiliaciones a universidades y al exceso de producci\u00f3n.<\/p>\n<figure id=\"attachment_30880231\" aria-describedby=\"caption-attachment-30880231\" style=\"width: 420px\" class=\"wp-caption alignright\"><a href=\"https:\/\/www.upo.es\/diario\/wp-content\/uploads\/2023\/11\/Cong-Dcho-Financiero-1-scaled.jpg\"><img loading=\"lazy\" decoding=\"async\" class=\"size-medium wp-image-30880231\" src=\"https:\/\/www.upo.es\/diario\/wp-content\/uploads\/2023\/11\/Cong-Dcho-Financiero-1-420x236.jpg\" alt=\"\" width=\"420\" height=\"236\" srcset=\"https:\/\/www.upo.es\/diario\/wp-content\/uploads\/2023\/11\/Cong-Dcho-Financiero-1-420x236.jpg 420w, https:\/\/www.upo.es\/diario\/wp-content\/uploads\/2023\/11\/Cong-Dcho-Financiero-1-750x422.jpg 750w, https:\/\/www.upo.es\/diario\/wp-content\/uploads\/2023\/11\/Cong-Dcho-Financiero-1-768x432.jpg 768w, https:\/\/www.upo.es\/diario\/wp-content\/uploads\/2023\/11\/Cong-Dcho-Financiero-1-2048x1152.jpg 2048w\" sizes=\"auto, (max-width: 420px) 100vw, 420px\" \/><\/a><figcaption id=\"caption-attachment-30880231\" class=\"wp-caption-text\">Javier Lasarte, Mar\u00eda Serrano, Francisco Oliva y Jes\u00fas Ramos<\/figcaption><\/figure>\n<p>Durante las cuatro mesas redondas que recoge el programa del encuentro, se han abordado, adem\u00e1s, tem\u00e1ticas como la situaci\u00f3n de los derechos de las personas contribuyentes a veinte a\u00f1os de la Ley General Tributaria; la Hacienda europea y la de los Estados miembros respecto al gasto p\u00fablico.<\/p>\n<p>La Red de Profesores de Derecho Financiero y Tributario (RPDFT) es una asociaci\u00f3n de \u00e1mbito nacional que agrupa a profesorado y personal investigador de la materia de todas las universidades espa\u00f1olas. Esta reuni\u00f3n, de car\u00e1cter bianual, ha celebrado tambi\u00e9n la asamblea de la entidad y la entrega del II Premio de Tesis Doctoral RPDFT, que se ha otorgado a <strong>Benjam\u00edn Sevilla Bernab\u00e9u<\/strong>.<\/p>\n","protected":false},"excerpt":{"rendered":"<p>El rector, Francisco Oliva Bl\u00e1zquez, ha presentado en el Paraninfo la segunda jornada de la VIII Reuni\u00f3n de la Red de Profesores de Derecho Financiero y Tributario que organiza la entidad en colaboraci\u00f3n con la Universidad Pablo de Olavide y la Universidad de Sevilla y que comenz\u00f3 ayer en el Sal\u00f3n de Actos de la Facultad de Derecho de la US con la participaci\u00f3n de casi 200 congresistas.<\/p>\n","protected":false},"author":14,"featured_media":30880230,"comment_status":"closed","ping_status":"open","sticky":false,"template":"","format":"standard","meta":{"_monsterinsights_skip_tracking":false,"_monsterinsights_sitenote_active":false,"_monsterinsights_sitenote_note":"","_monsterinsights_sitenote_category":0,"footnotes":""},"categories":[2779],"tags":[354,87,7284,2645,4224,199,8639],"class_list":["post-30880229","post","type-post","status-publish","format-standard","has-post-thumbnail","hentry","category-docencia-formacion","tag-congreso","tag-derecho","tag-derecho-financiero-y-tributario","tag-divulgacion-cientifica","tag-investigacion-cientifica","tag-profesorado","tag-rpdft"],"_links":{"self":[{"href":"https:\/\/www.upo.es\/diario\/wp-json\/wp\/v2\/posts\/30880229","targetHints":{"allow":["GET"]}}],"collection":[{"href":"https:\/\/www.upo.es\/diario\/wp-json\/wp\/v2\/posts"}],"about":[{"href":"https:\/\/www.upo.es\/diario\/wp-json\/wp\/v2\/types\/post"}],"author":[{"embeddable":true,"href":"https:\/\/www.upo.es\/diario\/wp-json\/wp\/v2\/users\/14"}],"replies":[{"embeddable":true,"href":"https:\/\/www.upo.es\/diario\/wp-json\/wp\/v2\/comments?post=30880229"}],"version-history":[{"count":6,"href":"https:\/\/www.upo.es\/diario\/wp-json\/wp\/v2\/posts\/30880229\/revisions"}],"predecessor-version":[{"id":30880237,"href":"https:\/\/www.upo.es\/diario\/wp-json\/wp\/v2\/posts\/30880229\/revisions\/30880237"}],"wp:featuredmedia":[{"embeddable":true,"href":"https:\/\/www.upo.es\/diario\/wp-json\/wp\/v2\/media\/30880230"}],"wp:attachment":[{"href":"https:\/\/www.upo.es\/diario\/wp-json\/wp\/v2\/media?parent=30880229"}],"wp:term":[{"taxonomy":"category","embeddable":true,"href":"https:\/\/www.upo.es\/diario\/wp-json\/wp\/v2\/categories?post=30880229"},{"taxonomy":"post_tag","embeddable":true,"href":"https:\/\/www.upo.es\/diario\/wp-json\/wp\/v2\/tags?post=30880229"}],"curies":[{"name":"wp","href":"https:\/\/api.w.org\/{rel}","templated":true}]}}