{"id":30880238,"date":"2023-11-09T19:42:01","date_gmt":"2023-11-09T18:42:01","guid":{"rendered":"https:\/\/www.upo.es\/diario\/?p=30880238"},"modified":"2023-11-13T09:43:09","modified_gmt":"2023-11-13T08:43:09","slug":"la-nueva-edicion-del-programa-inicia-t-olavide-oferta-mas-de-70-practicas-en-empresa-para-estudiantes-de-grado-y-postgrado-de-la-upo","status":"publish","type":"post","link":"https:\/\/www.upo.es\/diario\/comunidad\/2023\/11\/la-nueva-edicion-del-programa-inicia-t-olavide-oferta-mas-de-70-practicas-en-empresa-para-estudiantes-de-grado-y-postgrado-de-la-upo\/","title":{"rendered":"La nueva edici\u00f3n del programa Inicia-T Olavide oferta m\u00e1s de 70 pr\u00e1cticas en empresa para estudiantes de grado y postgrado de la UPO"},"content":{"rendered":"<p><img loading=\"lazy\" decoding=\"async\" class=\"aligncenter size-large wp-image-30880240\" src=\"https:\/\/www.upo.es\/diario\/wp-content\/uploads\/2023\/11\/programa-iniciaT-1398x785-1-750x421.jpg\" alt=\"IniciaT Olavide\" width=\"750\" height=\"421\" srcset=\"https:\/\/www.upo.es\/diario\/wp-content\/uploads\/2023\/11\/programa-iniciaT-1398x785-1-750x421.jpg 750w, https:\/\/www.upo.es\/diario\/wp-content\/uploads\/2023\/11\/programa-iniciaT-1398x785-1-420x236.jpg 420w, https:\/\/www.upo.es\/diario\/wp-content\/uploads\/2023\/11\/programa-iniciaT-1398x785-1-768x431.jpg 768w, https:\/\/www.upo.es\/diario\/wp-content\/uploads\/2023\/11\/programa-iniciaT-1398x785-1-1320x742.jpg 1320w, https:\/\/www.upo.es\/diario\/wp-content\/uploads\/2023\/11\/programa-iniciaT-1398x785-1.jpg 1399w\" sizes=\"auto, (max-width: 750px) 100vw, 750px\" \/>La Universidad Pablo de Olavide ha lanzado una nueva edici\u00f3n del programa de pr\u00e1cticas en empresa <strong>Inicia-T Olavide, un programa de pr\u00e1cticas extracurriculares remuneradas dirigido a sus estudiantes de \u00faltimos cursos de grado y de postgrado<\/strong>. En concreto, en esta edici\u00f3n, que cuenta <strong>con la colaboraci\u00f3n del Banco Santander<\/strong>, se ofertan m\u00e1s de 70 pr\u00e1cticas con una duraci\u00f3n de entre dos y seis meses.<\/p>\n<p>Las ofertas que estar\u00e1n publicadas hasta el pr\u00f3ximo martes, 14 de noviembre, van dirigidas a una amplia variedad de grados y postgrados de la Universidad Pablo de Olavide: Administraci\u00f3n y Direcci\u00f3n de Empresas, Finanzas y Contabilidad, Derecho, Traducci\u00f3n e Interpretaci\u00f3n, Biotecnolog\u00eda, Trabajo Social y Educaci\u00f3n Social o Ciencias Ambientales, entre otros, as\u00ed como diferentes estudios de M\u00e1ster. Los estudiantes recibir\u00e1n 500 euros mensuales, la mitad abonada por la empresa en la que se realiza las pr\u00e1cticas y la otra mitad a cargo de la universidad.<\/p>\n<p>Para poder participar en esta convocatoria, todas las personas interesadas deben registrarse en \u00cdCARO (icaro.ual.es\/upo), as\u00ed como en la plataforma del Banco Santander (<a href=\"https:\/\/www.becas-santander.com\/es\/index.html\">https:\/\/www.becas-santander.com\/es\/index.html<\/a>). Una vez registradas, podr\u00e1n inscribirse en aquellas pr\u00e1cticas Inicia-T Olavide que le interesen y en las que se demande su titulaci\u00f3n.<\/p>\n<p>Todas las pr\u00e1cticas tendr\u00e1n una <strong>jornada semanal de 25 horas<\/strong>, quedando el horario establecido de com\u00fan acuerdo entre la empresa y la persona que realiza las pr\u00e1cticas y siempre debe ser un horario compatible con la actividad acad\u00e9mica o formativa. Adem\u00e1s, durante todo el periodo de pr\u00e1cticas el estudiante estar\u00e1 cubierto por un seguro de accidentes y responsabilidad civil que abonar\u00e1 la Fundaci\u00f3n Universidad Pablo de Olavide, encargada de la gesti\u00f3n de las mismas.<\/p>\n<p>La incorporaci\u00f3n a las pr\u00e1cticas, que no suponen vinculaci\u00f3n contractual con las empresas, se realizar\u00e1 seg\u00fan la fecha solicitada por la empresa. Para cualquier duda o consulta sobre el programa Inicia-T Olavide las personas interesadas podr\u00e1n escribir a <a href=\"mailto:practicas@fundacion.upo.es\">practicas@fundacion.upo.es<\/a>.<\/p>\n","protected":false},"excerpt":{"rendered":"<p>La Universidad Pablo de Olavide ha lanzado una nueva edici\u00f3n del programa de pr\u00e1cticas en empresa Inicia-T Olavide, un programa de pr\u00e1cticas extracurriculares remuneradas dirigido a sus estudiantes de \u00faltimos cursos de grado y de postgrado. En concreto, en esta edici\u00f3n, que cuenta con la colaboraci\u00f3n del Banco Santander, se ofertan m\u00e1s de 70 pr\u00e1cticas con una duraci\u00f3n de entre dos y seis meses. <\/p>\n","protected":false},"author":6,"featured_media":30880240,"comment_status":"closed","ping_status":"open","sticky":false,"template":"","format":"standard","meta":{"_monsterinsights_skip_tracking":false,"_monsterinsights_sitenote_active":false,"_monsterinsights_sitenote_note":"","_monsterinsights_sitenote_category":0,"footnotes":""},"categories":[5842],"tags":[4180,1059,21,2474,65],"class_list":["post-30880238","post","type-post","status-publish","format-standard","has-post-thumbnail","hentry","category-comunidad","tag-empleabilidad-y-emprendimiento","tag-empresas","tag-estudiantes","tag-fundacion-universidad-pablo-de-olavide","tag-practicas"],"_links":{"self":[{"href":"https:\/\/www.upo.es\/diario\/wp-json\/wp\/v2\/posts\/30880238","targetHints":{"allow":["GET"]}}],"collection":[{"href":"https:\/\/www.upo.es\/diario\/wp-json\/wp\/v2\/posts"}],"about":[{"href":"https:\/\/www.upo.es\/diario\/wp-json\/wp\/v2\/types\/post"}],"author":[{"embeddable":true,"href":"https:\/\/www.upo.es\/diario\/wp-json\/wp\/v2\/users\/6"}],"replies":[{"embeddable":true,"href":"https:\/\/www.upo.es\/diario\/wp-json\/wp\/v2\/comments?post=30880238"}],"version-history":[{"count":2,"href":"https:\/\/www.upo.es\/diario\/wp-json\/wp\/v2\/posts\/30880238\/revisions"}],"predecessor-version":[{"id":30880241,"href":"https:\/\/www.upo.es\/diario\/wp-json\/wp\/v2\/posts\/30880238\/revisions\/30880241"}],"wp:featuredmedia":[{"embeddable":true,"href":"https:\/\/www.upo.es\/diario\/wp-json\/wp\/v2\/media\/30880240"}],"wp:attachment":[{"href":"https:\/\/www.upo.es\/diario\/wp-json\/wp\/v2\/media?parent=30880238"}],"wp:term":[{"taxonomy":"category","embeddable":true,"href":"https:\/\/www.upo.es\/diario\/wp-json\/wp\/v2\/categories?post=30880238"},{"taxonomy":"post_tag","embeddable":true,"href":"https:\/\/www.upo.es\/diario\/wp-json\/wp\/v2\/tags?post=30880238"}],"curies":[{"name":"wp","href":"https:\/\/api.w.org\/{rel}","templated":true}]}}