{"id":30880296,"date":"2023-11-15T14:16:21","date_gmt":"2023-11-15T13:16:21","guid":{"rendered":"https:\/\/www.upo.es\/diario\/?p=30880296"},"modified":"2023-11-17T12:07:54","modified_gmt":"2023-11-17T11:07:54","slug":"la-upo-colabora-en-un-proyecto-de-robotica-social-en-el-hospital-universitario-virgen-del-rocio","status":"publish","type":"post","link":"https:\/\/www.upo.es\/diario\/ciencia\/2023\/11\/la-upo-colabora-en-un-proyecto-de-robotica-social-en-el-hospital-universitario-virgen-del-rocio\/","title":{"rendered":"La UPO colabora en un proyecto de rob\u00f3tica social en el Hospital Universitario Virgen del Roc\u00edo"},"content":{"rendered":"<figure id=\"attachment_30880297\" aria-describedby=\"caption-attachment-30880297\" style=\"width: 750px\" class=\"wp-caption aligncenter\"><a href=\"https:\/\/www.upo.es\/diario\/wp-content\/uploads\/2023\/11\/IMG_7100-scaled.jpg\"><img loading=\"lazy\" decoding=\"async\" class=\"wp-image-30880297 size-large\" src=\"https:\/\/www.upo.es\/diario\/wp-content\/uploads\/2023\/11\/IMG_7100-scaled-e1700057134281-750x478.jpg\" alt=\"De izquierda a derecha, Gabriel Amores, Gloria \u00c1lvarez, Manuel Mu\u00f1oz, Catalina M\u00e1rquez, Luis Merino y Guillermo P\u00e9rez.\" width=\"750\" height=\"478\" srcset=\"https:\/\/www.upo.es\/diario\/wp-content\/uploads\/2023\/11\/IMG_7100-scaled-e1700057134281-750x478.jpg 750w, https:\/\/www.upo.es\/diario\/wp-content\/uploads\/2023\/11\/IMG_7100-scaled-e1700057134281-420x268.jpg 420w, https:\/\/www.upo.es\/diario\/wp-content\/uploads\/2023\/11\/IMG_7100-scaled-e1700057134281-768x490.jpg 768w, https:\/\/www.upo.es\/diario\/wp-content\/uploads\/2023\/11\/IMG_7100-scaled-e1700057134281-1536x979.jpg 1536w, https:\/\/www.upo.es\/diario\/wp-content\/uploads\/2023\/11\/IMG_7100-scaled-e1700057134281-2048x1306.jpg 2048w, https:\/\/www.upo.es\/diario\/wp-content\/uploads\/2023\/11\/IMG_7100-scaled-e1700057134281-1320x842.jpg 1320w\" sizes=\"auto, (max-width: 750px) 100vw, 750px\" \/><\/a><figcaption id=\"caption-attachment-30880297\" class=\"wp-caption-text\">De izquierda a derecha, Gabriel Amores, Gloria \u00c1lvarez, Manuel Mu\u00f1oz, Catalina M\u00e1rquez, Luis Merino y Guillermo P\u00e9rez.<\/figcaption><\/figure>\n<p>El robot Curro, el \u00faltimo dise\u00f1o humanoide que ha dado vida a la planta de Oncohematolog\u00eda Pedi\u00e1trica del <strong>Hospital Universitario Virgen del Roc\u00edo<\/strong> en los \u00faltimos a\u00f1os, dar\u00e1 paso a un nuevo prototipo que se est\u00e1 dise\u00f1ando junto a la <strong>Asociaci\u00f3n Espa\u00f1ola para los Efectos del Tratamiento del C\u00e1ncer<\/strong> (ETC); investigadores de la <strong>Universidad Pablo de Olavide<\/strong> y la <strong>Universidad de Sevilla<\/strong>; y la <strong>empresa tecnol\u00f3gica sevillana 4i<\/strong>. El nuevo modelo, <strong>Haru<\/strong>, se presentar\u00e1 el pr\u00f3ximo 23 de noviembre en la gala anual que la asociaci\u00f3n celebrar\u00e1 en el Hogar Virgen de los Reyes.<\/p>\n<p>Se trata de un prototipo de robot dise\u00f1ado por <strong>Honda Research Institute<\/strong> (HRI) que integra las directrices de UNICEF relativas al uso de inteligencia artificial para ni\u00f1os. El objetivo es que Haru sea un robot socialmente inteligente capaz de detectar y procesar se\u00f1ales sociales y emocionales humanas para luego dar respuesta a estos comportamientos de una manera apropiada para el desarrollo de los ni\u00f1os y ni\u00f1as, creando conversaci\u00f3n, juego y aprendizaje.<\/p>\n<figure id=\"attachment_30880298\" aria-describedby=\"caption-attachment-30880298\" style=\"width: 397px\" class=\"wp-caption alignright\"><a href=\"https:\/\/www.upo.es\/diario\/wp-content\/uploads\/2023\/11\/Haru-03.jpeg\"><img loading=\"lazy\" decoding=\"async\" class=\"size-medium wp-image-30880298\" src=\"https:\/\/www.upo.es\/diario\/wp-content\/uploads\/2023\/11\/Haru-03-397x420.jpeg\" alt=\"\" width=\"397\" height=\"420\" srcset=\"https:\/\/www.upo.es\/diario\/wp-content\/uploads\/2023\/11\/Haru-03-397x420.jpeg 397w, https:\/\/www.upo.es\/diario\/wp-content\/uploads\/2023\/11\/Haru-03-497x525.jpeg 497w, https:\/\/www.upo.es\/diario\/wp-content\/uploads\/2023\/11\/Haru-03-768x812.jpeg 768w, https:\/\/www.upo.es\/diario\/wp-content\/uploads\/2023\/11\/Haru-03.jpeg 874w\" sizes=\"auto, (max-width: 397px) 100vw, 397px\" \/><\/a><figcaption id=\"caption-attachment-30880298\" class=\"wp-caption-text\">Imagen del prototipo robot Haru.<\/figcaption><\/figure>\n<p>El <strong>Service Robotics Laboratory<\/strong> de la Universidad Pablo de Olavide, dirigido por el profesor del \u00c1rea de Ingenier\u00eda de Sistemas y Autom\u00e1tica, <strong>Luis Merino Caba\u00f1as<\/strong>, lleva colaborando con el HRI desde finales del a\u00f1o 2017 en el desarrollo del robot Haru. \u201cLos cuidados y la salud son \u00e1mbitos en los que la rob\u00f3tica social puede tener un gran impacto. Es por ello que esta colaboraci\u00f3n en el marco de la oncolog\u00eda pedi\u00e1trica es tan interesante para nuestro grupo de investigaci\u00f3n\u201d, afirma el profesor de la UPO.<\/p>\n<p>Adem\u00e1s del prototipo f\u00edsico, se ha dise\u00f1ado un simulador o avatar virtual que se implementa en un iPad, lo cual permite que puedan seguir utilizando las aplicaciones en casa y, adem\u00e1s, de esa forma, se puede usar por mayor n\u00famero de ni\u00f1os y ni\u00f1as.<\/p>\n<p>Hasta el momento, el robot Haru tiene capacidad para contar cuentos, mantiene conversaciones sobre diferentes temas, cuenta chistes, hace juegos con los ni\u00f1os y ni\u00f1as (actividades de estimulaci\u00f3n cognitiva), les ayuda a aprender sobre diferentes materias, repasa los temas de diferentes asignaturas con divertidos juegos de pasapalabra.<\/p>\n<p>Todas estas ventajas han sido puestas en valor en rueda de prensa hoy, dirigida por el director gerente del hospital, <strong>Manuel Molina<\/strong>; junto a la directora de la unidad de Pediatr\u00eda, <strong>Catalina M\u00e1rquez<\/strong>; la presidenta de la Asociaci\u00f3n ETC <strong>Gloria \u00c1lvarez Benito<\/strong>; el director del grupo de investigaci\u00f3n de Rob\u00f3tica Social de la Universidad Pablo de Olavide, <strong>Luis Merino<\/strong>; el investigador principal del grupo Julietta de ling\u00fc\u00edstica computacional de la Universidad de Sevilla, <strong>Gabriel Amores<\/strong>; y el CEO de la empresa tecnol\u00f3gica sevillana 4i, <strong>Guillermo P\u00e9rez<\/strong>.<\/p>\n<h3><strong>Unos 80 casos nuevos de c\u00e1ncer al a\u00f1o<\/strong><\/h3>\n<p>Cada a\u00f1o se diagnostican unos 80 nuevos casos de c\u00e1ncer infantil en el Hospital Universitario Virgen del Roc\u00edo. En concreto, los profesionales de la Unidad de Oncohematolog\u00eda Pedi\u00e1trica asisten m\u00e1s de 2.750 consultas y 750 ingresos en la planta motivados por el c\u00e1ncer infantil. En concreto, atienden m\u00e1s de 600 sesiones de quimioterapia oncol\u00f3gica, 300 sesiones de tratamiento citost\u00e1tico hematol\u00f3gico, 185 biopsias o aspirados de m\u00e9dula y 150 terapias intratecales.<\/p>\n<p>Los avances en los procedimientos diagn\u00f3sticos y tratamientos del c\u00e1ncer han posibilitado una mayor supervivencia. Cada vez el diagn\u00f3stico es m\u00e1s precoz, los tratamientos son m\u00e1s personalizados y eficaces. Se estima seg\u00fan el registro espa\u00f1ol de tumores infantiles (RETI) que el 80% de los ni\u00f1os oncol\u00f3gicos sobrevivir\u00e1n a la enfermedad.<\/p>\n<p>A medida que ha ido aumentando la esperanza de vida en la poblaci\u00f3n infantil diagnosticada con c\u00e1ncer, se han descubierto tambi\u00e9n importantes efectos secundarios a largo plazo que limitan de manera significativa su calidad de vida: efectos cognitivos, f\u00edsicos, emocionales y, en consecuencia, sociales.<\/p>\n<p>El deterioro neurocognitivo puede provocar d\u00e9ficit de atenci\u00f3n, memoria, s\u00edntesis, capacidad espacio-visual, lenguaje, entre otras Adem\u00e1s dicho deterioro cognitivo repercute directamente en aspectos psicol\u00f3gicos y sociales de la vida diaria del paciente, que pueden hacer que se a\u00edsle del resto de ni\u00f1os e incluso pueden provocar exclusi\u00f3n social. La evaluaci\u00f3n y la rehabilitaci\u00f3n precoz de dichos deterioros suponen un reto y es fundamental para la recuperaci\u00f3n de las diferentes capacidades afectadas.<\/p>\n<p>Ante ese reto se cre\u00f3 la Asociaci\u00f3n ETC, sin \u00e1nimo de lucro, formada por padres y madres de ni\u00f1os y ni\u00f1as con c\u00e1ncer cuyo objetivo fundamental es ayudar a superar las secuelas que les ha provocado el tratamiento oncol\u00f3gico. Tiene su sede central en Sevilla. Su nombre alude a que despu\u00e9s del tratamiento oncol\u00f3gico, lejos de terminar la lucha contra la enfermedad, viene un largo ETC, las siglas de Efectos del Tratamiento del C\u00e1ncer.<\/p>\n<p>Paralelamente, en Sevilla y otros pa\u00edses existen grupos de investigaci\u00f3n, instituciones y empresas que desde numerosos pa\u00edses est\u00e1n trabajando de modo coordinado a tal fin, aunando conocimientos y experiencias desde diferentes disciplinas: rob\u00f3tica, inteligencia artificial, gesti\u00f3n de di\u00e1logo, ling\u00fc\u00edstica computacional, psicolog\u00eda, \u00e9tica.<\/p>\n<p>De hecho, en la planta de Oncohematolog\u00eda se han testado varios prototipos para las tareas de estimulaci\u00f3n y rehabilitaci\u00f3n cognitiva de ni\u00f1os y ni\u00f1as que est\u00e1n recibiendo tratamiento oncol\u00f3gico y no pueden asistir regularmente al colegio. Como apoyo tanto para su formaci\u00f3n como para facilitar la labor de m\u00e9dicos y enfermer\u00eda.<\/p>\n<h3><strong>Actividades en la gala, apoyada por numerosas entidades<\/strong><\/h3>\n<p>La gala del c\u00e1ncer infantil, que se celebra el 23 de noviembre a las 20:00, dar\u00e1 cuenta de toda esta informaci\u00f3n a autoridades, profesionales sanitarios, investigadores universitarios, representantes de empresas colaboradoras, familias con ni\u00f1os y adolescentes que est\u00e1n superando el c\u00e1ncer. Presentada por Reyes Calvillo, periodista de Canal Sur, estar\u00e1 amenizada por la escuela de baile flamenco de Jos\u00e9 Galv\u00e1n y por m\u00fasicos de jazz de la Asociaci\u00f3n Assejazz. El c\u00f3ctel-cena ser\u00e1 servido por Catering Guadalquivir. Al final del acto se har\u00e1n sorteos de regalos.<\/p>\n<p>El precio de la entrada, que es de car\u00e1cter solidario y est\u00e1 destinado a estas investigaciones, es de 40 euros. Para m\u00e1s informaci\u00f3n est\u00e1 el email info@asociacionetc.org.<\/p>\n<p>En la gala, adem\u00e1s de las instituciones, entidades y empresas citadas, tambi\u00e9n colaboran Ayuntamiento de Sevilla, Sevilla F.C., Real Betis, Nuria Cobo, Farmacia D\u00edaz Arca y Ross\u00e9.<\/p>\n<h3><strong>Fuente:<\/strong><\/h3>\n<p><a href=\"https:\/\/hospitaluvrocio.es\/\">Hospital Universitario Virgen del Roc\u00edo<\/a><\/p>\n","protected":false},"excerpt":{"rendered":"<p>La Asociaci\u00f3n Espa\u00f1ola para los Efectos del Tratamiento del C\u00e1ncer promueve un prototipo de robot que pilotar\u00e1 el hospital sevillano, gracias al trabajo colaborativo de investigadores de la Universidad Pablo de Olavide y Universidad de Sevilla; y la empresa tecnol\u00f3gica sevillana 4i.<\/p>\n","protected":false},"author":2,"featured_media":30880297,"comment_status":"closed","ping_status":"open","sticky":false,"template":"","format":"standard","meta":{"_monsterinsights_skip_tracking":false,"_monsterinsights_sitenote_active":false,"_monsterinsights_sitenote_note":"","_monsterinsights_sitenote_category":0,"footnotes":""},"categories":[3],"tags":[8648,8649,8647,991,5531,5532],"class_list":["post-30880296","post","type-post","status-publish","format-standard","has-post-thumbnail","hentry","category-ciencia","tag-asociacion-espanola-para-los-efectos-del-tratamiento-del-cancer","tag-honda-research-institute","tag-hospital-universitario-virgen-del-rocio","tag-robotica","tag-robotica-social","tag-service-robotics-laboratory"],"_links":{"self":[{"href":"https:\/\/www.upo.es\/diario\/wp-json\/wp\/v2\/posts\/30880296","targetHints":{"allow":["GET"]}}],"collection":[{"href":"https:\/\/www.upo.es\/diario\/wp-json\/wp\/v2\/posts"}],"about":[{"href":"https:\/\/www.upo.es\/diario\/wp-json\/wp\/v2\/types\/post"}],"author":[{"embeddable":true,"href":"https:\/\/www.upo.es\/diario\/wp-json\/wp\/v2\/users\/2"}],"replies":[{"embeddable":true,"href":"https:\/\/www.upo.es\/diario\/wp-json\/wp\/v2\/comments?post=30880296"}],"version-history":[{"count":2,"href":"https:\/\/www.upo.es\/diario\/wp-json\/wp\/v2\/posts\/30880296\/revisions"}],"predecessor-version":[{"id":30880310,"href":"https:\/\/www.upo.es\/diario\/wp-json\/wp\/v2\/posts\/30880296\/revisions\/30880310"}],"wp:featuredmedia":[{"embeddable":true,"href":"https:\/\/www.upo.es\/diario\/wp-json\/wp\/v2\/media\/30880297"}],"wp:attachment":[{"href":"https:\/\/www.upo.es\/diario\/wp-json\/wp\/v2\/media?parent=30880296"}],"wp:term":[{"taxonomy":"category","embeddable":true,"href":"https:\/\/www.upo.es\/diario\/wp-json\/wp\/v2\/categories?post=30880296"},{"taxonomy":"post_tag","embeddable":true,"href":"https:\/\/www.upo.es\/diario\/wp-json\/wp\/v2\/tags?post=30880296"}],"curies":[{"name":"wp","href":"https:\/\/api.w.org\/{rel}","templated":true}]}}