{"id":30880373,"date":"2023-11-21T11:05:33","date_gmt":"2023-11-21T10:05:33","guid":{"rendered":"https:\/\/www.upo.es\/diario\/?p=30880373"},"modified":"2023-11-24T08:43:19","modified_gmt":"2023-11-24T07:43:19","slug":"una-jornada-sobre-violencia-de-genero-en-la-infancia-y-la-juventud-entre-los-actos-de-la-upo-por-el-25n","status":"publish","type":"post","link":"https:\/\/www.upo.es\/diario\/institucional\/2023\/11\/una-jornada-sobre-violencia-de-genero-en-la-infancia-y-la-juventud-entre-los-actos-de-la-upo-por-el-25n\/","title":{"rendered":"Una jornada sobre violencia de g\u00e9nero en la infancia y la juventud entre los actos de la UPO por el 25N"},"content":{"rendered":"<p><a href=\"https:\/\/www.upo.es\/diario\/wp-content\/uploads\/2023\/11\/Cartel_25N_UPO.jpg\"><img loading=\"lazy\" decoding=\"async\" class=\"alignright size-medium wp-image-30880374\" src=\"https:\/\/www.upo.es\/diario\/wp-content\/uploads\/2023\/11\/Cartel_25N_UPO-297x420.jpg\" alt=\"\" width=\"297\" height=\"420\" srcset=\"https:\/\/www.upo.es\/diario\/wp-content\/uploads\/2023\/11\/Cartel_25N_UPO-297x420.jpg 297w, https:\/\/www.upo.es\/diario\/wp-content\/uploads\/2023\/11\/Cartel_25N_UPO-371x525.jpg 371w, https:\/\/www.upo.es\/diario\/wp-content\/uploads\/2023\/11\/Cartel_25N_UPO-768x1086.jpg 768w, https:\/\/www.upo.es\/diario\/wp-content\/uploads\/2023\/11\/Cartel_25N_UPO-1086x1536.jpg 1086w, https:\/\/www.upo.es\/diario\/wp-content\/uploads\/2023\/11\/Cartel_25N_UPO-1448x2048.jpg 1448w, https:\/\/www.upo.es\/diario\/wp-content\/uploads\/2023\/11\/Cartel_25N_UPO-1320x1867.jpg 1320w, https:\/\/www.upo.es\/diario\/wp-content\/uploads\/2023\/11\/Cartel_25N_UPO.jpg 1754w\" sizes=\"auto, (max-width: 297px) 100vw, 297px\" \/><\/a>El rector de la Universidad Pablo de Olavide, <strong>Francisco Oliva Bl\u00e1zquez<\/strong>, y el delegado del Gobierno en Andaluc\u00eda, <strong>Pedro Fern\u00e1ndez Pe\u00f1alver<\/strong>, inauguran el martes 28 de noviembre a las 10:00 horas en la Sala de Prensa del Rectorado de la UPO la <strong>Jornada \u2018Violencia de G\u00e9nero, Infancia, Adolescencia y Juventud\u2019 <\/strong>con motivo de la conmemoraci\u00f3n del D\u00eda Internacional para la Erradicaci\u00f3n de las Violencias contras las Mujeres el 25 de noviembre.<\/p>\n<p>Organizado por la Unidad de Coordinaci\u00f3n Contra la Violencia Sobre la Mujer y la Delegaci\u00f3n del rector para la Igualdad de G\u00e9nero de la UPO, con la participaci\u00f3n de la Fiscal\u00eda de Sevilla, este foro analizar\u00e1 la necesidad de actuar en la lucha y erradicaci\u00f3n de la violencia de g\u00e9nero hacia las mujeres; estudiar el impacto de todas las violencias de g\u00e9nero en la infancia, adolescencia y juventud; y evaluar las actuales pol\u00edticas p\u00fablicas, su grado de eficacia y las posibles mejoras para una mayor protecci\u00f3n de las mujeres, sus hijos e hijas. Para ello, la jornada cuenta con un panel acad\u00e9mico, otro que contar\u00e1 con representaci\u00f3n de diversos organismos de la Administraci\u00f3n General del Estado y un panel final de estudiantes de la universidad.<\/p>\n<p>La delegada del rector para la Igualdad de G\u00e9nero, <strong>M\u00f3nica Dom\u00ednguez Serrano<\/strong>, ha destacado que, \u00abeste a\u00f1o que celebramos la jornada \u2018Violencia de G\u00e9nero, Infancia, Adolescencia y Juventud\u2019, ponemos el foco en cuestiones como la violencia vicaria y las ciberviolencias y en c\u00f3mo afectan a este segmento de la poblaci\u00f3n especialmente vulnerable\u00bb.<\/p>\n<p>Junto a este acto, la Universidad Pablo de Olavide viene desarrollando desde este lunes y hasta el jueves 23 el <strong>Seminario sobre Prevenci\u00f3n e Intervenci\u00f3n contra la Violencia Sexual con Perspectiva de G\u00e9nero<\/strong> que ha organizado el \u00c1rea de Derecho Penal y que cuenta con la colaboraci\u00f3n del Grupo Interuniversitario e Interdisciplinar de Investigaciones sobre Criminalidad UPO, la Delegaci\u00f3n del rector para la Igualdad de G\u00e9nero, la Oficina para la Igualdad, el Ayuntamiento de Sevilla, las Consejer\u00edas de Inclusi\u00f3n Social y de Justicia de la Junta de Andaluc\u00eda, la Asociaci\u00f3n AMUVI y P\u00e1ginas Violetas.<\/p>\n<p>Por otro lado, este mi\u00e9rcoles comienza la <strong>Jornada \u2018Persona y Proceso Penal: Vulnerabilidad y Violencia de G\u00e9nero\u2019<\/strong> que organiza el Proyecto de Generaci\u00f3n de Conocimiento 2022 del Ministerio de Ciencia e Innovaci\u00f3n DATER (Datos personales e informaci\u00f3n en la era digital: desaf\u00edos en su obtenci\u00f3n y uso en los procesos judiciales y en los procedimientos sancionadores). Inaugura la decana de la Facultad de Derecho de la Universidad Pablo de Olavide, Mar\u00eda Serrano Fern\u00e1ndez, a las 13:00 horas en la Sala de Grados del Edificio 6.<\/p>\n<p>La Facultad de Ciencias Sociales de la UPO tiene previsto este viernes a partir de las 12:00 horas la difusi\u00f3n <em>online<\/em> del video foro de discusi\u00f3n <strong>\u2018Mujeres en la Ciencia. Promoviendo contextos libres de violencia de g\u00e9nero en el \u00e1mbito universitario\u2019<\/strong>, que supone el cierre de la campa\u00f1a \u2018M\u00e1s all\u00e1 de la bata blanca\u2019. De esta forma, se ha analizado los contextos y experiencias que viven las mujeres en la trayectoria investigadora; as\u00ed como propuesto estrategias que favorezcan entornos libres de violencia y una mejora en la promoci\u00f3n de las mujeres en investigaci\u00f3n dentro de las Ciencias Sociales.<\/p>\n<p><strong>\u2018La construcci\u00f3n de una sociedad diversa e inclusiva: Comunicaci\u00f3n y Lenguaje\u2019<\/strong> es el t\u00edtulo de la actividad organizada por el Vicerrectorado de Cultura y Pol\u00edticas Sociales y la Delegaci\u00f3n del rector para la Igualdad de G\u00e9nero junto con la Fundaci\u00f3n Manolita Chen, que tendr\u00e1 lugar el lunes 27 en la Sala de Grados de la Biblioteca \/CRAI. Las conferencias concluyen con un encuentro intergeneracional en el que participa la propia Manuela Saborido.<\/p>\n<p>Por su parte, la Comisi\u00f3n Feminista del Consejo de Estudiantes de la Universidad Pablo de Olavide (CEUPO) ha organizado varias actividades entre las que destacan una <strong>formaci\u00f3n sobre violencia digital de g\u00e9nero<\/strong>, otra sobre violencia en pareja, un acto simb\u00f3lico en contra de las violencias machistas y feminicidios que tendr\u00e1 lugar los d\u00edas 23 y 24 de noviembre en el Pasaje de la Ilustraci\u00f3n, una campa\u00f1a en redes y la lectura del Manifiesto Feminista.<\/p>\n<h3><strong>La torre de la UPO se ilumina de morado<\/strong><\/h3>\n<p>Con motivo de la conmemoraci\u00f3n del D\u00eda Internacional para la Erradicaci\u00f3n de las Violencias contra las Mujeres, <strong>la torre del campus de la Universidad Pablo de Olavide se iluminar\u00e1 de color morado durante las noches de los d\u00edas 24 y 25 de noviembre<\/strong> como s\u00edmbolo del compromiso de la instituci\u00f3n con esta causa.<\/p>\n<p>A estos actos, se suma la difusi\u00f3n de la campa\u00f1a audiovisual <strong>\u2018Conectando por un mundo sin violencia contra las mujeres\u2019,<\/strong> que ha realizado la Delegaci\u00f3n del rector para la Igualdad de G\u00e9nero con la financiaci\u00f3n del Ayuntamiento de Sevilla. Se trata de tres p\u00edldoras audiovisuales sobre tem\u00e1ticas espec\u00edficas en materia de violencias de g\u00e9nero con el objetivo de sensibilizar y concienciar a la comunidad universitaria sobre la gravedad de este fen\u00f3meno en sus distintas manifestaciones, as\u00ed como promover valores de igualdad. Estas ser\u00e1n difundidas a trav\u00e9s de distintos cauces, tanto desde la Delegaci\u00f3n como a trav\u00e9s de las redes sociales de la Oficina para la Igualdad de la UPO.<\/p>\n<p>Asimismo, la Universidad Pablo de Olavide difundir\u00e1 el manifiesto de la Red de Unidades para la Igualdad de G\u00e9nero y Excelencia Universitaria (RUIGEU) por el 25N, a la que pertenece su Oficina para la Igualdad, y la campa\u00f1a del Ayuntamiento de Sevilla por esta fecha en el Pasaje de la Ilustraci\u00f3n del campus.<\/p>\n<ul>\n<li>Programaci\u00f3n completa: <a href=\"https:\/\/www.upo.es\/upsc\/igualdad\/25n-para-la-erradicacion-de-las-violencias\/\">https:\/\/www.upo.es\/upsc\/igualdad\/25n-para-la-erradicacion-de-las-violencias\/<\/a><\/li>\n<\/ul>\n<p>&nbsp;<\/p>\n","protected":false},"excerpt":{"rendered":"<p>El rector de la Universidad Pablo de Olavide, Francisco Oliva Bl\u00e1zquez, y el delegado del Gobierno en Andaluc\u00eda, Pedro Fern\u00e1ndez Pe\u00f1alver, inauguran el martes 28 de noviembre a las 10:00 horas en la Sala de Prensa del Rectorado de la UPO la Jornada \u2018Violencia de G\u00e9nero, Infancia, Adolescencia y Juventud\u2019 con motivo de la conmemoraci\u00f3n del D\u00eda Internacional para la Erradicaci\u00f3n de las Violencias contras las Mujeres el 25 de noviembre.<\/p>\n","protected":false},"author":14,"featured_media":30880374,"comment_status":"closed","ping_status":"open","sticky":false,"template":"","format":"standard","meta":{"_monsterinsights_skip_tracking":false,"_monsterinsights_sitenote_active":false,"_monsterinsights_sitenote_note":"","_monsterinsights_sitenote_category":0,"footnotes":""},"categories":[6],"tags":[4545,8272,890,5883,8509,1053,2441],"class_list":["post-30880373","post","type-post","status-publish","format-standard","has-post-thumbnail","hentry","category-institucional","tag-25n","tag-delegacion-del-rector-la-igualdad-de-genero","tag-feminismo","tag-igualdad-de-genero","tag-infancia-y-adolescencia","tag-mujeres","tag-violencia-de-genero"],"_links":{"self":[{"href":"https:\/\/www.upo.es\/diario\/wp-json\/wp\/v2\/posts\/30880373","targetHints":{"allow":["GET"]}}],"collection":[{"href":"https:\/\/www.upo.es\/diario\/wp-json\/wp\/v2\/posts"}],"about":[{"href":"https:\/\/www.upo.es\/diario\/wp-json\/wp\/v2\/types\/post"}],"author":[{"embeddable":true,"href":"https:\/\/www.upo.es\/diario\/wp-json\/wp\/v2\/users\/14"}],"replies":[{"embeddable":true,"href":"https:\/\/www.upo.es\/diario\/wp-json\/wp\/v2\/comments?post=30880373"}],"version-history":[{"count":1,"href":"https:\/\/www.upo.es\/diario\/wp-json\/wp\/v2\/posts\/30880373\/revisions"}],"predecessor-version":[{"id":30880375,"href":"https:\/\/www.upo.es\/diario\/wp-json\/wp\/v2\/posts\/30880373\/revisions\/30880375"}],"wp:featuredmedia":[{"embeddable":true,"href":"https:\/\/www.upo.es\/diario\/wp-json\/wp\/v2\/media\/30880374"}],"wp:attachment":[{"href":"https:\/\/www.upo.es\/diario\/wp-json\/wp\/v2\/media?parent=30880373"}],"wp:term":[{"taxonomy":"category","embeddable":true,"href":"https:\/\/www.upo.es\/diario\/wp-json\/wp\/v2\/categories?post=30880373"},{"taxonomy":"post_tag","embeddable":true,"href":"https:\/\/www.upo.es\/diario\/wp-json\/wp\/v2\/tags?post=30880373"}],"curies":[{"name":"wp","href":"https:\/\/api.w.org\/{rel}","templated":true}]}}