{"id":30880418,"date":"2023-11-22T18:16:26","date_gmt":"2023-11-22T17:16:26","guid":{"rendered":"https:\/\/www.upo.es\/diario\/?p=30880418"},"modified":"2023-12-20T16:28:22","modified_gmt":"2023-12-20T15:28:22","slug":"comunicado-sobre-la-autorizacion-para-impartir-el-grado-de-medicina-en-la-universidad-loyola","status":"publish","type":"post","link":"https:\/\/www.upo.es\/diario\/institucional\/2023\/11\/comunicado-sobre-la-autorizacion-para-impartir-el-grado-de-medicina-en-la-universidad-loyola\/","title":{"rendered":"Comunicado sobre la autorizaci\u00f3n para impartir el Grado de Medicina en la Universidad Loyola"},"content":{"rendered":"<p><a href=\"https:\/\/www.upo.es\/diario\/wp-content\/uploads\/2023\/09\/logos-aupa130123.png\"><img loading=\"lazy\" decoding=\"async\" class=\"aligncenter wp-image-30879564 size-large\" src=\"https:\/\/www.upo.es\/diario\/wp-content\/uploads\/2023\/09\/logos-aupa130123-750x133.png\" alt=\"Logos de las universidades p\u00fablicas andaluzas\" width=\"750\" height=\"133\" srcset=\"https:\/\/www.upo.es\/diario\/wp-content\/uploads\/2023\/09\/logos-aupa130123-750x133.png 750w, https:\/\/www.upo.es\/diario\/wp-content\/uploads\/2023\/09\/logos-aupa130123-420x75.png 420w, https:\/\/www.upo.es\/diario\/wp-content\/uploads\/2023\/09\/logos-aupa130123-768x136.png 768w, https:\/\/www.upo.es\/diario\/wp-content\/uploads\/2023\/09\/logos-aupa130123.png 1070w\" sizes=\"auto, (max-width: 750px) 100vw, 750px\" \/><\/a><\/p>\n<ul>\n<li>Que, en la sesi\u00f3n de la <strong>Comisi\u00f3n Acad\u00e9mica del Consejo Andaluz de Universidades<\/strong> celebrada el 20 de noviembre de 2023, nos posicionamos un\u00e1nimemente en contra de esta medida in\u00e9dita y excepcional.<\/li>\n<li>Consideramos que <strong>jur\u00eddicamente no es viable el comienzo de las clases tres meses despu\u00e9s de iniciado el curso acad\u00e9mico<\/strong> y as\u00ed lo trasladamos en el transcurso de la reuni\u00f3n.<\/li>\n<li>Esta decisi\u00f3n <strong>da\u00f1a notablemente la imagen de la ense\u00f1anza universitaria<\/strong> y perjudica el normal desarrollo de la docencia y la calidad del servicio de educaci\u00f3n superior prestado al alumnado.<\/li>\n<li>Consideramos que <strong>esta medida excepcional representa un comportamiento de privilegio<\/strong> que ninguna instituci\u00f3n acad\u00e9mica ha recibido hasta ahora.<\/li>\n<\/ul>\n<hr \/>\n<p><strong>Miguel \u00c1ngel Castro Arroyo<\/strong>, Rector Universidad de Sevilla<\/p>\n<p><strong>Pedro Mercado Pacheco<\/strong>, Rector Universidad de Granada<\/p>\n<p><strong>Manuel Torralbo Rodr\u00edguez<\/strong>, Rector Universidad de C\u00f3rdoba<\/p>\n<p><strong>Jos\u00e9 \u00c1ngel Narv\u00e1ez Bueno<\/strong>, Rector Universidad de M\u00e1laga<\/p>\n<p><strong>Francisco Piniella Corballo<\/strong>, Rector Universidad de C\u00e1diz<\/p>\n<p><strong>Carmelo Rodr\u00edguez Torreblanca<\/strong>, Rector Universidad de Almer\u00eda<\/p>\n<p><strong>M\u00aa Antonia Pe\u00f1a Guerrero<\/strong>, Rectora Universidad de Huelva<\/p>\n<p><strong>Nicol\u00e1s Ruiz Reyes<\/strong>, Rector Universidad de Ja\u00e9n<\/p>\n<p><strong>Jos\u00e9 Ignacio Garc\u00eda P\u00e9rez,<\/strong> Rector Universidad Internacional de Andaluc\u00eda<\/p>\n<p><strong>Francisco Oliva Bl\u00e1zquez<\/strong>, Rector Universidad Pablo de Olavide<\/p>\n<p>&gt; <a href=\"https:\/\/www.upo.es\/diario\/wp-content\/uploads\/2023\/11\/comunicadoAUPA_loyola.pdf\" target=\"_blank\" rel=\"noopener\">Comunicado AUPA, 22 de noviembre de 2023 (pdf)<\/a><\/p>\n","protected":false},"excerpt":{"rendered":"<p>Comunicado sobre la autorizaci\u00f3n para impartir el Grado de Medicina en la Universidad Loyola, contra la que se posicionan en contra la rectora y los rectores de las Universidades P\u00fablicas de Andaluc\u00eda.<\/p>\n","protected":false},"author":6,"featured_media":30860000,"comment_status":"closed","ping_status":"open","sticky":false,"template":"","format":"standard","meta":{"_monsterinsights_skip_tracking":false,"_monsterinsights_sitenote_active":false,"_monsterinsights_sitenote_note":"","_monsterinsights_sitenote_category":0,"footnotes":""},"categories":[6],"tags":[2842,266,203,245,5488],"class_list":["post-30880418","post","type-post","status-publish","format-standard","has-post-thumbnail","hentry","category-institucional","tag-aupa","tag-grados","tag-junta-de-andalucia","tag-medicina","tag-universidades-publicas-andaluzas"],"_links":{"self":[{"href":"https:\/\/www.upo.es\/diario\/wp-json\/wp\/v2\/posts\/30880418","targetHints":{"allow":["GET"]}}],"collection":[{"href":"https:\/\/www.upo.es\/diario\/wp-json\/wp\/v2\/posts"}],"about":[{"href":"https:\/\/www.upo.es\/diario\/wp-json\/wp\/v2\/types\/post"}],"author":[{"embeddable":true,"href":"https:\/\/www.upo.es\/diario\/wp-json\/wp\/v2\/users\/6"}],"replies":[{"embeddable":true,"href":"https:\/\/www.upo.es\/diario\/wp-json\/wp\/v2\/comments?post=30880418"}],"version-history":[{"count":5,"href":"https:\/\/www.upo.es\/diario\/wp-json\/wp\/v2\/posts\/30880418\/revisions"}],"predecessor-version":[{"id":30880424,"href":"https:\/\/www.upo.es\/diario\/wp-json\/wp\/v2\/posts\/30880418\/revisions\/30880424"}],"wp:featuredmedia":[{"embeddable":true,"href":"https:\/\/www.upo.es\/diario\/wp-json\/wp\/v2\/media\/30860000"}],"wp:attachment":[{"href":"https:\/\/www.upo.es\/diario\/wp-json\/wp\/v2\/media?parent=30880418"}],"wp:term":[{"taxonomy":"category","embeddable":true,"href":"https:\/\/www.upo.es\/diario\/wp-json\/wp\/v2\/categories?post=30880418"},{"taxonomy":"post_tag","embeddable":true,"href":"https:\/\/www.upo.es\/diario\/wp-json\/wp\/v2\/tags?post=30880418"}],"curies":[{"name":"wp","href":"https:\/\/api.w.org\/{rel}","templated":true}]}}