{"id":30880425,"date":"2023-11-22T20:11:09","date_gmt":"2023-11-22T19:11:09","guid":{"rendered":"https:\/\/www.upo.es\/diario\/?p=30880425"},"modified":"2023-11-24T11:27:33","modified_gmt":"2023-11-24T10:27:33","slug":"la-universidad-pablo-de-olavide-celebra-una-nueva-edicion-de-la-gala-de-los-premios-del-deporte","status":"publish","type":"post","link":"https:\/\/www.upo.es\/diario\/comunidad\/2023\/11\/la-universidad-pablo-de-olavide-celebra-una-nueva-edicion-de-la-gala-de-los-premios-del-deporte\/","title":{"rendered":"La Universidad Pablo de Olavide celebra una nueva edici\u00f3n de la Gala de los Premios del Deporte"},"content":{"rendered":"<figure id=\"attachment_30880451\" aria-describedby=\"caption-attachment-30880451\" style=\"width: 750px\" class=\"wp-caption aligncenter\"><a href=\"https:\/\/www.upo.es\/diario\/wp-content\/uploads\/2023\/11\/Gala-Deporte-Foto-Familia-scaled.jpg\"><img loading=\"lazy\" decoding=\"async\" class=\"size-large wp-image-30880451\" src=\"https:\/\/www.upo.es\/diario\/wp-content\/uploads\/2023\/11\/Gala-Deporte-Foto-Familia-750x436.jpg\" alt=\"Foto de familia tras la entrega de los Premios del Deporte\" width=\"750\" height=\"436\" srcset=\"https:\/\/www.upo.es\/diario\/wp-content\/uploads\/2023\/11\/Gala-Deporte-Foto-Familia-750x436.jpg 750w, https:\/\/www.upo.es\/diario\/wp-content\/uploads\/2023\/11\/Gala-Deporte-Foto-Familia-420x244.jpg 420w, https:\/\/www.upo.es\/diario\/wp-content\/uploads\/2023\/11\/Gala-Deporte-Foto-Familia-768x446.jpg 768w, https:\/\/www.upo.es\/diario\/wp-content\/uploads\/2023\/11\/Gala-Deporte-Foto-Familia-1536x892.jpg 1536w, https:\/\/www.upo.es\/diario\/wp-content\/uploads\/2023\/11\/Gala-Deporte-Foto-Familia-2048x1190.jpg 2048w, https:\/\/www.upo.es\/diario\/wp-content\/uploads\/2023\/11\/Gala-Deporte-Foto-Familia-1320x767.jpg 1320w\" sizes=\"auto, (max-width: 750px) 100vw, 750px\" \/><\/a><figcaption id=\"caption-attachment-30880451\" class=\"wp-caption-text\">Foto de familia tras la entrega de los Premios del Deporte<\/figcaption><\/figure>\n<p>La Universidad Pablo de Olavide ha celebrado en la tarde de este mi\u00e9rcoles la III Gala de los Premios del Deporte, <strong>un acto en el que se ha reconocido el esfuerzo de sus estudiantes y su compromiso al realizar estudios universitarios y compaginarlos a la vez con la pr\u00e1ctica del deporte de alta competici\u00f3n<\/strong>.<\/p>\n<p>El evento, celebrado en el Paraninfo de la Universidad ha estado presidido por el <strong>vicerrector de Campus Saludable y Deporte, Antonio Fern\u00e1ndez Mart\u00ednez<\/strong> y ha contado con la presencia de diferentes autoridades civiles, militares y acad\u00e9micas. Durante el mismo se ha hecho entrega de 69 ayudas, 18 premios y 2 reconocimientos a miembros de la comunidad universitaria y entidades por su apoyo al deporte universitario.<\/p>\n<p>En esta Gala de los Premios del Deporte el vicerrector de Campus Saludable y Deporte, <strong>ha destacado \u201cel compromiso por seguir trabajando para que la UPO se convierta en la universidad p\u00fablica referente de los y las deportistas en Andaluc\u00eda<\/strong>, posibilitando el que pueda compaginar sus proyectos deportivos y acad\u00e9micos, mejorando nuestros servicios e instalaciones deportivas e impulsando la pr\u00e1ctica de actividad f\u00edsica entre los miembros de la comunidad universitaria, sin olvidar nuestra apuesta decidida por el deporte universitario como herramienta de transformaci\u00f3n y compromiso social\u201d.<\/p>\n<p>La Universidad ha hecho entrega de las <strong>69 ayudas concedidas a 46 estudiantes de rendimiento deportivo de la UPO (EDER_UPO) o de alto rendimiento y alto nivel deportivo<\/strong> cualificados por sus respectivas Consejer\u00edas Auton\u00f3micas con competencia en materia deportiva y por el Ministerio de Cultura y Deporte y que estudian en la UPO. Estas ayudas, denominadas \u2018UPO Sport Talent\u2019, adem\u00e1s de la cuant\u00eda econ\u00f3mica contemplan tambi\u00e9n la gratuidad en el uso de instalaciones deportivas de la Olavide.<\/p>\n<p>Tras estas ayudas, toc\u00f3 el turno a los reconocimientos, el primero de ellos al <strong>Ayuntamiento de Dos Hermanas<\/strong> por su colaboraci\u00f3n en la reparaci\u00f3n, adecuaci\u00f3n y renovaci\u00f3n del pavimento de la pista de atletismo que ha posibilitado la reapertura de esta importante instalaci\u00f3n deportiva, agradeciendo de este modo el compromiso del consistorio con la Universidad Pablo de Olavide y con el deporte de base. Un premio que ha recogido la delegada de Deportes del Ayuntamiento de Dos Hermanas, Victoria Tirsa Herv\u00e1s, y que ha sido entregado por la presidenta del Consejo Social, Roc\u00edo Reinoso.<\/p>\n<p>Los reconocimientos han seguido con el premio otorgado a <strong>Juan Dom\u00ednguez Fern\u00e1ndez<\/strong>, trabajador de la Fundaci\u00f3n Universidad Pablo de Olavide que desde 2006 forma parte de la comunidad universitaria, trabajando en el Servicio de Deportes y que supone un ejemplo de superaci\u00f3n, constancia e integraci\u00f3n social y laboral para las personas con discapacidad intelectual.<\/p>\n<p><a href=\"https:\/\/www.upo.es\/diario\/wp-content\/uploads\/2023\/11\/IMG_3111-Mejorado-NR-scaled.jpg\"><img loading=\"lazy\" decoding=\"async\" class=\"alignleft size-medium wp-image-30880455\" src=\"https:\/\/www.upo.es\/diario\/wp-content\/uploads\/2023\/11\/IMG_3111-Mejorado-NR-420x280.jpg\" alt=\"\" width=\"420\" height=\"280\" srcset=\"https:\/\/www.upo.es\/diario\/wp-content\/uploads\/2023\/11\/IMG_3111-Mejorado-NR-420x280.jpg 420w, https:\/\/www.upo.es\/diario\/wp-content\/uploads\/2023\/11\/IMG_3111-Mejorado-NR-750x500.jpg 750w, https:\/\/www.upo.es\/diario\/wp-content\/uploads\/2023\/11\/IMG_3111-Mejorado-NR-768x512.jpg 768w, https:\/\/www.upo.es\/diario\/wp-content\/uploads\/2023\/11\/IMG_3111-Mejorado-NR-1536x1024.jpg 1536w\" sizes=\"auto, (max-width: 420px) 100vw, 420px\" \/><\/a>A continuaci\u00f3n, como premio al m\u00e9rito deportivo se ha destacado a <strong>Irene Paredes Sanmart\u00edn y Olga Carmona Garc\u00eda, jugadoras de la Selecci\u00f3n Espa\u00f1ola de F\u00fatbol ganadoras del Mundial de F\u00fatbol Femenino 2023<\/strong>, antiguas alumnas de la Olavide, cuyo reconocimiento ha sido recogido por familiares de ambas jugadoras, ya que sus compromisos deportivos le han impedido estar presentes.<\/p>\n<p>Asimismo, han sido premiados los y las <strong>deportistas de la UPO que obtuvieron medalla individual en los Campeonatos de Andaluc\u00eda Universitarios<\/strong>: Carlota Rodr\u00edguez Presa, medalla de plata de 100 metros estilos; Andrea Mei Boh\u00f3rquez Calero, medalla de plata en 50 y 100 metros espalda y 200 metros lisos; y Aroa Silva Fidalgo, oro en 200, 400 y 800 metros libres y en 200 metros mariposa. Y tambi\u00e9n a los equipos de nataci\u00f3n que consiguieron bronce en relevo mixto 4&#215;50 metros mariposa (Andrea Mei Boh\u00f3rquez, Aroa Silva, Ra\u00fal Ca\u00f1ero y Vicente Amigo); relevo mixto 4&#215;50 metros libre (Carlota Rodr\u00edguez, Cristina Rodr\u00edguez, Ra\u00fal Ca\u00f1ero y Vicente Amigo); y relevo mixto 4&#215;50 metros estilos (Andrea Mei Boh\u00f3rquez, Carlota Rodr\u00edguez, Juan Dom\u00ednguez y Ra\u00fal Ca\u00f1ero).<\/p>\n<p>Adem\u00e1s de nataci\u00f3n, tambi\u00e9n consiguieron medalla en los CAU y premio en esta gala del deporte los equipos de balonmano masculino (bronce), baloncesto femenino (bronce) y p\u00e1del (oro).<\/p>\n<p>Por \u00faltimo, han recibido tambi\u00e9n su premio los <strong>deportistas medallistas en los Campeonatos de Espa\u00f1a Universitarios:<\/strong> Valme Prado Dur\u00e1n, medalla de bronce en 800 metros libres en atletismo; Andrea Mei Boh\u00f3rquez, medalla de bronce en la prueba de 200 metros estilos de nataci\u00f3n; Aroa Silva Fidalgo, medalla de bronce en 400 metros libres y medalla de oro en 200 metros mariposa de nataci\u00f3n; Nicol\u00e1s M\u00e1ximo Jim\u00e9nez Lama, medalla de bronce en peso pluma taekwondo; Mar\u00eda Jim\u00e9nez Lama, bronce en peso ligero taekwondo y Julia Perales Chac\u00f3n, medalla de plata en peso pesado taekwondo.<\/p>\n<p>Para terminar, esta III Gala de los Premios del Deporte ha concluido con la exhibici\u00f3n de <em>poledance<\/em> realizada por Carlos Ca\u00f1adas Mart\u00edn, egresado de la Facultad de Ciencias del Deporte de la UPO y Triana Maldonado \u00c1guilar.<\/p>\n<p>Fuente: Fundaci\u00f3n Universidad Pablo de Olavide<\/p>\n<p><a title=\"III Gala de los Premios del Deporte. 2023\" href=\"https:\/\/www.flickr.com\/photos\/pablodeolavide\/albums\/72177720312903334\" data-flickr-embed=\"true\" data-header=\"true\" data-footer=\"true\"><img loading=\"lazy\" decoding=\"async\" src=\"https:\/\/live.staticflickr.com\/65535\/53350611406_aa564e33ed_z.jpg\" alt=\"III Gala de los Premios del Deporte. 2023\" width=\"640\" height=\"480\" \/><\/a><script async src=\"\/\/embedr.flickr.com\/assets\/client-code.js\" charset=\"utf-8\"><\/script><\/p>\n<p>&nbsp;<\/p>\n","protected":false},"excerpt":{"rendered":"<p>Un reconocimiento a los deportistas universitarios por su esfuerzo y dedicaci\u00f3n en el que tambi\u00e9n se ha agradecido al Ayuntamiento de Dos Hermanas su colaboraci\u00f3n en la puesta en marcha de la nueva pista de atletismo de la Universidad.<\/p>\n","protected":false},"author":6,"featured_media":30880451,"comment_status":"closed","ping_status":"open","sticky":false,"template":"","format":"standard","meta":{"_monsterinsights_skip_tracking":false,"_monsterinsights_sitenote_active":false,"_monsterinsights_sitenote_note":"","_monsterinsights_sitenote_category":0,"footnotes":""},"categories":[5842],"tags":[7428,4542,2132,1435,324,1349,541,2474,1030,232],"class_list":["post-30880425","post","type-post","status-publish","format-standard","has-post-thumbnail","hentry","category-comunidad","tag-antonio-fernandez-martinez","tag-ayuntamiento-de-dos-hermanas","tag-campeonatos-de-andalucia-universitarios","tag-campeonatos-universitarios-de-espana","tag-cau","tag-ceu","tag-deporte","tag-fundacion-universidad-pablo-de-olavide","tag-premios","tag-sdupo"],"_links":{"self":[{"href":"https:\/\/www.upo.es\/diario\/wp-json\/wp\/v2\/posts\/30880425","targetHints":{"allow":["GET"]}}],"collection":[{"href":"https:\/\/www.upo.es\/diario\/wp-json\/wp\/v2\/posts"}],"about":[{"href":"https:\/\/www.upo.es\/diario\/wp-json\/wp\/v2\/types\/post"}],"author":[{"embeddable":true,"href":"https:\/\/www.upo.es\/diario\/wp-json\/wp\/v2\/users\/6"}],"replies":[{"embeddable":true,"href":"https:\/\/www.upo.es\/diario\/wp-json\/wp\/v2\/comments?post=30880425"}],"version-history":[{"count":7,"href":"https:\/\/www.upo.es\/diario\/wp-json\/wp\/v2\/posts\/30880425\/revisions"}],"predecessor-version":[{"id":30880463,"href":"https:\/\/www.upo.es\/diario\/wp-json\/wp\/v2\/posts\/30880425\/revisions\/30880463"}],"wp:featuredmedia":[{"embeddable":true,"href":"https:\/\/www.upo.es\/diario\/wp-json\/wp\/v2\/media\/30880451"}],"wp:attachment":[{"href":"https:\/\/www.upo.es\/diario\/wp-json\/wp\/v2\/media?parent=30880425"}],"wp:term":[{"taxonomy":"category","embeddable":true,"href":"https:\/\/www.upo.es\/diario\/wp-json\/wp\/v2\/categories?post=30880425"},{"taxonomy":"post_tag","embeddable":true,"href":"https:\/\/www.upo.es\/diario\/wp-json\/wp\/v2\/tags?post=30880425"}],"curies":[{"name":"wp","href":"https:\/\/api.w.org\/{rel}","templated":true}]}}