{"id":30880438,"date":"2023-11-23T07:15:44","date_gmt":"2023-11-23T06:15:44","guid":{"rendered":"https:\/\/www.upo.es\/diario\/?p=30880438"},"modified":"2024-01-18T15:23:51","modified_gmt":"2024-01-18T14:23:51","slug":"comunicado-sobre-la-escalada-belica-en-oriente-proximo-y-condena-de-los-ataques-a-la-poblacion-civil","status":"publish","type":"post","link":"https:\/\/www.upo.es\/diario\/institucional\/2023\/11\/comunicado-sobre-la-escalada-belica-en-oriente-proximo-y-condena-de-los-ataques-a-la-poblacion-civil\/","title":{"rendered":"Comunicado sobre la escalada b\u00e9lica en Oriente Pr\u00f3ximo y condena de los ataques a la poblaci\u00f3n civil"},"content":{"rendered":"<p><img loading=\"lazy\" decoding=\"async\" class=\"aligncenter size-large wp-image-30879564\" src=\"https:\/\/www.upo.es\/diario\/wp-content\/uploads\/2023\/09\/logos-aupa130123-750x133.png\" alt=\"Logos de las universidades p\u00fablicas andaluzas\" width=\"750\" height=\"133\" srcset=\"https:\/\/www.upo.es\/diario\/wp-content\/uploads\/2023\/09\/logos-aupa130123-750x133.png 750w, https:\/\/www.upo.es\/diario\/wp-content\/uploads\/2023\/09\/logos-aupa130123-420x75.png 420w, https:\/\/www.upo.es\/diario\/wp-content\/uploads\/2023\/09\/logos-aupa130123-768x136.png 768w, https:\/\/www.upo.es\/diario\/wp-content\/uploads\/2023\/09\/logos-aupa130123.png 1070w\" sizes=\"auto, (max-width: 750px) 100vw, 750px\" \/>La Asociaci\u00f3n de Universidades P\u00fablicas Andaluzas (AUPA) manifiesta su absoluto rechazo a la escalada b\u00e9lica que se est\u00e1 produciendo en Oriente Pr\u00f3ximo y su rotunda condena a los ataques sufridos por la poblaci\u00f3n civil. La AUPA reclama un alto el fuego inmediato y el cese definitivo de las grav\u00edsimas agresiones que est\u00e1 sufriendo la poblaci\u00f3n civil de Gaza. Tambi\u00e9n expresa su rechazo a las acciones terroristas de Ham\u00e1s, as\u00ed como sus condolencias a los familiares de las v\u00edctimas israel\u00edes, y se une a la solicitud de los organismos nacionales e internacionales de liberaci\u00f3n de los rehenes.<\/p>\n<p>Las Universidades andaluzas exigen el estricto cumplimiento del Derecho internacional, y manifiestan su indignaci\u00f3n frente a los bombardeos de viviendas, escuelas y hospitales en Gaza, el desplazamiento forzoso de los civiles y la extrema violencia que afecta especialmente a los ni\u00f1os y a las ni\u00f1as.<\/p>\n<p>Por el papel fundamental que juega la Universidad en la defensa de los derechos humanos y en la b\u00fasqueda de una soluci\u00f3n pac\u00edfica a los conflictos, condenamos asimismo los ataques dirigidos a las Universidades y manifestamos nuestra solidaridad con los miembros de la comunidad universitaria v\u00edctimas directas e indirectas de esta violencia.<\/p>\n<p>La violencia solo genera sufrimiento y m\u00e1s violencia. Por la paz y la concordia, y la cooperaci\u00f3n y el entendimiento entre los pueblos.<\/p>\n<hr \/>\n<p><strong>Miguel \u00c1ngel Castro Arroyo<\/strong>, Rector Universidad de Sevilla<br \/>\n<strong>Pedro Mercado Pacheco<\/strong>, Rector Universidad de Granada<br \/>\n<strong>Manuel Torralbo Rodr\u00edguez<\/strong>, Rector Universidad de C\u00f3rdoba<br \/>\n<strong>Jos\u00e9 \u00c1ngel Narv\u00e1ez Bueno<\/strong>, Rector Universidad de M\u00e1laga<br \/>\n<strong>Francisco Piniella Corballo<\/strong>, Rector Universidad de C\u00e1diz<br \/>\n<strong>Jos\u00e9 Joaqu\u00edn C\u00e9spedes Lorente<\/strong>, Rector Universidad de Almer\u00eda<br \/>\n<strong>M\u00aa Antonia Pe\u00f1a Guerrero<\/strong>, Rectora Universidad de Huelva<br \/>\n<strong>Nicol\u00e1s Ruiz Reyes<\/strong>, Rector Universidad de Ja\u00e9n<br \/>\n<strong>Jos\u00e9 Ignacio Garc\u00eda P\u00e9rez<\/strong>, Rector Universidad Internacional de Andaluc\u00eda<br \/>\n<strong>Francisco Oliva Bl\u00e1zquez<\/strong>, Rector Universidad Pablo de Olavide<\/p>\n","protected":false},"excerpt":{"rendered":"<p>La Asociaci\u00f3n de Universidades P\u00fablicas Andaluzas (AUPA) manifiesta su absoluto rechazo a la escalada b\u00e9lica que se est\u00e1 produciendo en Oriente Pr\u00f3ximo y su rotunda condena a los ataques sufridos por la poblaci\u00f3n civil. La AUPA reclama un alto el fuego inmediato y el cese definitivo de las grav\u00edsimas agresiones que est\u00e1 sufriendo la poblaci\u00f3n civil de Gaza. Tambi\u00e9n expresa su rechazo a las acciones terroristas de Ham\u00e1s, as\u00ed como sus condolencias a los familiares de las v\u00edctimas israel\u00edes, y se une a la solicitud de los organismos nacionales e internacionales de liberaci\u00f3n de los rehenes.<\/p>\n","protected":false},"author":6,"featured_media":30860000,"comment_status":"closed","ping_status":"open","sticky":false,"template":"","format":"standard","meta":{"_monsterinsights_skip_tracking":false,"_monsterinsights_sitenote_active":false,"_monsterinsights_sitenote_note":"","_monsterinsights_sitenote_category":0,"footnotes":""},"categories":[6],"tags":[37,4848,3943,92,3294,2013,352,5488],"class_list":["post-30880438","post","type-post","status-publish","format-standard","has-post-thumbnail","hentry","category-institucional","tag-comunicado","tag-conflicto-belico","tag-derecho-internacional","tag-derechos-humanos","tag-guerra","tag-israel","tag-palestina","tag-universidades-publicas-andaluzas"],"_links":{"self":[{"href":"https:\/\/www.upo.es\/diario\/wp-json\/wp\/v2\/posts\/30880438","targetHints":{"allow":["GET"]}}],"collection":[{"href":"https:\/\/www.upo.es\/diario\/wp-json\/wp\/v2\/posts"}],"about":[{"href":"https:\/\/www.upo.es\/diario\/wp-json\/wp\/v2\/types\/post"}],"author":[{"embeddable":true,"href":"https:\/\/www.upo.es\/diario\/wp-json\/wp\/v2\/users\/6"}],"replies":[{"embeddable":true,"href":"https:\/\/www.upo.es\/diario\/wp-json\/wp\/v2\/comments?post=30880438"}],"version-history":[{"count":3,"href":"https:\/\/www.upo.es\/diario\/wp-json\/wp\/v2\/posts\/30880438\/revisions"}],"predecessor-version":[{"id":30880443,"href":"https:\/\/www.upo.es\/diario\/wp-json\/wp\/v2\/posts\/30880438\/revisions\/30880443"}],"wp:featuredmedia":[{"embeddable":true,"href":"https:\/\/www.upo.es\/diario\/wp-json\/wp\/v2\/media\/30860000"}],"wp:attachment":[{"href":"https:\/\/www.upo.es\/diario\/wp-json\/wp\/v2\/media?parent=30880438"}],"wp:term":[{"taxonomy":"category","embeddable":true,"href":"https:\/\/www.upo.es\/diario\/wp-json\/wp\/v2\/categories?post=30880438"},{"taxonomy":"post_tag","embeddable":true,"href":"https:\/\/www.upo.es\/diario\/wp-json\/wp\/v2\/tags?post=30880438"}],"curies":[{"name":"wp","href":"https:\/\/api.w.org\/{rel}","templated":true}]}}