{"id":30880477,"date":"2023-11-27T12:55:39","date_gmt":"2023-11-27T11:55:39","guid":{"rendered":"https:\/\/www.upo.es\/diario\/?p=30880477"},"modified":"2023-11-27T13:01:48","modified_gmt":"2023-11-27T12:01:48","slug":"jornada-en-la-upo-sobre-el-poder-de-la-informacion-para-construir-una-sociedad-diversa-e-inclusiva","status":"publish","type":"post","link":"https:\/\/www.upo.es\/diario\/institucional\/2023\/11\/jornada-en-la-upo-sobre-el-poder-de-la-informacion-para-construir-una-sociedad-diversa-e-inclusiva\/","title":{"rendered":"Jornada en la UPO sobre el poder de la informaci\u00f3n para construir una sociedad diversa e inclusiva"},"content":{"rendered":"<figure id=\"attachment_30880478\" aria-describedby=\"caption-attachment-30880478\" style=\"width: 750px\" class=\"wp-caption aligncenter\"><a href=\"https:\/\/www.upo.es\/diario\/wp-content\/uploads\/2023\/11\/Jornadas-Com-Lenguaje_20231127-1-scaled.jpg\"><img loading=\"lazy\" decoding=\"async\" class=\"size-large wp-image-30880478\" src=\"https:\/\/www.upo.es\/diario\/wp-content\/uploads\/2023\/11\/Jornadas-Com-Lenguaje_20231127-1-750x422.jpg\" alt=\"\" width=\"750\" height=\"422\" srcset=\"https:\/\/www.upo.es\/diario\/wp-content\/uploads\/2023\/11\/Jornadas-Com-Lenguaje_20231127-1-750x422.jpg 750w, https:\/\/www.upo.es\/diario\/wp-content\/uploads\/2023\/11\/Jornadas-Com-Lenguaje_20231127-1-420x236.jpg 420w, https:\/\/www.upo.es\/diario\/wp-content\/uploads\/2023\/11\/Jornadas-Com-Lenguaje_20231127-1-768x432.jpg 768w, https:\/\/www.upo.es\/diario\/wp-content\/uploads\/2023\/11\/Jornadas-Com-Lenguaje_20231127-1-1536x864.jpg 1536w, https:\/\/www.upo.es\/diario\/wp-content\/uploads\/2023\/11\/Jornadas-Com-Lenguaje_20231127-1-2048x1152.jpg 2048w\" sizes=\"auto, (max-width: 750px) 100vw, 750px\" \/><\/a><figcaption id=\"caption-attachment-30880478\" class=\"wp-caption-text\">Mar\u00eda Luisa Cava, Jorge P\u00e9rez, Manuela Saborido, Roc\u00edo Ruiz, M\u00f3nica Dom\u00ednguez y Esther Prieto<\/figcaption><\/figure>\n<p>La Sala de Grados de la Bibliioteca\/CRAI ha acogido la jornada organizada por la Universidad Pablo de Olavide y la <a href=\"https:\/\/fundacionmanolitachen.com\/\">Fundaci\u00f3n Manolita Chen<\/a> <strong>\u2018La construcci\u00f3n de una sociedad diversa e inclusiva: comunicaci\u00f3n y lenguaje\u2019<\/strong> con la finalidad de <strong>profundizar sobre algunos de los retos actuales que tienen las personas LGTBI y, en especial, las personas trans<\/strong>.<\/p>\n<p>El objetivo del encuentro ha sido ofrecer herramientas al estudiantado, al profesorado y a la sociedad en su conjunto sobre los principales retos del colectivo LGTBI, entre ellos, <strong>el uso correcto del lenguaje a la hora de dirigirse a las personas transexuales<\/strong>. Para ello, se ha realizado un recorrido hist\u00f3rico sobre la evoluci\u00f3n del lenguaje utilizado y c\u00f3mo, en ocasiones, su uso puede afectar positiva o negativamente a la dignidad de las personas LGTBI.<\/p>\n<p>El acto ha estado organizado por el <strong>Vicerrectorado de Cultura y Pol\u00edticas Sociales,<\/strong> la <strong>Delegaci\u00f3n del rector para la Igualdad de G\u00e9nero<\/strong> y la <strong>Fundaci\u00f3n Manuela Saborido \u2013 Manolita Chen<\/strong>. En la inauguraci\u00f3n, han participado la delegada del rector para la Igualdad de G\u00e9nero, <strong>M\u00f3nica Dom\u00ednguez Serrano<\/strong>; la delegada territorial de la Consejer\u00eda de Inclusi\u00f3n Social, <strong>Mar\u00eda Luisa Cava Coronel<\/strong>; la\u00a0directora general de Innovaci\u00f3n Social, <strong>Esther Prieto Jim\u00e9nez<\/strong>; y el vicepresidente de la Fundaci\u00f3n Manuela Saborido, <strong>Jorge P\u00e9rez<\/strong>.<\/p>\n<p>M\u00f3nica Dom\u00ednguez ha se\u00f1alado que, \u201cdesde la Universidad, hemos tratado de dar un paso m\u00e1s all\u00e1 y alcanzar todos los vicerrectorados y muchas \u00e1reas como docencia e investigaci\u00f3n; incluso otras que no se ven tanto, como en el caso de los protocolos de gesti\u00f3n y administraci\u00f3n. Por ello, jornadas como esta son importantes para que as\u00ed pensemos en c\u00f3mo llegar a la comunidad universitaria\u201d. Por su parte, la delegada territorial de la Consejer\u00eda de Inclusi\u00f3n Social, Mar\u00eda Luisa Cava, ha destacado que \u201ceste tipo de encuentros son necesarios para trasladar lo que ha costado llegar hasta aqu\u00ed y que no se repitan ciertos comportamientos que, lamentablemente, a\u00fan ocurren hoy en d\u00eda\u201d.<\/p>\n<figure id=\"attachment_30880481\" aria-describedby=\"caption-attachment-30880481\" style=\"width: 420px\" class=\"wp-caption alignright\"><a href=\"https:\/\/www.upo.es\/diario\/wp-content\/uploads\/2023\/11\/Jornadas-Com-Lenguaje_20231127-2-scaled.jpg\"><img loading=\"lazy\" decoding=\"async\" class=\"size-medium wp-image-30880481\" src=\"https:\/\/www.upo.es\/diario\/wp-content\/uploads\/2023\/11\/Jornadas-Com-Lenguaje_20231127-2-420x236.jpg\" alt=\"\" width=\"420\" height=\"236\" srcset=\"https:\/\/www.upo.es\/diario\/wp-content\/uploads\/2023\/11\/Jornadas-Com-Lenguaje_20231127-2-420x236.jpg 420w, https:\/\/www.upo.es\/diario\/wp-content\/uploads\/2023\/11\/Jornadas-Com-Lenguaje_20231127-2-750x422.jpg 750w, https:\/\/www.upo.es\/diario\/wp-content\/uploads\/2023\/11\/Jornadas-Com-Lenguaje_20231127-2-768x432.jpg 768w, https:\/\/www.upo.es\/diario\/wp-content\/uploads\/2023\/11\/Jornadas-Com-Lenguaje_20231127-2-1536x864.jpg 1536w, https:\/\/www.upo.es\/diario\/wp-content\/uploads\/2023\/11\/Jornadas-Com-Lenguaje_20231127-2-2048x1152.jpg 2048w\" sizes=\"auto, (max-width: 420px) 100vw, 420px\" \/><\/a><figcaption id=\"caption-attachment-30880481\" class=\"wp-caption-text\">Roc\u00edo Ruiz, consejera del Consejo Audiovisual, y M\u00f3nica Dom\u00ednguez, delegada del rector para la Igualdad de G\u00e9nero<\/figcaption><\/figure>\n<p>Durante el desarrollo de la jornada, han intervenido tambi\u00e9n la propia <strong>Manolita Chen<\/strong>, referente por la lucha de los derechos y libertades de las personas LGTBI; <strong>Rafael C\u00e1ceres<\/strong>, profesor de la Universidad Pablo de Olavide; y <strong>Roc\u00edo Ruiz<\/strong>, consejera del Consejo Audiovisual de Andaluc\u00eda, que ha remarcado \u201cla importancia de lo que se dice, lo que no se dice y el c\u00f3mo. Si no hablamos de algo, ya lo estamos excluyendo y la diversidad hay que celebrarla\u201d.<\/p>\n<p>Adem\u00e1s, se ha realizado un coloquio en el que han tomado la palabra <strong>Carolina Mart\u00ednez Cachero, Mar\u00eda Pau Moriana Bonilla y Sergio Aguilar Contero<\/strong>, con vinculaci\u00f3n a la Fundaci\u00f3n Manolita Chen y a la Universidad Pablo de Olavide.<\/p>\n<p>Esta actividad se enmarca en la campa\u00f1a programada por la UPO con motivo de la conmemoraci\u00f3n del D\u00eda Internacional para la erradicaci\u00f3n de las violencias contra las mujeres, as\u00ed como en el acuerdo de colaboraci\u00f3n de la Fundaci\u00f3n dentro del <a href=\"https:\/\/www.upo.es\/floratristan\/espacio-de-innovacion-social-00001\/\"><strong>Espacio Internacional de Innovaci\u00f3n Social, Cultural y Tecnol\u00f3gica<\/strong><\/a> ubicado en la Residencia Flora Trist\u00e1n.<\/p>\n","protected":false},"excerpt":{"rendered":"<p>La Sala de Grados de la Bibliioteca\/CRAI ha acogido la jornada organizada por la Universidad Pablo de Olavide y la Fundaci\u00f3n Manolita Chen \u2018La construcci\u00f3n de una sociedad diversa e inclusiva: comunicaci\u00f3n y lenguaje\u2019 con la finalidad de profundizar sobre algunos de los retos actuales que tienen las personas LGTBI y, en especial, las personas trans.<\/p>\n","protected":false},"author":14,"featured_media":30880478,"comment_status":"closed","ping_status":"open","sticky":false,"template":"","format":"standard","meta":{"_monsterinsights_skip_tracking":false,"_monsterinsights_sitenote_active":false,"_monsterinsights_sitenote_note":"","_monsterinsights_sitenote_category":0,"footnotes":""},"categories":[6],"tags":[350,8670,5883,2540,1260,8132,5085],"class_list":["post-30880477","post","type-post","status-publish","format-standard","has-post-thumbnail","hentry","category-institucional","tag-comunicacion","tag-fundacion-manuela-saborido","tag-igualdad-de-genero","tag-inclusion-social","tag-lenguaje","tag-lgtbi","tag-transexual"],"_links":{"self":[{"href":"https:\/\/www.upo.es\/diario\/wp-json\/wp\/v2\/posts\/30880477","targetHints":{"allow":["GET"]}}],"collection":[{"href":"https:\/\/www.upo.es\/diario\/wp-json\/wp\/v2\/posts"}],"about":[{"href":"https:\/\/www.upo.es\/diario\/wp-json\/wp\/v2\/types\/post"}],"author":[{"embeddable":true,"href":"https:\/\/www.upo.es\/diario\/wp-json\/wp\/v2\/users\/14"}],"replies":[{"embeddable":true,"href":"https:\/\/www.upo.es\/diario\/wp-json\/wp\/v2\/comments?post=30880477"}],"version-history":[{"count":5,"href":"https:\/\/www.upo.es\/diario\/wp-json\/wp\/v2\/posts\/30880477\/revisions"}],"predecessor-version":[{"id":30880484,"href":"https:\/\/www.upo.es\/diario\/wp-json\/wp\/v2\/posts\/30880477\/revisions\/30880484"}],"wp:featuredmedia":[{"embeddable":true,"href":"https:\/\/www.upo.es\/diario\/wp-json\/wp\/v2\/media\/30880478"}],"wp:attachment":[{"href":"https:\/\/www.upo.es\/diario\/wp-json\/wp\/v2\/media?parent=30880477"}],"wp:term":[{"taxonomy":"category","embeddable":true,"href":"https:\/\/www.upo.es\/diario\/wp-json\/wp\/v2\/categories?post=30880477"},{"taxonomy":"post_tag","embeddable":true,"href":"https:\/\/www.upo.es\/diario\/wp-json\/wp\/v2\/tags?post=30880477"}],"curies":[{"name":"wp","href":"https:\/\/api.w.org\/{rel}","templated":true}]}}