{"id":30880533,"date":"2023-11-30T10:23:34","date_gmt":"2023-11-30T09:23:34","guid":{"rendered":"https:\/\/www.upo.es\/diario\/?p=30880533"},"modified":"2023-12-11T09:46:45","modified_gmt":"2023-12-11T08:46:45","slug":"olavidealumni","status":"publish","type":"post","link":"https:\/\/www.upo.es\/diario\/comunidad\/2023\/11\/olavidealumni\/","title":{"rendered":"La Universidad Pablo de Olavide presenta el programa Olavide Alumni"},"content":{"rendered":"<figure id=\"attachment_30880536\" aria-describedby=\"caption-attachment-30880536\" style=\"width: 750px\" class=\"wp-caption aligncenter\"><a href=\"https:\/\/www.upo.es\/diario\/wp-content\/uploads\/2023\/11\/OlavideAlumni-3-scaled.jpg\"><img loading=\"lazy\" decoding=\"async\" class=\"size-large wp-image-30880536\" src=\"https:\/\/www.upo.es\/diario\/wp-content\/uploads\/2023\/11\/OlavideAlumni-3-750x500.jpg\" alt=\"\" width=\"750\" height=\"500\" srcset=\"https:\/\/www.upo.es\/diario\/wp-content\/uploads\/2023\/11\/OlavideAlumni-3-750x500.jpg 750w, https:\/\/www.upo.es\/diario\/wp-content\/uploads\/2023\/11\/OlavideAlumni-3-420x280.jpg 420w, https:\/\/www.upo.es\/diario\/wp-content\/uploads\/2023\/11\/OlavideAlumni-3-768x512.jpg 768w, https:\/\/www.upo.es\/diario\/wp-content\/uploads\/2023\/11\/OlavideAlumni-3-1536x1024.jpg 1536w, https:\/\/www.upo.es\/diario\/wp-content\/uploads\/2023\/11\/OlavideAlumni-3-2048x1365.jpg 2048w\" sizes=\"auto, (max-width: 750px) 100vw, 750px\" \/><\/a><figcaption id=\"caption-attachment-30880536\" class=\"wp-caption-text\">Re-conecta 2023, punto de encuentro para las diferentes generaciones de egresados y egresadas de la UPO<\/figcaption><\/figure>\n<p>La Universidad Pablo de Olavide ha celebrado el <strong>evento Re-conecta 2023<\/strong>, un encuentro para presentar el nuevo proyecto<strong> \u2018Olavide Alumni\u2019<\/strong> de la Universidad y que, adem\u00e1s ha servido como punto de encuentro para las diferentes generaciones de egresados y egresadas de la Olavide a lo largo de su historia.<\/p>\n<figure id=\"attachment_30880535\" aria-describedby=\"caption-attachment-30880535\" style=\"width: 420px\" class=\"wp-caption alignright\"><a href=\"https:\/\/www.upo.es\/diario\/wp-content\/uploads\/2023\/11\/OlavideAlumni-2-scaled.jpg\"><img loading=\"lazy\" decoding=\"async\" class=\"size-medium wp-image-30880535\" src=\"https:\/\/www.upo.es\/diario\/wp-content\/uploads\/2023\/11\/OlavideAlumni-2-420x280.jpg\" alt=\"\" width=\"420\" height=\"280\" srcset=\"https:\/\/www.upo.es\/diario\/wp-content\/uploads\/2023\/11\/OlavideAlumni-2-420x280.jpg 420w, https:\/\/www.upo.es\/diario\/wp-content\/uploads\/2023\/11\/OlavideAlumni-2-750x500.jpg 750w, https:\/\/www.upo.es\/diario\/wp-content\/uploads\/2023\/11\/OlavideAlumni-2-768x512.jpg 768w, https:\/\/www.upo.es\/diario\/wp-content\/uploads\/2023\/11\/OlavideAlumni-2-1536x1024.jpg 1536w\" sizes=\"auto, (max-width: 420px) 100vw, 420px\" \/><\/a><figcaption id=\"caption-attachment-30880535\" class=\"wp-caption-text\">Francisco Oliva, rector de la UPO<\/figcaption><\/figure>\n<p>Durante el evento, el rector, <strong>Francisco Oliva<\/strong>, ha destacado que \u201cOlavide Alumni es marca indeleble de la Universidad Pablo de Olavide\u201d porque los egresados y egresadas son los mejores embajadores de la Universidad. Oliva tambi\u00e9n ha se\u00f1alado que es un proyecto esencial que fortalece la relaci\u00f3n con el estudiantado egresado, es un programa en el que se lleva trabajando dos a\u00f1os y que cuenta adem\u00e1s con la aprobaci\u00f3n del Reglamento Olavide Alumni.<\/p>\n<p>Por su parte,\u00a0 la directora general de Empleabilidad y Emprendimiento de la Universidad, <strong>Amapola Povedano D\u00edaz<\/strong> ha se\u00f1alado que el evento Re-conecta se repetir\u00e1 cada a\u00f1o y que el objetivo es que los egresados y egresadas \u201cmantengan el v\u00ednculo con la Universidad, que participen de nuestra Formaci\u00f3n Permanente, que colaboren en los talleres de empleo mostrando su experiencia a los estudiantes actuales, que conozcan nuestra oferta cultural y que utilicen el programa como plataforma para relacionarse entre ellos a nivel profesional\u201d.<\/p>\n<p>El programa se ha definido como un instrumento para reavivar y fortalecer los v\u00ednculos que unen a los egresados y egresadas y es fruto del compromiso continuo de la Universidad con cada persona que pasa por ella. Para simbolizarlo, cada a\u00f1o se plantar\u00e1 un \u00e1rbol en el Jard\u00edn Olavide Alumni que se va a crear en la universidad y que inaugura este a\u00f1o con la plantaci\u00f3n de una encina como s\u00edmbolo de la sabidur\u00eda.<\/p>\n<p>Podr\u00e1n inscribirse en el programa \u2018Olavide Alumni\u2019 todas aquellas personas que hayan estudiado en la Universidad Pablo de Olavide alguna titulaci\u00f3n, oficial o propia de m\u00e1s de 30 ECTS o que hayan superado m\u00e1s de 180 cr\u00e9ditos de alguna de sus titulaciones. Las personas que se den de alta en el programa a trav\u00e9s de su p\u00e1gina web podr\u00e1n contar con los beneficios del programa entre los que se encuentra una bolsa de empleo activa a trav\u00e9s de la plataforma \u00cdcaro, participar en los clubs alumni que se crear\u00e1n o el pr\u00e9stamo bibliotecario gratuito entre otras ventajas.<\/p>\n<figure id=\"attachment_30880534\" aria-describedby=\"caption-attachment-30880534\" style=\"width: 420px\" class=\"wp-caption alignright\"><a href=\"https:\/\/www.upo.es\/diario\/wp-content\/uploads\/2023\/11\/OlavideAlumni-1-scaled.jpg\"><img loading=\"lazy\" decoding=\"async\" class=\"size-medium wp-image-30880534\" src=\"https:\/\/www.upo.es\/diario\/wp-content\/uploads\/2023\/11\/OlavideAlumni-1-420x280.jpg\" alt=\"\" width=\"420\" height=\"280\" srcset=\"https:\/\/www.upo.es\/diario\/wp-content\/uploads\/2023\/11\/OlavideAlumni-1-420x280.jpg 420w, https:\/\/www.upo.es\/diario\/wp-content\/uploads\/2023\/11\/OlavideAlumni-1-750x500.jpg 750w, https:\/\/www.upo.es\/diario\/wp-content\/uploads\/2023\/11\/OlavideAlumni-1-768x512.jpg 768w, https:\/\/www.upo.es\/diario\/wp-content\/uploads\/2023\/11\/OlavideAlumni-1-1536x1024.jpg 1536w\" sizes=\"auto, (max-width: 420px) 100vw, 420px\" \/><\/a><figcaption id=\"caption-attachment-30880534\" class=\"wp-caption-text\">Di\u00e1logo entre alumnis de la UPO: Manuel Rodr\u00edguez, Atenea Melgarejo, \u00c1ngel Delgado y Laura Melgal<\/figcaption><\/figure>\n<p>Tras la presentaci\u00f3n del proyecto se ha dado paso a un di\u00e1logo entrelazado entre cuatro alumni de la Universidad para poner en com\u00fan diferentes cuestiones sobre la formaci\u00f3n, el acceso al mercado laboral y el desarrollo profesional de las personas egresadas. Han participado en este di\u00e1logo Laura Melgar, doctora en Biotecnolog\u00eda, Ingenier\u00eda y Tecnolog\u00eda Qu\u00edmica; \u00c1ngel Delgado, licenciado en Humanidades; Atenea Melgarejo, doctora en Ciencias Jur\u00eddicas y Pol\u00edticas; y Manuel Rodr\u00edguez, graduado en An\u00e1lisis Econ\u00f3mico.<\/p>\n<p>Al acto, tambi\u00e9n han asistido el vicerrector de Estrategia y Planificaci\u00f3n Acad\u00e9mica, Jos\u00e9 Antonio S\u00e1nchez Medina; la vicerrectora de Relaciones Institucionales y Fundaciones, Laura L\u00f3pez de la Cruz; la vicerrectora de Estudiantes, Mari\u00e1n Mor\u00f3n Mart\u00edn; el vicerrector de Grado y Postgrado, Juan Rigoberto Tejedo Huam\u00e1n; la gerente, Concepci\u00f3n Mart\u00edn Brenes; el director de la Escuela de Doctorado, Juan Manuel Cort\u00e9s Copete; el decano de la Facultad de Ciencias Experimentales, Juan Carlos Rodr\u00edguez Aguilera; el decano de la Facultad de Ciencias del Deporte, Javier G\u00e1lvez Gonz\u00e1lez; y el ex rector de la UPO, Agust\u00edn Madrid Parra, entre otras autoridades acad\u00e9micas.<\/p>\n<p>Esta actividad, organizada por el <strong>\u00c1rea de Empleabilidad y Emprendimiento de la Fundaci\u00f3n UPO<\/strong> bajo las directrices de la <strong>Direcci\u00f3n General de Empleabilidad y Emprendimiento de la Universidad<\/strong> y financiada en colaboraci\u00f3n con el <strong>Ayuntamiento de Dos Hermanas<\/strong>, ha contado tambi\u00e9n con un espacio de networking en el que los asistentes al encuentro han podido conectar, reencontrarse e iniciar v\u00ednculos.<\/p>\n<p>Toda la informaci\u00f3n sobre el proyecto en <a href=\"https:\/\/alumni.upo.es\/\">Olavide Alumni<\/a>.<\/p>\n<p><a title=\"RE-conecta 2023. \" href=\"https:\/\/www.flickr.com\/photos\/pablodeolavide\/albums\/72177720313140753\" data-flickr-embed=\"true\" data-header=\"true\" data-footer=\"true\"><img loading=\"lazy\" decoding=\"async\" src=\"https:\/\/live.staticflickr.com\/65535\/53374957700_39706ca0ce_z.jpg\" alt=\"RE-conecta 2023. \" width=\"640\" height=\"480\" \/><\/a><script async src=\"\/\/embedr.flickr.com\/assets\/client-code.js\" charset=\"utf-8\"><\/script><\/p>\n<p>&nbsp;<\/p>\n<p>Fuente: Fundaci\u00f3n Universidad Pablo de Olavide.<\/p>\n","protected":false},"excerpt":{"rendered":"<p>La Universidad Pablo de Olavide ha celebrado el evento Re-conecta 2023, un encuentro para presentar el nuevo proyecto \u2018Olavide Alumni\u2019 de la Universidad y que, adem\u00e1s ha servido como punto de encuentro para las diferentes generaciones de egresados y egresadas de la Olavide a lo largo de su historia.<\/p>\n","protected":false},"author":4,"featured_media":30880536,"comment_status":"closed","ping_status":"open","sticky":false,"template":"","format":"standard","meta":{"_monsterinsights_skip_tracking":false,"_monsterinsights_sitenote_active":false,"_monsterinsights_sitenote_note":"","_monsterinsights_sitenote_category":0,"footnotes":""},"categories":[5842],"tags":[5068,2474,8551],"class_list":["post-30880533","post","type-post","status-publish","format-standard","has-post-thumbnail","hentry","category-comunidad","tag-area-de-empleabilidad-y-emprendimiento","tag-fundacion-universidad-pablo-de-olavide","tag-olavide-alumni"],"_links":{"self":[{"href":"https:\/\/www.upo.es\/diario\/wp-json\/wp\/v2\/posts\/30880533","targetHints":{"allow":["GET"]}}],"collection":[{"href":"https:\/\/www.upo.es\/diario\/wp-json\/wp\/v2\/posts"}],"about":[{"href":"https:\/\/www.upo.es\/diario\/wp-json\/wp\/v2\/types\/post"}],"author":[{"embeddable":true,"href":"https:\/\/www.upo.es\/diario\/wp-json\/wp\/v2\/users\/4"}],"replies":[{"embeddable":true,"href":"https:\/\/www.upo.es\/diario\/wp-json\/wp\/v2\/comments?post=30880533"}],"version-history":[{"count":6,"href":"https:\/\/www.upo.es\/diario\/wp-json\/wp\/v2\/posts\/30880533\/revisions"}],"predecessor-version":[{"id":30880599,"href":"https:\/\/www.upo.es\/diario\/wp-json\/wp\/v2\/posts\/30880533\/revisions\/30880599"}],"wp:featuredmedia":[{"embeddable":true,"href":"https:\/\/www.upo.es\/diario\/wp-json\/wp\/v2\/media\/30880536"}],"wp:attachment":[{"href":"https:\/\/www.upo.es\/diario\/wp-json\/wp\/v2\/media?parent=30880533"}],"wp:term":[{"taxonomy":"category","embeddable":true,"href":"https:\/\/www.upo.es\/diario\/wp-json\/wp\/v2\/categories?post=30880533"},{"taxonomy":"post_tag","embeddable":true,"href":"https:\/\/www.upo.es\/diario\/wp-json\/wp\/v2\/tags?post=30880533"}],"curies":[{"name":"wp","href":"https:\/\/api.w.org\/{rel}","templated":true}]}}