{"id":30880579,"date":"2023-11-30T06:17:42","date_gmt":"2023-11-30T05:17:42","guid":{"rendered":"https:\/\/www.upo.es\/diario\/?p=30880579"},"modified":"2023-12-01T11:31:06","modified_gmt":"2023-12-01T10:31:06","slug":"radiolavide-juan-antonio-ruiz-la-educacion-de-adultos-debera-ir-mas-alla-y-desbordar-la-institucion-educativa","status":"publish","type":"post","link":"https:\/\/www.upo.es\/diario\/podcast\/2023\/11\/radiolavide-juan-antonio-ruiz-la-educacion-de-adultos-debera-ir-mas-alla-y-desbordar-la-institucion-educativa\/","title":{"rendered":"RadiOlavide | Juan Antonio Ruiz: \u201cLa educaci\u00f3n de adultos deber\u00e1 ir m\u00e1s all\u00e1 y desbordar la instituci\u00f3n educativa\u201d"},"content":{"rendered":"<p><iframe loading=\"lazy\" id=\"pumukitiframe\" src=\"https:\/\/upotv.upo.es\/iframe\/65647ee6abe3c6983c8b456b\" width=\"560\" height=\"315\" frameborder=\"0\" allowfullscreen=\"allowfullscreen\"><\/iframe><br \/>\nLa educaci\u00f3n de personas adultas, dirigida a mayores de 18 a\u00f1os, ofrece la posibilidad de adquirir, actualizar, completar o ampliar conocimientos y aptitudes para su desarrollo personal y profesional. En esta ocasi\u00f3n, este podcast est\u00e1 dedicado al <strong>II Seminario de Educaci\u00f3n de Personas Adultas: un movimiento por la justicia social<\/strong>.<\/p>\n<p>La importancia del aprendizaje colectivo, de la perspectiva no acad\u00e9mica sino vital y el aprendizaje por la vida y para la vida, gu\u00edan esta conversaci\u00f3n entre los protagonistas de estas experiencias, entre ellos, Antonio Vidal, maestro de educaci\u00f3n de personas adultas, y Juan Antonio Ruiz, pedagogo y formador de personas adultas.<\/p>\n<p><img loading=\"lazy\" decoding=\"async\" class=\"size-medium wp-image-30880580 alignleft\" src=\"https:\/\/www.upo.es\/diario\/wp-content\/uploads\/2023\/12\/Antonio-Vidal-y-Juan-Antonio-Ruiz_3-420x246.jpg\" alt=\"Desde la Atalaya - RadiOlavide (Noviembre 2023)\" width=\"420\" height=\"246\" srcset=\"https:\/\/www.upo.es\/diario\/wp-content\/uploads\/2023\/12\/Antonio-Vidal-y-Juan-Antonio-Ruiz_3-420x246.jpg 420w, https:\/\/www.upo.es\/diario\/wp-content\/uploads\/2023\/12\/Antonio-Vidal-y-Juan-Antonio-Ruiz_3-750x440.jpg 750w, https:\/\/www.upo.es\/diario\/wp-content\/uploads\/2023\/12\/Antonio-Vidal-y-Juan-Antonio-Ruiz_3-768x450.jpg 768w, https:\/\/www.upo.es\/diario\/wp-content\/uploads\/2023\/12\/Antonio-Vidal-y-Juan-Antonio-Ruiz_3-1320x774.jpg 1320w, https:\/\/www.upo.es\/diario\/wp-content\/uploads\/2023\/12\/Antonio-Vidal-y-Juan-Antonio-Ruiz_3.jpg 1414w\" sizes=\"auto, (max-width: 420px) 100vw, 420px\" \/>Cr\u00e9ditos:<\/p>\n<p><strong>Presentan: <\/strong>Roc\u00edo Cruz D\u00edaz<\/p>\n<p><strong>Realizaci\u00f3n y edici\u00f3n<\/strong>: Emilio Plaza<\/p>\n<p>&nbsp;<\/p>\n<p>&nbsp;<\/p>\n<p>&nbsp;<\/p>\n<h3>M\u00e1s estrenos de RadiOlavide:<\/h3>\n<p><strong>Radio Wunderbar:<\/strong><br \/>\n<a href=\"https:\/\/upotv.upo.es\/video\/6564806cabe3c6603d8b4569\">https:\/\/upotv.upo.es\/video\/6564806cabe3c6603d8b4569<\/a><\/p>\n<p><strong>\u00d3rbita Olavide:<\/strong><br \/>\n<a href=\"https:\/\/upotv.upo.es\/video\/6564774fabe3c6073a8b4567\">https:\/\/upotv.upo.es\/video\/6564774fabe3c6073a8b4567<\/a><\/p>\n<p><strong>Especial RadiOlavide 25N_2023 &#8216;Tolerancia cero&#8217;:<\/strong><br \/>\n<a href=\"https:\/\/upotv.upo.es\/video\/655f191aabe3c6cf978b4568\">https:\/\/upotv.upo.es\/video\/655f191aabe3c6cf978b4568<\/a><\/p>\n","protected":false},"excerpt":{"rendered":"<p>La educaci\u00f3n de personas adultas, dirigida a mayores de 18 a\u00f1os, ofrece la posibilidad de adquirir, actualizar, completar o ampliar conocimientos y aptitudes para su desarrollo personal y profesional. En esta ocasi\u00f3n, este podcast est\u00e1 dedicado al II Seminario de Educaci\u00f3n de Personas Adultas: un movimiento por la justicia social.<\/p>\n","protected":false},"author":6,"featured_media":30880580,"comment_status":"closed","ping_status":"open","sticky":false,"template":"","format":"standard","meta":{"_monsterinsights_skip_tracking":false,"_monsterinsights_sitenote_active":false,"_monsterinsights_sitenote_note":"","_monsterinsights_sitenote_category":0,"footnotes":""},"categories":[8145],"tags":[],"class_list":["post-30880579","post","type-post","status-publish","format-standard","has-post-thumbnail","hentry","category-podcast"],"_links":{"self":[{"href":"https:\/\/www.upo.es\/diario\/wp-json\/wp\/v2\/posts\/30880579","targetHints":{"allow":["GET"]}}],"collection":[{"href":"https:\/\/www.upo.es\/diario\/wp-json\/wp\/v2\/posts"}],"about":[{"href":"https:\/\/www.upo.es\/diario\/wp-json\/wp\/v2\/types\/post"}],"author":[{"embeddable":true,"href":"https:\/\/www.upo.es\/diario\/wp-json\/wp\/v2\/users\/6"}],"replies":[{"embeddable":true,"href":"https:\/\/www.upo.es\/diario\/wp-json\/wp\/v2\/comments?post=30880579"}],"version-history":[{"count":3,"href":"https:\/\/www.upo.es\/diario\/wp-json\/wp\/v2\/posts\/30880579\/revisions"}],"predecessor-version":[{"id":30880583,"href":"https:\/\/www.upo.es\/diario\/wp-json\/wp\/v2\/posts\/30880579\/revisions\/30880583"}],"wp:featuredmedia":[{"embeddable":true,"href":"https:\/\/www.upo.es\/diario\/wp-json\/wp\/v2\/media\/30880580"}],"wp:attachment":[{"href":"https:\/\/www.upo.es\/diario\/wp-json\/wp\/v2\/media?parent=30880579"}],"wp:term":[{"taxonomy":"category","embeddable":true,"href":"https:\/\/www.upo.es\/diario\/wp-json\/wp\/v2\/categories?post=30880579"},{"taxonomy":"post_tag","embeddable":true,"href":"https:\/\/www.upo.es\/diario\/wp-json\/wp\/v2\/tags?post=30880579"}],"curies":[{"name":"wp","href":"https:\/\/api.w.org\/{rel}","templated":true}]}}