{"id":30880594,"date":"2023-12-04T12:03:00","date_gmt":"2023-12-04T11:03:00","guid":{"rendered":"https:\/\/www.upo.es\/diario\/?p=30880594"},"modified":"2023-12-11T12:21:51","modified_gmt":"2023-12-11T11:21:51","slug":"prohibidas-pero-no-vencidas-se-presenta-en-la-upo-el-libro-de-la-historia-ocultada-de-las-mujeres-en-el-deporte","status":"publish","type":"post","link":"https:\/\/www.upo.es\/diario\/docencia-formacion\/2023\/12\/prohibidas-pero-no-vencidas-se-presenta-en-la-upo-el-libro-de-la-historia-ocultada-de-las-mujeres-en-el-deporte\/","title":{"rendered":"Prohibidas pero no vencidas, se presenta en la UPO el libro de la historia ocultada de las mujeres en el deporte"},"content":{"rendered":"<figure id=\"attachment_30880595\" aria-describedby=\"caption-attachment-30880595\" style=\"width: 750px\" class=\"wp-caption aligncenter\"><a href=\"https:\/\/www.upo.es\/diario\/wp-content\/uploads\/2023\/12\/Imagen1_libromujeresdep.jpg\"><img loading=\"lazy\" decoding=\"async\" class=\"wp-image-30880595 size-large\" src=\"https:\/\/www.upo.es\/diario\/wp-content\/uploads\/2023\/12\/Imagen1_libromujeresdep-e1702293705196-750x431.jpg\" alt=\"\" width=\"750\" height=\"431\" srcset=\"https:\/\/www.upo.es\/diario\/wp-content\/uploads\/2023\/12\/Imagen1_libromujeresdep-e1702293705196-750x431.jpg 750w, https:\/\/www.upo.es\/diario\/wp-content\/uploads\/2023\/12\/Imagen1_libromujeresdep-e1702293705196-420x242.jpg 420w, https:\/\/www.upo.es\/diario\/wp-content\/uploads\/2023\/12\/Imagen1_libromujeresdep-e1702293705196-768x442.jpg 768w, https:\/\/www.upo.es\/diario\/wp-content\/uploads\/2023\/12\/Imagen1_libromujeresdep-e1702293705196-1536x883.jpg 1536w, https:\/\/www.upo.es\/diario\/wp-content\/uploads\/2023\/12\/Imagen1_libromujeresdep-e1702293705196-1320x759.jpg 1320w, https:\/\/www.upo.es\/diario\/wp-content\/uploads\/2023\/12\/Imagen1_libromujeresdep-e1702293705196.jpg 1600w\" sizes=\"auto, (max-width: 750px) 100vw, 750px\" \/><\/a><figcaption id=\"caption-attachment-30880595\" class=\"wp-caption-text\">Carlos Beltr\u00e1n, Javier G\u00e1lvez y M\u00f3nica Dom\u00ednguez presentan &#8216;Prohibidas pero no vencidas&#8217;<\/figcaption><\/figure>\n<p><strong>Carlos Beltr\u00e1n<\/strong> ha presentado en la Biblioteca\/CRAI la Universidad Pablo de Olavide el libro <strong><em>Prohibidas pero no vencidas. Mujeres pioneras del deporte<\/em> (Ediciones Desnivel)<\/strong> en un acto organizado por la Facultad de Ciencias del Deporte con el apoyo de la Delegaci\u00f3n del rector para la Igualdad de G\u00e9nero. En la mesa, han participado tambi\u00e9n la delegada del rector para la Igualdad de G\u00e9nero, <strong>M\u00f3nica Dom\u00ednguez Serrano<\/strong>, y el decano de la Facultad de Ciencias del Deporte, <strong>Javier G\u00e1lvez Gonz\u00e1lez<\/strong>.<\/p>\n<p>M\u00f3nica Dom\u00ednguez ha agradecido al autor \u201cpor tener la oportunidad de darle difusi\u00f3n a su obra, as\u00ed como sensibilizar sobre esta tem\u00e1tica. Es un trabajo muy profundo y muestra de su compromiso, que est\u00e1 en l\u00ednea con el trabajo que hacemos en la UPO sobre la necesidad de visibilizaci\u00f3n de las mujeres en determinados \u00e1mbitos que son especialmente complejos, como el del deporte\u201d.<\/p>\n<p>Esta obra recoge la historia ocultada del deporte practicado, impulsado y disfrutado por mujeres. Carlos Beltr\u00e1n ha explicado los or\u00edgenes de este proyecto cuando en el a\u00f1o 2000, trabajando en TVE, recibi\u00f3 el encargo de investigar sobre los Juegos Ol\u00edmpicos de \u00c1msterdam 1928. \u201cHace 23 a\u00f1os, las mujeres no aparec\u00edan en el deporte\u201d, ha destacado, cuando se plante\u00f3 \u201chacer una cronolog\u00eda y una red que contase la historia desde el principio de c\u00f3mo la sociedad se impregn\u00f3 del deporte con mujeres\u201d.<\/p>\n<p><a href=\"https:\/\/www.upo.es\/diario\/wp-content\/uploads\/2023\/12\/Prohibidas_pero_no_vencidas.jpg\"><img loading=\"lazy\" decoding=\"async\" class=\"alignright size-medium wp-image-30880596\" src=\"https:\/\/www.upo.es\/diario\/wp-content\/uploads\/2023\/12\/Prohibidas_pero_no_vencidas-274x420.jpg\" alt=\"\" width=\"274\" height=\"420\" srcset=\"https:\/\/www.upo.es\/diario\/wp-content\/uploads\/2023\/12\/Prohibidas_pero_no_vencidas-274x420.jpg 274w, https:\/\/www.upo.es\/diario\/wp-content\/uploads\/2023\/12\/Prohibidas_pero_no_vencidas-343x525.jpg 343w, https:\/\/www.upo.es\/diario\/wp-content\/uploads\/2023\/12\/Prohibidas_pero_no_vencidas.jpg 400w\" sizes=\"auto, (max-width: 274px) 100vw, 274px\" \/><\/a>\u201cDesde 2006 hasta 2020, consegu\u00ed tener una idea general de lo sucedido y por qu\u00e9 no nos lo hab\u00edan contado\u201d cuando, durante la pandemia por Covid-19, comenz\u00f3 a publicar hilos en Twitter \u201cque crec\u00edan hasta convertirse en algo que a la gente le interesaba de verdad, sobre grandes mujeres deportistas que, adem\u00e1s, hab\u00edan influido en su entorno social\u201d.<\/p>\n<h3><strong>Lucha por la igualdad<\/strong><\/h3>\n<p>El deporte femenino tuvo un papel importante, aunque desconocido, en la lucha por la igualdad de las mujeres en todos los \u00e1mbitos de la vida. A trav\u00e9s de una selecci\u00f3n de episodios de los siglos XIX y XX, <em>Prohibidas pero no vencidas<\/em>, con un estilo informal y divertido, revela c\u00f3mo distintas precursoras de buena parte del mundo &#8211; campeonas, pedagogas, artistas, aventureras- lograron lo que solo parec\u00eda reservado a la porci\u00f3n masculina de la humanidad, convirti\u00e9ndose as\u00ed en ejemplos de las capacidades f\u00edsicas y psicol\u00f3gicas de las mujeres.<\/p>\n<p>Seg\u00fan su autor, este libro no solo supone un complemento necesario a la historia del deporte, pues la mayor\u00eda de los nombres que aparecen entre sus p\u00e1ginas seguramente ser\u00e1n desconocidos para quien lo lea, sino que es imprescindible para entender la historia de las luchas por la igualdad.<\/p>\n<p>Carlos Beltr\u00e1n Castill\u00f3n (Madrid, 1969) es profesional de medios de comunicaci\u00f3n desde 1992, director de contenidos, presentador de televisi\u00f3n, actor de doblaje, director, guionista, redactor, realizador, productor, regidor y locutor.<\/p>\n<p>A partir de su participaci\u00f3n como presentador y guionista del programa \u2018Escuela del Deporte\u2019 de TVE, se especializ\u00f3 en divulgaci\u00f3n deportiva y ha desarrollado su carrera en programas como \u2018El sue\u00f1o ol\u00edmpico\u2019, \u2018Deporte divertido\u2019, \u2018Todo Nieve\u2019 o \u2018P\u00f3dium\u2019; y ha dirigido documentales como \u2018Las Ni\u00f1as de Oro\u2019. Escribe habitualmente sobre pensamiento cr\u00edtico y educaci\u00f3n y ha colaborado en varios libros de historia del deporte y de relatos, as\u00ed como en otras publicaciones de tema deportivo.<\/p>\n<p><strong>Referencia:<\/strong><\/p>\n<p>Beltr\u00e1n, C. (2022). <em>Prohibidas pero no vencidas. Mujeres pioneras del deporte<\/em>. Ediciones Desnivel. <a href=\"https:\/\/www.libreriadesnivel.com\/libros\/prohibidas-pero-no-vencidas\/9788498296099\/\">https:\/\/www.libreriadesnivel.com\/libros\/prohibidas-pero-no-vencidas\/9788498296099\/<\/a><\/p>\n<p>&nbsp;<\/p>\n","protected":false},"excerpt":{"rendered":"<p>Carlos Beltr\u00e1n ha presentado en la Biblioteca\/CRAI la Universidad Pablo de Olavide el libro Prohibidas pero no vencidas. Mujeres pioneras del deporte (Ediciones Desnivel) en un acto organizado por la Facultad de Ciencias del Deporte con el apoyo de la Delegaci\u00f3n del rector para la Igualdad de G\u00e9nero.<\/p>\n","protected":false},"author":14,"featured_media":30880595,"comment_status":"closed","ping_status":"open","sticky":false,"template":"","format":"standard","meta":{"_monsterinsights_skip_tracking":false,"_monsterinsights_sitenote_active":false,"_monsterinsights_sitenote_note":"","_monsterinsights_sitenote_category":0,"footnotes":""},"categories":[2779],"tags":[8677,7412,8678,231,3342,5883,333,1053,687],"class_list":["post-30880594","post","type-post","status-publish","format-standard","has-post-thumbnail","hentry","category-docencia-formacion","tag-carlos-beltran","tag-delegacion-del-rector-para-la-igualdad-de-genero","tag-deporte-femenino","tag-deportes-2","tag-facultad-de-ciencias-del-deporte","tag-igualdad-de-genero","tag-libro","tag-mujeres","tag-periodismo"],"_links":{"self":[{"href":"https:\/\/www.upo.es\/diario\/wp-json\/wp\/v2\/posts\/30880594","targetHints":{"allow":["GET"]}}],"collection":[{"href":"https:\/\/www.upo.es\/diario\/wp-json\/wp\/v2\/posts"}],"about":[{"href":"https:\/\/www.upo.es\/diario\/wp-json\/wp\/v2\/types\/post"}],"author":[{"embeddable":true,"href":"https:\/\/www.upo.es\/diario\/wp-json\/wp\/v2\/users\/14"}],"replies":[{"embeddable":true,"href":"https:\/\/www.upo.es\/diario\/wp-json\/wp\/v2\/comments?post=30880594"}],"version-history":[{"count":4,"href":"https:\/\/www.upo.es\/diario\/wp-json\/wp\/v2\/posts\/30880594\/revisions"}],"predecessor-version":[{"id":30880628,"href":"https:\/\/www.upo.es\/diario\/wp-json\/wp\/v2\/posts\/30880594\/revisions\/30880628"}],"wp:featuredmedia":[{"embeddable":true,"href":"https:\/\/www.upo.es\/diario\/wp-json\/wp\/v2\/media\/30880595"}],"wp:attachment":[{"href":"https:\/\/www.upo.es\/diario\/wp-json\/wp\/v2\/media?parent=30880594"}],"wp:term":[{"taxonomy":"category","embeddable":true,"href":"https:\/\/www.upo.es\/diario\/wp-json\/wp\/v2\/categories?post=30880594"},{"taxonomy":"post_tag","embeddable":true,"href":"https:\/\/www.upo.es\/diario\/wp-json\/wp\/v2\/tags?post=30880594"}],"curies":[{"name":"wp","href":"https:\/\/api.w.org\/{rel}","templated":true}]}}