{"id":30880602,"date":"2023-12-04T14:06:12","date_gmt":"2023-12-04T13:06:12","guid":{"rendered":"https:\/\/www.upo.es\/diario\/?p=30880602"},"modified":"2023-12-11T09:46:07","modified_gmt":"2023-12-11T08:46:07","slug":"una-jornada-en-la-upo-analiza-el-tratamiento-de-las-personas-con-discapacidad-en-los-medios-de-comunicacion","status":"publish","type":"post","link":"https:\/\/www.upo.es\/diario\/docencia-formacion\/2023\/12\/una-jornada-en-la-upo-analiza-el-tratamiento-de-las-personas-con-discapacidad-en-los-medios-de-comunicacion\/","title":{"rendered":"Una jornada en la UPO analiza el tratamiento de las personas con discapacidad en los medios de comunicaci\u00f3n"},"content":{"rendered":"<figure id=\"attachment_30880603\" aria-describedby=\"caption-attachment-30880603\" style=\"width: 750px\" class=\"wp-caption aligncenter\"><a href=\"https:\/\/www.upo.es\/diario\/wp-content\/uploads\/2023\/12\/Jornadas-CEDDD_20231204-1-scaled.jpg\"><img loading=\"lazy\" decoding=\"async\" class=\"size-large wp-image-30880603\" src=\"https:\/\/www.upo.es\/diario\/wp-content\/uploads\/2023\/12\/Jornadas-CEDDD_20231204-1-750x422.jpg\" alt=\"\" width=\"750\" height=\"422\" srcset=\"https:\/\/www.upo.es\/diario\/wp-content\/uploads\/2023\/12\/Jornadas-CEDDD_20231204-1-750x422.jpg 750w, https:\/\/www.upo.es\/diario\/wp-content\/uploads\/2023\/12\/Jornadas-CEDDD_20231204-1-420x236.jpg 420w, https:\/\/www.upo.es\/diario\/wp-content\/uploads\/2023\/12\/Jornadas-CEDDD_20231204-1-768x432.jpg 768w, https:\/\/www.upo.es\/diario\/wp-content\/uploads\/2023\/12\/Jornadas-CEDDD_20231204-1-1536x864.jpg 1536w, https:\/\/www.upo.es\/diario\/wp-content\/uploads\/2023\/12\/Jornadas-CEDDD_20231204-1-2048x1152.jpg 2048w\" sizes=\"auto, (max-width: 750px) 100vw, 750px\" \/><\/a><figcaption id=\"caption-attachment-30880603\" class=\"wp-caption-text\">Inauguraci\u00f3n de la Jornada &#8216;Difusi\u00f3n sin m\u00e1s&#8217; del CEDDD<\/figcaption><\/figure>\n<p>La Universidad Pablo de Olavide ha acogido la primera jornada presencial que ha organizado el <strong>Consejo Espa\u00f1ol para la Defensa de la Discapacidad y la Dependencia en Andaluc\u00eda<\/strong> (CEDDD Andaluc\u00eda) que, <strong>bajo el t\u00edtulo \u2018Difusi\u00f3n sin m\u00e1s\u2019, ha analizado el tratamiento de las personas con discapacidad en los medios de comunicaci\u00f3n regionales<\/strong>.<\/p>\n<p>El vicerrector de Cultura y Pol\u00edticas Sociales de la UPO, <strong>David Cobos Sanchiz<\/strong>, junto con la presidenta de CEDDD Andaluc\u00eda, <strong>Roc\u00edo de los Reyes Machuca<\/strong>, han inaugurado esta jornada. En la mesa de autoridades, tambi\u00e9n ha participado la vicepresidenta ejecutiva de CEDDD, <strong>Mar Ugarte Ozcoidi<\/strong>.<\/p>\n<p>David Cobos ha subrayado que la Universidad Pablo de Olavide \u201cest\u00e1 poniendo la atenci\u00f3n a la discapacidad en el centro de las pol\u00edticas sociales\u201d. Por otro lado, ha recordado que \u201cla mejora de los derechos de las personas con discapacidad ha sido un camino muy largo, pero a\u00fan queda mucho por recorrer, puesto que la tasa de actividad sigue siendo baja, as\u00ed como el n\u00famero de estudiantes que pasan por la universidad\u201d.<\/p>\n<p>Por su parte, Roc\u00edo de los Reyes ha agradecido a la UPO su colaboraci\u00f3n y trabajo por las personas con discapacidad; y Mar Ugarte ha resaltado la importancia de la comunicaci\u00f3n \u201ccomo cuesti\u00f3n vital que requiere una labor educativa. Y la universidad es una de las instituciones protagonistas en la educaci\u00f3n de las futuras generaciones\u201d.<\/p>\n<figure id=\"attachment_30880605\" aria-describedby=\"caption-attachment-30880605\" style=\"width: 420px\" class=\"wp-caption alignright\"><a href=\"https:\/\/www.upo.es\/diario\/wp-content\/uploads\/2023\/12\/Imagen2_JornCEDDD.jpg\"><img loading=\"lazy\" decoding=\"async\" class=\"size-medium wp-image-30880605\" src=\"https:\/\/www.upo.es\/diario\/wp-content\/uploads\/2023\/12\/Imagen2_JornCEDDD-420x291.jpg\" alt=\"\" width=\"420\" height=\"291\" srcset=\"https:\/\/www.upo.es\/diario\/wp-content\/uploads\/2023\/12\/Imagen2_JornCEDDD-420x291.jpg 420w, https:\/\/www.upo.es\/diario\/wp-content\/uploads\/2023\/12\/Imagen2_JornCEDDD-750x520.jpg 750w, https:\/\/www.upo.es\/diario\/wp-content\/uploads\/2023\/12\/Imagen2_JornCEDDD-768x532.jpg 768w, https:\/\/www.upo.es\/diario\/wp-content\/uploads\/2023\/12\/Imagen2_JornCEDDD-1536x1065.jpg 1536w, https:\/\/www.upo.es\/diario\/wp-content\/uploads\/2023\/12\/Imagen2_JornCEDDD-1320x915.jpg 1320w, https:\/\/www.upo.es\/diario\/wp-content\/uploads\/2023\/12\/Imagen2_JornCEDDD.jpg 1600w\" sizes=\"auto, (max-width: 420px) 100vw, 420px\" \/><\/a><figcaption id=\"caption-attachment-30880605\" class=\"wp-caption-text\">Mar Ugarte, Mar\u00eda Jos\u00e9 Parejo, Roc\u00edo de los Reyes, Roc\u00edo Ruiz y David Cobos<\/figcaption><\/figure>\n<p>La jornada contin\u00faa con la ponencia \u2018Contribuciones de la Universidad Pablo de Olavide a la inclusi\u00f3n\u2019, de <strong>Mar\u00eda Jos\u00e9 Parejo Guzm\u00e1n<\/strong>, directora general de Inclusi\u00f3n y Pol\u00edticas Socioculturales; y de <strong>Roc\u00edo Ruiz Dom\u00ednguez<\/strong>, consejera del Consejo Audiovisual Andaluz, que analizar\u00e1 el \u2018Informe de situaci\u00f3n actual sobre la presencia de personas con discapacidad en los medios de comunicaci\u00f3n y la publicidad\u2019.<\/p>\n<p>A continuaci\u00f3n, se desarrolla la mesa redonda \u2018Experiencias y desaf\u00edos en la inclusi\u00f3n\u2019 que modera <strong>Kino Gonz\u00e1lez<\/strong>, con la participaci\u00f3n de la directora de Everyone Consultores, <strong>Beatriz Garc\u00eda Reyes<\/strong>, y la presidenta de ALUS, <strong>Amalia S\u00e1nchez<\/strong>. La clausura correr\u00e1 a cargo de la delegada de Consumo, Salud, Cementerio, Protecci\u00f3n Animal y Distrito Macarena, <strong>Silvia Pozo S\u00e1nchez<\/strong>.<\/p>\n<p><strong>Sobre el CEDDD<\/strong><\/p>\n<p>El <a href=\"https:\/\/ceddd.org\/\">Consejo Espa\u00f1ol para la Defensa de la Discapacidad y la Dependencia<\/a> integra a personas, asociaciones y entidades, empresas e instituciones que trabajan para la defensa, la mejora y la representaci\u00f3n de las personas con discapacidad y\/o en situaci\u00f3n de dependencia y las personas mayores.<\/p>\n<p>Entre sus principios rectores, la organizaci\u00f3n, como entidad propositiva, apuesta por la transversalidad y opini\u00f3n diversa, la colaboraci\u00f3n p\u00fablico-privada, la corresponsabilidad, la libertad de elecci\u00f3n, la accesibilidad universal, la Agenda 2030, la internacionalizaci\u00f3n y el conocimiento, alianzas y trabajo en red.<\/p>\n<p>En la actualidad, CEDDD <strong>representa a m\u00e1s de 3.000 entidades y 350.000 profesionales; y atiende a m\u00e1s de 1,2 millones de personas<\/strong>. CEDDD Andaluc\u00eda es una de sus filiales regionales junto con las de Catalu\u00f1a, Comunidad de Madrid, Comunidad Valenciana y Castilla y Le\u00f3n.<\/p>\n<p>&nbsp;<\/p>\n","protected":false},"excerpt":{"rendered":"<p>La Universidad Pablo de Olavide ha acogido la primera jornada presencial que ha organizado el Consejo Espa\u00f1ol para la Defensa de la Discapacidad y la Dependencia en Andaluc\u00eda (CEDDD Andaluc\u00eda) que, bajo el t\u00edtulo \u2018Difusi\u00f3n sin m\u00e1s\u2019, ha analizado el tratamiento de las personas con discapacidad en los medios de comunicaci\u00f3n regionales.<\/p>\n","protected":false},"author":14,"featured_media":30880603,"comment_status":"closed","ping_status":"open","sticky":false,"template":"","format":"standard","meta":{"_monsterinsights_skip_tracking":false,"_monsterinsights_sitenote_active":false,"_monsterinsights_sitenote_note":"","_monsterinsights_sitenote_category":0,"footnotes":""},"categories":[2779],"tags":[8679,8680,1210,2540,514,984,7194],"class_list":["post-30880602","post","type-post","status-publish","format-standard","has-post-thumbnail","hentry","category-docencia-formacion","tag-ceddd","tag-consejo-audiovisual-andaluz","tag-discapacidad","tag-inclusion-social","tag-jornada","tag-medios-de-comunicacion","tag-vicerrectorado-de-cultura-y-politicas-sociales"],"_links":{"self":[{"href":"https:\/\/www.upo.es\/diario\/wp-json\/wp\/v2\/posts\/30880602","targetHints":{"allow":["GET"]}}],"collection":[{"href":"https:\/\/www.upo.es\/diario\/wp-json\/wp\/v2\/posts"}],"about":[{"href":"https:\/\/www.upo.es\/diario\/wp-json\/wp\/v2\/types\/post"}],"author":[{"embeddable":true,"href":"https:\/\/www.upo.es\/diario\/wp-json\/wp\/v2\/users\/14"}],"replies":[{"embeddable":true,"href":"https:\/\/www.upo.es\/diario\/wp-json\/wp\/v2\/comments?post=30880602"}],"version-history":[{"count":3,"href":"https:\/\/www.upo.es\/diario\/wp-json\/wp\/v2\/posts\/30880602\/revisions"}],"predecessor-version":[{"id":30880607,"href":"https:\/\/www.upo.es\/diario\/wp-json\/wp\/v2\/posts\/30880602\/revisions\/30880607"}],"wp:featuredmedia":[{"embeddable":true,"href":"https:\/\/www.upo.es\/diario\/wp-json\/wp\/v2\/media\/30880603"}],"wp:attachment":[{"href":"https:\/\/www.upo.es\/diario\/wp-json\/wp\/v2\/media?parent=30880602"}],"wp:term":[{"taxonomy":"category","embeddable":true,"href":"https:\/\/www.upo.es\/diario\/wp-json\/wp\/v2\/categories?post=30880602"},{"taxonomy":"post_tag","embeddable":true,"href":"https:\/\/www.upo.es\/diario\/wp-json\/wp\/v2\/tags?post=30880602"}],"curies":[{"name":"wp","href":"https:\/\/api.w.org\/{rel}","templated":true}]}}