{"id":30880717,"date":"2023-12-19T15:10:51","date_gmt":"2023-12-19T14:10:51","guid":{"rendered":"https:\/\/www.upo.es\/diario\/?p=30880717"},"modified":"2023-12-21T17:06:53","modified_gmt":"2023-12-21T16:06:53","slug":"el-ies-el-molinillo-de-guillena-gana-las-iv-olimpiadas-de-ciencias-ambientales","status":"publish","type":"post","link":"https:\/\/www.upo.es\/diario\/comunidad\/2023\/12\/el-ies-el-molinillo-de-guillena-gana-las-iv-olimpiadas-de-ciencias-ambientales\/","title":{"rendered":"El IES El Molinillo de Guillena gana las IV Olimpiadas de Ciencias Ambientales"},"content":{"rendered":"<figure id=\"attachment_30880718\" aria-describedby=\"caption-attachment-30880718\" style=\"width: 750px\" class=\"wp-caption aligncenter\"><a href=\"https:\/\/www.upo.es\/diario\/wp-content\/uploads\/2023\/12\/Olimpiadas-Ambientales-1-scaled.jpg\"><img loading=\"lazy\" decoding=\"async\" class=\"size-large wp-image-30880718\" src=\"https:\/\/www.upo.es\/diario\/wp-content\/uploads\/2023\/12\/Olimpiadas-Ambientales-1-750x500.jpg\" alt=\"\" width=\"750\" height=\"500\" srcset=\"https:\/\/www.upo.es\/diario\/wp-content\/uploads\/2023\/12\/Olimpiadas-Ambientales-1-750x500.jpg 750w, https:\/\/www.upo.es\/diario\/wp-content\/uploads\/2023\/12\/Olimpiadas-Ambientales-1-420x280.jpg 420w, https:\/\/www.upo.es\/diario\/wp-content\/uploads\/2023\/12\/Olimpiadas-Ambientales-1-768x512.jpg 768w, https:\/\/www.upo.es\/diario\/wp-content\/uploads\/2023\/12\/Olimpiadas-Ambientales-1-1536x1024.jpg 1536w, https:\/\/www.upo.es\/diario\/wp-content\/uploads\/2023\/12\/Olimpiadas-Ambientales-1-2048x1365.jpg 2048w\" sizes=\"auto, (max-width: 750px) 100vw, 750px\" \/><\/a><figcaption id=\"caption-attachment-30880718\" class=\"wp-caption-text\">Inauguraci\u00f3n de las IV Olimpiadas de Ciencias Ambientales<\/figcaption><\/figure>\n<p>El <strong>Instituto de Ense\u00f1anza Secundaria El Molinillo<\/strong> de la localidad de Guillena (Sevilla) ha sido el centro ganador de las <strong>IV Olimpiadas de Ciencias Ambientales de la Universidad Pablo de Olavide<\/strong>. Los y las estudiantes del proyecto vencedor podr\u00e1n realizar una pr\u00e1ctica de campo y laboratorio en el recinto de la Facultad de Ciencias Experimentales de la UPO y pr\u00e1cticas reales del Grado de Ciencias Ambientales.<\/p>\n<p>La jornada ha sido inaugurada por la vicerrectora de Estudiantes de la UPO, <strong>Mari\u00e1n Mor\u00f3n Mart\u00edn<\/strong>; y la mesa ha contado tambi\u00e9n con la participaci\u00f3n del decano de la Facultad de Ciencias Ambientales, <strong>Juan Carlos Rodr\u00edguez Aguilera<\/strong>; la vicedecana de Movilidad y Comunicaci\u00f3n, <strong>In\u00e9s Mart\u00ednez Pita<\/strong>; y el representante del Colegio de Ambient\u00f3logos de Andaluc\u00eda (COAMBA) en Sevilla, <strong>Carlos Ramos Munell<\/strong>.<\/p>\n<p>Tras la clausura de las Olimpiadas, los centros participantes han realizado una visita a los espacios de investigaci\u00f3n de la Universidad Pablo de Olavide como los laboratorios de bot\u00e1nica, ingenier\u00eda qu\u00edmica, biolog\u00eda celular, celdas solares, el CABD o los espacios de las lagunas, donde se desarrollan proyectos de restauraci\u00f3n y conservaci\u00f3n.<\/p>\n<p>Organizadas por la Facultad de Ciencias Experimentales de la UPO con la colaboraci\u00f3n del Vicerrectorado de Estudiantes, con esta iniciativa se invita a los centros educativos de la provincia de Sevilla a participar con un proyecto en el que se d\u00e9 a conocer las acciones que realiza el instituto en materia de sostenibilidad y proponer acciones para disminuir el uso de recursos y de huella ecol\u00f3gica.<\/p>\n<p>Las Olimpiadas han contado tambi\u00e9n con la participaci\u00f3n del <strong>IES Mar\u00eda Galiana<\/strong> (Dos Hermanas) y el <strong>Colegio Buen Pastor<\/strong> (Sevilla).<\/p>\n","protected":false},"excerpt":{"rendered":"<p>El Instituto de Ense\u00f1anza Secundaria El Molinillo de la localidad de Guillena (Sevilla) ha sido el centro ganador de las IV Olimpiadas de Ciencias Ambientales de la Universidad Pablo de Olavide. Los y las estudiantes del proyecto vencedor podr\u00e1n realizar una pr\u00e1ctica de campo y laboratorio en el recinto de la Facultad de Ciencias Experimentales de la UPO y pr\u00e1cticas reales del Grado de Ciencias Ambientales.<\/p>\n","protected":false},"author":14,"featured_media":30880718,"comment_status":"closed","ping_status":"open","sticky":false,"template":"","format":"standard","meta":{"_monsterinsights_skip_tracking":false,"_monsterinsights_sitenote_active":false,"_monsterinsights_sitenote_note":"","_monsterinsights_sitenote_category":0,"footnotes":""},"categories":[5842],"tags":[1099,2051,122,1654,832,2114],"class_list":["post-30880717","post","type-post","status-publish","format-standard","has-post-thumbnail","hentry","category-comunidad","tag-centros-educativos","tag-educacion-secundaria","tag-facultad-ciencias-experimentales","tag-grado-en-ciencias-ambientales","tag-sostenibilidad","tag-vicerrectorado-de-estudiantes"],"_links":{"self":[{"href":"https:\/\/www.upo.es\/diario\/wp-json\/wp\/v2\/posts\/30880717","targetHints":{"allow":["GET"]}}],"collection":[{"href":"https:\/\/www.upo.es\/diario\/wp-json\/wp\/v2\/posts"}],"about":[{"href":"https:\/\/www.upo.es\/diario\/wp-json\/wp\/v2\/types\/post"}],"author":[{"embeddable":true,"href":"https:\/\/www.upo.es\/diario\/wp-json\/wp\/v2\/users\/14"}],"replies":[{"embeddable":true,"href":"https:\/\/www.upo.es\/diario\/wp-json\/wp\/v2\/comments?post=30880717"}],"version-history":[{"count":4,"href":"https:\/\/www.upo.es\/diario\/wp-json\/wp\/v2\/posts\/30880717\/revisions"}],"predecessor-version":[{"id":30880722,"href":"https:\/\/www.upo.es\/diario\/wp-json\/wp\/v2\/posts\/30880717\/revisions\/30880722"}],"wp:featuredmedia":[{"embeddable":true,"href":"https:\/\/www.upo.es\/diario\/wp-json\/wp\/v2\/media\/30880718"}],"wp:attachment":[{"href":"https:\/\/www.upo.es\/diario\/wp-json\/wp\/v2\/media?parent=30880717"}],"wp:term":[{"taxonomy":"category","embeddable":true,"href":"https:\/\/www.upo.es\/diario\/wp-json\/wp\/v2\/categories?post=30880717"},{"taxonomy":"post_tag","embeddable":true,"href":"https:\/\/www.upo.es\/diario\/wp-json\/wp\/v2\/tags?post=30880717"}],"curies":[{"name":"wp","href":"https:\/\/api.w.org\/{rel}","templated":true}]}}