{"id":30880741,"date":"2023-12-20T13:17:24","date_gmt":"2023-12-20T12:17:24","guid":{"rendered":"https:\/\/www.upo.es\/diario\/?p=30880741"},"modified":"2024-01-12T14:03:15","modified_gmt":"2024-01-12T13:03:15","slug":"el-proyecto-fotovoz-vejez-sevilla-de-la-upo-ganador-del-concurso-de-proyectos-de-investigacion-social-2023-de-la-fundacion-foessa","status":"publish","type":"post","link":"https:\/\/www.upo.es\/diario\/docencia-formacion\/2023\/12\/el-proyecto-fotovoz-vejez-sevilla-de-la-upo-ganador-del-concurso-de-proyectos-de-investigacion-social-2023-de-la-fundacion-foessa\/","title":{"rendered":"El proyecto \u2018Fotovoz vejez-Sevilla\u2019 de la UPO, ganador del Concurso de proyectos de Investigaci\u00f3n Social 2023 de la Fundaci\u00f3n FOESSA"},"content":{"rendered":"<figure id=\"attachment_30880742\" aria-describedby=\"caption-attachment-30880742\" style=\"width: 750px\" class=\"wp-caption aligncenter\"><a href=\"https:\/\/www.upo.es\/diario\/wp-content\/uploads\/2023\/12\/premio_foessa-scaled.jpg\"><img loading=\"lazy\" decoding=\"async\" class=\"size-large wp-image-30880742\" src=\"https:\/\/www.upo.es\/diario\/wp-content\/uploads\/2023\/12\/premio_foessa-750x513.jpg\" alt=\"De izquierda a derecha, el profesor de la UPO Juan Manuel Garc\u00eda Gonz\u00e1lez; Ra\u00fal Flores, coordinador del equipo de estudios de C\u00e1ritas Espa\u00f1ola y secretario t\u00e9cnico de la Fundaci\u00f3n FOESSA; Manuel Breton, presidente de C\u00e1ritas Espa\u00f1ola y de la Fundaci\u00f3n FOESSA; y el coordinador del proyecto de investigaci\u00f3n Ignacio de Loyola Gonz\u00e1lez Salgado. \" width=\"750\" height=\"513\" srcset=\"https:\/\/www.upo.es\/diario\/wp-content\/uploads\/2023\/12\/premio_foessa-750x513.jpg 750w, https:\/\/www.upo.es\/diario\/wp-content\/uploads\/2023\/12\/premio_foessa-420x287.jpg 420w, https:\/\/www.upo.es\/diario\/wp-content\/uploads\/2023\/12\/premio_foessa-768x526.jpg 768w, https:\/\/www.upo.es\/diario\/wp-content\/uploads\/2023\/12\/premio_foessa-1536x1051.jpg 1536w, https:\/\/www.upo.es\/diario\/wp-content\/uploads\/2023\/12\/premio_foessa-2048x1402.jpg 2048w, https:\/\/www.upo.es\/diario\/wp-content\/uploads\/2023\/12\/premio_foessa-1320x904.jpg 1320w\" sizes=\"auto, (max-width: 750px) 100vw, 750px\" \/><\/a><figcaption id=\"caption-attachment-30880742\" class=\"wp-caption-text\">De izquierda a derecha, el profesor de la UPO Juan Manuel Garc\u00eda Gonz\u00e1lez; Ra\u00fal Flores, coordinador del equipo de estudios de C\u00e1ritas Espa\u00f1ola y secretario t\u00e9cnico de la Fundaci\u00f3n FOESSA; Manuel Breton, presidente de C\u00e1ritas Espa\u00f1ola y de la Fundaci\u00f3n FOESSA; y el coordinador del proyecto de investigaci\u00f3n Ignacio de Loyola Gonz\u00e1lez Salgado.<\/figcaption><\/figure>\n<p>El proyecto <strong>\u2018Fotovoz vejez-Sevilla\u2019,<\/strong> presentado por el investigador doctor de la Universidad Pablo de Olavide <strong>Ignacio de Loyola Gonz\u00e1lez Salgado<\/strong>, ha resultado ganador en la cuarta edici\u00f3n del <strong>Concurso de proyectos de Investigaci\u00f3n Social 2023<\/strong>, una iniciativa de la <strong>Fundaci\u00f3n FOESSA<\/strong> (Fomento de Estudios Sociales y Sociolog\u00eda Aplicada) que cuenta con una dotaci\u00f3n de 15.000 euros.<\/p>\n<p>La investigaci\u00f3n se desarrollar\u00e1 a lo largo de 12 meses en los distritos sevillanos de <strong>Macarena<\/strong> y <strong>Cerro-Amate<\/strong> con el objetivo de <strong>estudiar las percepciones que las personas mayores de 65 a\u00f1os tienen de la vejez, la vulnerabilidad y la soledad<\/strong> dentro del entorno que les rodea, as\u00ed como las formas de mejorar su situaci\u00f3n. Y todo ello, a trav\u00e9s de la foto elicitaci\u00f3n, es decir, las personas mayores que participan en este estudio fotografiar\u00e1n su propia realidad para luego poner en com\u00fan sus puntos de vista en grupos de discusi\u00f3n.<\/p>\n<p>El proyecto ha sido seleccionado entre m\u00e1s de una veintena de trabajos presentados y el jurado ha valorado \u201csu rigor a la par que su innovadora metodolog\u00eda, as\u00ed como la importancia social del colectivo que se propone investigar\u201d.<\/p>\n<p>\u00abCreemos que el estudio de la soledad, el envejecimiento y la vulnerabilidad en la poblaci\u00f3n del grupo etario de mayores de 65 a\u00f1os es importante para comprender y abordar los desaf\u00edos espec\u00edficos que enfrenta este grupo poblacional en t\u00e9rminos de calidad de vida, bienestar social y derechos\u00bb, explica Ignacio de Loyola Gonz\u00e1lez, quien realizar\u00e1 este estudio junto a los profesores del Departamento de Sociolog\u00eda <strong>Juan Manuel Garc\u00eda Gonz\u00e1lez<\/strong> y <strong>Ana Lara Merch\u00e1n<\/strong>.<\/p>\n<p>Empleando la <strong>t\u00e9cnica Fotovoz<\/strong>, una t\u00e9cnica de recogida de datos incluida dentro de la metodolog\u00eda de investigaci\u00f3n-acci\u00f3n participaci\u00f3n, las personas implicadas <strong>utilizar\u00e1n las fotograf\u00edas para describir y reflexionar sobre la vejez, la soledad y la vulnerabilidad en su entorno f\u00edsico<\/strong> (barrio, infraestructuras) y su <strong>entorno social<\/strong> (familia, amistades, actividades cotidianas). Adem\u00e1s de las fotograf\u00edas, dentro de la din\u00e1mica de Fotovoz tambi\u00e9n se llevar\u00e1n a cabo grupos de discusi\u00f3n que permitir\u00e1n estructurar los resultados obtenidos de las im\u00e1genes realizadas y dar lugar a la codificaci\u00f3n y clasificaci\u00f3n de los resultados seg\u00fan la tem\u00e1tica y los c\u00f3digos que emerjan en estas sesiones. \u201cEn el transcurso de estos grupos se seguir\u00e1 la regla \u2018SHOWED\u2019. \u201cEl nombre de la regla \u2018SHOWED\u2019 se construye en torno a las siglas en ingl\u00e9s de <em>See<\/em> (Ver: \u00bfqu\u00e9 puedes ver aqu\u00ed?), <em>Happening<\/em> (Pasando: \u00bfqu\u00e9 est\u00e1 pasando realmente?), <em>Our<\/em> (Nuestras: \u00bfC\u00f3mo se relaciona esto con nuestras vidas?), <em>Exist<\/em> (Existir: \u00bfpor qu\u00e9 este problema o caracter\u00edstica existe?) y <em>Do<\/em> (Hacer: \u00bfqu\u00e9 podemos hacer?)\u201d, explica Ignacio de Loyola Gonz\u00e1lez Salgado.<\/p>\n<p><strong>Conocimiento de la realidad social<\/strong><\/p>\n<p>El Concurso de Investigaci\u00f3n en Proyectos Sociales de la Fundaci\u00f3n FOESSA pretende contribuir, a trav\u00e9s de la financiaci\u00f3n, en la <strong>profundizaci\u00f3n y conocimiento de la realidad social espa\u00f1ola<\/strong>. En l\u00ednea con este objetivo, los proyectos de investigaci\u00f3n que se presentan al jurado centran su atenci\u00f3n especialmente en los nuevos factores exclus\u00f3genos y en los nuevos procesos sociales que pueden cristalizar en nuevas din\u00e1micas generadoras de exclusi\u00f3n social.<\/p>\n<p>Por ello, las propuestas deben versar sobre las tem\u00e1ticas incluidas en los cuatro ejes fundamentales que sintetizan las l\u00edneas de investigaci\u00f3n de la Fundaci\u00f3n FOESSA: estructura social y desigualdad; agentes y actores sociales; dimensi\u00f3n internacional del desarrollo y procesos globales; y met\u00e1foras que generan modelo social.<\/p>\n<p>El Premio cuenta con una dotaci\u00f3n econ\u00f3mica de 15.000 euros con el objeto de desarrollar total o parcialmente el proyecto, hasta convertirlo en un informe de investigaci\u00f3n. Este importe incluye todos los gastos necesarios para realizar la investigaci\u00f3n.<\/p>\n<p>La Fundaci\u00f3n FOESSA fue creada por C\u00e1ritas Espa\u00f1ola en 1965 y tiene entre sus prop\u00f3sitos principales \u201cservir a los intereses generales de la sociedad a trav\u00e9s de la investigaci\u00f3n aplicada y la difusi\u00f3n de temas sociales, la promoci\u00f3n y realizaci\u00f3n de estudios de investigaci\u00f3n relativos a la realidad social, cultural y econ\u00f3mica de Espa\u00f1a y de otros pa\u00edses\u201d.<\/p>\n","protected":false},"excerpt":{"rendered":"<p>El proyecto \u2018Fotovoz vejez-Sevilla\u2019, presentado por el investigador doctor de la Universidad Pablo de Olavide Ignacio de Loyola Gonz\u00e1lez Salgado, ha resultado ganador en la cuarta edici\u00f3n del Concurso de proyectos de Investigaci\u00f3n Social 2023, una iniciativa de la Fundaci\u00f3n FOESSA (Fomento de Estudios Sociales y Sociolog\u00eda Aplicada) que cuenta con una dotaci\u00f3n de 15.000 euros.<\/p>\n","protected":false},"author":2,"featured_media":30880742,"comment_status":"closed","ping_status":"open","sticky":false,"template":"","format":"standard","meta":{"_monsterinsights_skip_tracking":false,"_monsterinsights_sitenote_active":false,"_monsterinsights_sitenote_note":"","_monsterinsights_sitenote_category":0,"footnotes":""},"categories":[2779],"tags":[59,859,2764,8695,8696,8207,58,933,8697,6835,1477,7620],"class_list":["post-30880741","post","type-post","status-publish","format-standard","has-post-thumbnail","hentry","category-docencia-formacion","tag-concurso","tag-estudio","tag-fotografias","tag-fotovoz","tag-fundacion-foessa","tag-investigacion-social","tag-premio","tag-proyecto","tag-realidad-social","tag-soledad","tag-vejez","tag-vulnerabilidad"],"_links":{"self":[{"href":"https:\/\/www.upo.es\/diario\/wp-json\/wp\/v2\/posts\/30880741","targetHints":{"allow":["GET"]}}],"collection":[{"href":"https:\/\/www.upo.es\/diario\/wp-json\/wp\/v2\/posts"}],"about":[{"href":"https:\/\/www.upo.es\/diario\/wp-json\/wp\/v2\/types\/post"}],"author":[{"embeddable":true,"href":"https:\/\/www.upo.es\/diario\/wp-json\/wp\/v2\/users\/2"}],"replies":[{"embeddable":true,"href":"https:\/\/www.upo.es\/diario\/wp-json\/wp\/v2\/comments?post=30880741"}],"version-history":[{"count":1,"href":"https:\/\/www.upo.es\/diario\/wp-json\/wp\/v2\/posts\/30880741\/revisions"}],"predecessor-version":[{"id":30880743,"href":"https:\/\/www.upo.es\/diario\/wp-json\/wp\/v2\/posts\/30880741\/revisions\/30880743"}],"wp:featuredmedia":[{"embeddable":true,"href":"https:\/\/www.upo.es\/diario\/wp-json\/wp\/v2\/media\/30880742"}],"wp:attachment":[{"href":"https:\/\/www.upo.es\/diario\/wp-json\/wp\/v2\/media?parent=30880741"}],"wp:term":[{"taxonomy":"category","embeddable":true,"href":"https:\/\/www.upo.es\/diario\/wp-json\/wp\/v2\/categories?post=30880741"},{"taxonomy":"post_tag","embeddable":true,"href":"https:\/\/www.upo.es\/diario\/wp-json\/wp\/v2\/tags?post=30880741"}],"curies":[{"name":"wp","href":"https:\/\/api.w.org\/{rel}","templated":true}]}}