{"id":30880773,"date":"2024-01-11T14:08:12","date_gmt":"2024-01-11T13:08:12","guid":{"rendered":"https:\/\/www.upo.es\/diario\/?p=30880773"},"modified":"2024-01-18T15:43:08","modified_gmt":"2024-01-18T14:43:08","slug":"santiponce-encuentro-provincial-aula-abierta-de-mayores-upo","status":"publish","type":"post","link":"https:\/\/www.upo.es\/diario\/comunidad\/2024\/01\/santiponce-encuentro-provincial-aula-abierta-de-mayores-upo\/","title":{"rendered":"Santiponce acoge este a\u00f1o el VI Encuentro Provincial del Aula Abierta de Mayores de la Universidad Pablo de Olavide"},"content":{"rendered":"<figure id=\"attachment_30880774\" aria-describedby=\"caption-attachment-30880774\" style=\"width: 750px\" class=\"wp-caption aligncenter\"><a href=\"https:\/\/www.upo.es\/diario\/wp-content\/uploads\/2024\/01\/3cce97b3-3a81-4fc2-add5-b3795af4cb1a.jpg\"><img loading=\"lazy\" decoding=\"async\" class=\"wp-image-30880774 size-large\" src=\"https:\/\/www.upo.es\/diario\/wp-content\/uploads\/2024\/01\/3cce97b3-3a81-4fc2-add5-b3795af4cb1a-750x422.jpg\" alt=\"\" width=\"750\" height=\"422\" srcset=\"https:\/\/www.upo.es\/diario\/wp-content\/uploads\/2024\/01\/3cce97b3-3a81-4fc2-add5-b3795af4cb1a-750x422.jpg 750w, https:\/\/www.upo.es\/diario\/wp-content\/uploads\/2024\/01\/3cce97b3-3a81-4fc2-add5-b3795af4cb1a-420x236.jpg 420w, https:\/\/www.upo.es\/diario\/wp-content\/uploads\/2024\/01\/3cce97b3-3a81-4fc2-add5-b3795af4cb1a-768x432.jpg 768w, https:\/\/www.upo.es\/diario\/wp-content\/uploads\/2024\/01\/3cce97b3-3a81-4fc2-add5-b3795af4cb1a-1536x864.jpg 1536w, https:\/\/www.upo.es\/diario\/wp-content\/uploads\/2024\/01\/3cce97b3-3a81-4fc2-add5-b3795af4cb1a-1320x743.jpg 1320w, https:\/\/www.upo.es\/diario\/wp-content\/uploads\/2024\/01\/3cce97b3-3a81-4fc2-add5-b3795af4cb1a.jpg 2048w\" sizes=\"auto, (max-width: 750px) 100vw, 750px\" \/><\/a><figcaption id=\"caption-attachment-30880774\" class=\"wp-caption-text\">La inauguraci\u00f3n del encuentro, titulado \u2018Santiponce: tu camino, tu destino\u2019, se celebr\u00f3 en la localidad anfitriona.<\/figcaption><\/figure>\n<p>La inauguraci\u00f3n del encuentro, que lleva como subt\u00edtulo <strong>\u2018Santiponce: tu camino, tu destino<\/strong>\u2019, se celebr\u00f3 ayer en la localidad anfitriona y fue presidido por el vicerrector de Cultura y Pol\u00edticas Sociales, David Cobos; y el alcalde de Santiponce, Juan Jos\u00e9 Ortega. Adem\u00e1s, tambi\u00e9n estuvieron presentes en la inauguraci\u00f3n el alcalde de Las Cabezas de San Juan, Jos\u00e9 Solano; la directora acad\u00e9mica del Aula Abierta de Mayores, Roc\u00edo Cruz; la delegada de Bienestar Social del Ayuntamiento de Santiponce, Francisca Mateos; la delegada de Educaci\u00f3n del Ayuntamiento de Las Cabezas de San Juan, Noem\u00ed Marchena; as\u00ed como el equipo de coordinaci\u00f3n del programa AAM y estudiantes de Santiponce y Las Cabezas de San Juan.<\/p>\n<p>Tras la inauguraci\u00f3n, en la que se destac\u00f3 la potencialidad del encuentro, se puso en valor el fomento de la educaci\u00f3n de nuestros mayores a trav\u00e9s de la riqueza cultural de los municipios, garantizando a su vez el empoderamiento del alumnado y la convivencia entre personas de diferentes localidades.<\/p>\n<p>Las visitas del estudiantado senior de las distintas sedes municipales a Santiponce tendr\u00e1n lugar entre los meses de enero a mayo y en cada una de ellas se celebrar\u00e1n cuatro seminarios en los que los estudiantes de la sede anfitriona ejercer\u00e1n de cicerones, siendo los encargados de mostrar la historia, patrimonio, arte y gastronom\u00eda de su localidad al resto de compa\u00f1eros y compa\u00f1eras.<\/p>\n<p>El Encuentro Provincial, que se viene realizando desde el a\u00f1o 2016, forma parte de las acciones recogidas en el <strong>Programa de Envejecimiento Activo y Solidaridad Intergeneracional del Aula Abierta de Mayores<\/strong> para el curso actual y que recoge tambi\u00e9n acciones como seminarios acad\u00e9micos y jornadas culturales que se celebrar\u00e1n tambi\u00e9n en los pr\u00f3ximos meses.<\/p>\n<p>El Aula Abierta de Mayores de la UPO, gestionado por la Fundaci\u00f3n Universidad Pablo de Olavide, es un programa universitario para personas mayores de 50 a\u00f1os, de formaci\u00f3n cient\u00edfica, cultura y social que persigue mejorar la calidad de vida de estas personas y fomentar su participaci\u00f3n como dinamizadores y dinamizadoras sociales. El programa est\u00e1 financiado por la Diputaci\u00f3n Provincial de Sevilla, la Fundaci\u00f3n La Caixa y la Consejer\u00eda de Inclusi\u00f3n Social, Juventud y Familias de la Junta de Andaluc\u00eda.<\/p>\n<p>Durante el curso 2023\/2024, el AAM cuenta con un total de 1136 alumnos y alumnas de 23 municipios sevillanos: Alcal\u00e1 de Guada\u00edra, Almensilla, Aznalc\u00f3llar, Bollullos de la Mitaci\u00f3n, Bormujos, Casariche, Castilleja de la Cuesta, Dos Hermanas, El Viso del Alcor, Gerena, Gilena, Gines, Herrera, La Algaba, La Puebla de Cazalla, las Cabezas de San Juan, Lebrija, Mairena del Alcor, Pedrera, Pilas, Salteras, Santiponce y Tomares.<\/p>\n<p>Los alumnos y alumnas de este programa reciben formaci\u00f3n en materias como Arte y Humanidades; Ciencias Sociales; Ciencias de la Salud y Biosanitarias; Ciencias Experimentales, de la Tierra y del Medio Ambiente; Ciencias Tecnol\u00f3gicas y de la Comunicaci\u00f3n; Ciencias Jur\u00eddicas y Econ\u00f3micas; Ciencias de la Actividad F\u00edsica y del Deporte; y M\u00e9todos y Modelos de Investigaci\u00f3n. Durante este curso acad\u00e9mico 2023\/2024 participar\u00e1n en el proyecto m\u00e1s de 150 docentes de la Universidad Pablo de Olavide, as\u00ed como profesorado colaborador de los respectivos municipios y personas expertas en las distintas materias.<\/p>\n<p>Fuente: Fundaci\u00f3n Universidad Pablo de Olavide<\/p>\n","protected":false},"excerpt":{"rendered":"<p>La Universidad Pablo de Olavide ha inaugurado en el municipio de Santiponce el VI Encuentro Provincial del Aula Abierta de Mayores de la Universidad Pablo de Olavide, un encuentro que bajo el t\u00edtulo \u2018La provincia de Sevilla contada por sus mayores\u2019 recibir\u00e1 hasta el pr\u00f3ximo mes de mayo visitas de las distintas sedes que forman parte del Aula Abierta de Mayores.<\/p>\n","protected":false},"author":4,"featured_media":30880774,"comment_status":"closed","ping_status":"open","sticky":false,"template":"","format":"standard","meta":{"_monsterinsights_skip_tracking":false,"_monsterinsights_sitenote_active":false,"_monsterinsights_sitenote_note":"","_monsterinsights_sitenote_category":0,"footnotes":""},"categories":[5842],"tags":[52,8700,2160,1431,7194],"class_list":["post-30880773","post","type-post","status-publish","format-standard","has-post-thumbnail","hentry","category-comunidad","tag-aula-abierta-de-mayores","tag-encuentro-provincial","tag-personas-mayores","tag-santiponce","tag-vicerrectorado-de-cultura-y-politicas-sociales"],"_links":{"self":[{"href":"https:\/\/www.upo.es\/diario\/wp-json\/wp\/v2\/posts\/30880773","targetHints":{"allow":["GET"]}}],"collection":[{"href":"https:\/\/www.upo.es\/diario\/wp-json\/wp\/v2\/posts"}],"about":[{"href":"https:\/\/www.upo.es\/diario\/wp-json\/wp\/v2\/types\/post"}],"author":[{"embeddable":true,"href":"https:\/\/www.upo.es\/diario\/wp-json\/wp\/v2\/users\/4"}],"replies":[{"embeddable":true,"href":"https:\/\/www.upo.es\/diario\/wp-json\/wp\/v2\/comments?post=30880773"}],"version-history":[{"count":1,"href":"https:\/\/www.upo.es\/diario\/wp-json\/wp\/v2\/posts\/30880773\/revisions"}],"predecessor-version":[{"id":30880776,"href":"https:\/\/www.upo.es\/diario\/wp-json\/wp\/v2\/posts\/30880773\/revisions\/30880776"}],"wp:featuredmedia":[{"embeddable":true,"href":"https:\/\/www.upo.es\/diario\/wp-json\/wp\/v2\/media\/30880774"}],"wp:attachment":[{"href":"https:\/\/www.upo.es\/diario\/wp-json\/wp\/v2\/media?parent=30880773"}],"wp:term":[{"taxonomy":"category","embeddable":true,"href":"https:\/\/www.upo.es\/diario\/wp-json\/wp\/v2\/categories?post=30880773"},{"taxonomy":"post_tag","embeddable":true,"href":"https:\/\/www.upo.es\/diario\/wp-json\/wp\/v2\/tags?post=30880773"}],"curies":[{"name":"wp","href":"https:\/\/api.w.org\/{rel}","templated":true}]}}