{"id":30880777,"date":"2024-01-12T13:57:00","date_gmt":"2024-01-12T12:57:00","guid":{"rendered":"https:\/\/www.upo.es\/diario\/?p=30880777"},"modified":"2024-01-17T10:08:10","modified_gmt":"2024-01-17T09:08:10","slug":"la-junta-asumira-el-coste-de-la-seguridad-social-de-los-28-000-universitarios-en-practicas-en-la-administracion","status":"publish","type":"post","link":"https:\/\/www.upo.es\/diario\/institucional\/2024\/01\/la-junta-asumira-el-coste-de-la-seguridad-social-de-los-28-000-universitarios-en-practicas-en-la-administracion\/","title":{"rendered":"La Junta asumir\u00e1 el coste de la Seguridad Social de los 28.000 universitarios en pr\u00e1cticas en la Administraci\u00f3n"},"content":{"rendered":"<p><strong> <a href=\"https:\/\/www.upo.es\/diario\/wp-content\/uploads\/2024\/01\/Conve-practicas-Junta-UnivPubAnd-scaled.jpg\"><img loading=\"lazy\" decoding=\"async\" class=\"aligncenter size-large wp-image-30880779\" src=\"https:\/\/www.upo.es\/diario\/wp-content\/uploads\/2024\/01\/Conve-practicas-Junta-UnivPubAnd-750x410.jpg\" alt=\"\" width=\"750\" height=\"410\" srcset=\"https:\/\/www.upo.es\/diario\/wp-content\/uploads\/2024\/01\/Conve-practicas-Junta-UnivPubAnd-750x410.jpg 750w, https:\/\/www.upo.es\/diario\/wp-content\/uploads\/2024\/01\/Conve-practicas-Junta-UnivPubAnd-420x230.jpg 420w, https:\/\/www.upo.es\/diario\/wp-content\/uploads\/2024\/01\/Conve-practicas-Junta-UnivPubAnd-768x420.jpg 768w, https:\/\/www.upo.es\/diario\/wp-content\/uploads\/2024\/01\/Conve-practicas-Junta-UnivPubAnd-1536x840.jpg 1536w, https:\/\/www.upo.es\/diario\/wp-content\/uploads\/2024\/01\/Conve-practicas-Junta-UnivPubAnd-2048x1120.jpg 2048w, https:\/\/www.upo.es\/diario\/wp-content\/uploads\/2024\/01\/Conve-practicas-Junta-UnivPubAnd-1320x722.jpg 1320w\" sizes=\"auto, (max-width: 750px) 100vw, 750px\" \/><\/a>Jos\u00e9 Carlos G\u00f3mez Villamandos<\/strong>, consejero de Universidad, Investigaci\u00f3n e Innovaci\u00f3n,\u00a0 ha firmado esta ma\u00f1ana un convenio con las universidades p\u00fablicas andaluzas por el que la Junta de Andaluc\u00eda asume el coste de la cotizaci\u00f3n de la Seguridad Social de aquellos estudiantes que realicen pr\u00e1cticas en la administraci\u00f3n de la Junta de Andaluc\u00eda. Seg\u00fan ha informado el presidente andaluz, <strong>Juan Manuel Moreno<\/strong>, el convenio<strong> contempla una partida de 420.000 euros<\/strong> y de la medida \u00abse van a beneficiar m\u00e1s de 28.000 estudiantes andaluces que podr\u00e1n seguir realizando sus pr\u00e1cticas con total garant\u00eda en la administraci\u00f3n auton\u00f3mica\u00bb.<\/p>\n<p>La firma del convenio por el consejero, con los rectores y rectora de las universidades p\u00fablicas de Andaluc\u00eda, se ha celebrado en un acto previo a la <strong>toma de posesi\u00f3n del nuevo rector de la Universidad de Almer\u00eda, Jos\u00e9 C\u00e9spedes<\/strong>, celebrado en el Palacio de San Telmo.<\/p>\n<p>Fuente: Europa Press<\/p>\n<p>&nbsp;<\/p>\n","protected":false},"excerpt":{"rendered":"<p>Jos\u00e9 Carlos G\u00f3mez Villamandos, consejero de Universidad, Investigaci\u00f3n e Innovaci\u00f3n,\u00a0 ha firmado esta ma\u00f1ana un convenio con las universidades p\u00fablicas andaluzas por el que la Junta de Andaluc\u00eda asume el coste de la cotizaci\u00f3n de la Seguridad Social de aquellos estudiantes que realicen pr\u00e1cticas en la administraci\u00f3n de la Junta de Andaluc\u00eda.<\/p>\n","protected":false},"author":6,"featured_media":30880779,"comment_status":"closed","ping_status":"open","sticky":false,"template":"","format":"standard","meta":{"_monsterinsights_skip_tracking":false,"_monsterinsights_sitenote_active":false,"_monsterinsights_sitenote_note":"","_monsterinsights_sitenote_category":0,"footnotes":""},"categories":[6],"tags":[8075,326,21,203,65,439,5488],"class_list":["post-30880777","post","type-post","status-publish","format-standard","has-post-thumbnail","hentry","category-institucional","tag-consejeria-de-universidad","tag-convenio","tag-estudiantes","tag-junta-de-andalucia","tag-practicas","tag-seguridad-social","tag-universidades-publicas-andaluzas"],"_links":{"self":[{"href":"https:\/\/www.upo.es\/diario\/wp-json\/wp\/v2\/posts\/30880777","targetHints":{"allow":["GET"]}}],"collection":[{"href":"https:\/\/www.upo.es\/diario\/wp-json\/wp\/v2\/posts"}],"about":[{"href":"https:\/\/www.upo.es\/diario\/wp-json\/wp\/v2\/types\/post"}],"author":[{"embeddable":true,"href":"https:\/\/www.upo.es\/diario\/wp-json\/wp\/v2\/users\/6"}],"replies":[{"embeddable":true,"href":"https:\/\/www.upo.es\/diario\/wp-json\/wp\/v2\/comments?post=30880777"}],"version-history":[{"count":4,"href":"https:\/\/www.upo.es\/diario\/wp-json\/wp\/v2\/posts\/30880777\/revisions"}],"predecessor-version":[{"id":30880782,"href":"https:\/\/www.upo.es\/diario\/wp-json\/wp\/v2\/posts\/30880777\/revisions\/30880782"}],"wp:featuredmedia":[{"embeddable":true,"href":"https:\/\/www.upo.es\/diario\/wp-json\/wp\/v2\/media\/30880779"}],"wp:attachment":[{"href":"https:\/\/www.upo.es\/diario\/wp-json\/wp\/v2\/media?parent=30880777"}],"wp:term":[{"taxonomy":"category","embeddable":true,"href":"https:\/\/www.upo.es\/diario\/wp-json\/wp\/v2\/categories?post=30880777"},{"taxonomy":"post_tag","embeddable":true,"href":"https:\/\/www.upo.es\/diario\/wp-json\/wp\/v2\/tags?post=30880777"}],"curies":[{"name":"wp","href":"https:\/\/api.w.org\/{rel}","templated":true}]}}