{"id":30880783,"date":"2024-01-15T06:52:02","date_gmt":"2024-01-15T05:52:02","guid":{"rendered":"https:\/\/www.upo.es\/diario\/?p=30880783"},"modified":"2024-01-23T09:35:56","modified_gmt":"2024-01-23T08:35:56","slug":"las-elecciones-al-claustro-de-la-universidad-pablo-de-olavide-seran-del-7-al-9-de-febrero-con-votacion-electronica","status":"publish","type":"post","link":"https:\/\/www.upo.es\/diario\/comunidad\/2024\/01\/las-elecciones-al-claustro-de-la-universidad-pablo-de-olavide-seran-del-7-al-9-de-febrero-con-votacion-electronica\/","title":{"rendered":"Las elecciones al Claustro de la Universidad Pablo de Olavide ser\u00e1n del 7 al 9 de febrero con votaci\u00f3n electr\u00f3nica"},"content":{"rendered":"<figure id=\"attachment_30880617\" aria-describedby=\"caption-attachment-30880617\" style=\"width: 750px\" class=\"wp-caption aligncenter\"><a href=\"https:\/\/www.upo.es\/diario\/wp-content\/uploads\/2023\/12\/Claustro_20231205-2-scaled.jpg\"><img loading=\"lazy\" decoding=\"async\" class=\"size-large wp-image-30880617\" src=\"https:\/\/www.upo.es\/diario\/wp-content\/uploads\/2023\/12\/Claustro_20231205-2-750x422.jpg\" alt=\"Francisco Oliva durante la presentaci\u00f3n del Informe de Gesti\u00f3n 2023 al Claustro\" width=\"750\" height=\"422\" srcset=\"https:\/\/www.upo.es\/diario\/wp-content\/uploads\/2023\/12\/Claustro_20231205-2-750x422.jpg 750w, https:\/\/www.upo.es\/diario\/wp-content\/uploads\/2023\/12\/Claustro_20231205-2-420x236.jpg 420w, https:\/\/www.upo.es\/diario\/wp-content\/uploads\/2023\/12\/Claustro_20231205-2-768x432.jpg 768w, https:\/\/www.upo.es\/diario\/wp-content\/uploads\/2023\/12\/Claustro_20231205-2-1536x864.jpg 1536w, https:\/\/www.upo.es\/diario\/wp-content\/uploads\/2023\/12\/Claustro_20231205-2-2048x1152.jpg 2048w\" sizes=\"auto, (max-width: 750px) 100vw, 750px\" \/><\/a><figcaption id=\"caption-attachment-30880617\" class=\"wp-caption-text\">\u00daltima sesi\u00f3n del Claustro Universitario celebrada en el Paraninfo<\/figcaption><\/figure>\n<p>La comunidad universitaria elegir\u00e1, <strong>desde las 9:00 del mi\u00e9rcoles 7 de febrero y hasta esa misma hora del viernes d\u00eda 9, mediante votaci\u00f3n electr\u00f3nica<\/strong>, a los doscientos miembros del Claustro Universitario. Junto al rector, la secretaria general y la gerente, componen el m\u00e1ximo \u00f3rgano colegiado de la Universidad, que se renueva cada cuatro a\u00f1os, a excepci\u00f3n de la representaci\u00f3n de estudiantes, que cambia cada dos.<\/p>\n<p>Las circunscripciones electorales var\u00edan en funci\u00f3n de los sectores que forman la Universidad. As\u00ed, en el caso del <strong>Profesorado doctor con vinculaci\u00f3n permanente<\/strong>, es el departamento, con un total de <a href=\"https:\/\/www.upo.es\/cms1\/export\/sites\/upo\/elecciones\/Puestos_a_cubrir_Claustro_Sector-A_2023_2024.pdf\">112 puestos a cubrir<\/a> repartidos entre los quince con los que actualmente cuenta la UPO. Los miembros del <strong>PDI no incluidos en el apartado anterior<\/strong> tienen circunscripci\u00f3n \u00fanica y referida a toda la Universidad. Este sector cuenta con 16 representantes. En el caso del sector de <strong>estudiantes<\/strong>, eligen a sus <a href=\"https:\/\/www.upo.es\/cms1\/export\/sites\/upo\/elecciones\/Puestos_a_cubrir_Claustro_Sector-C_2023_2024.pdf\">48 representantes en funci\u00f3n de la titulaci\u00f3n<\/a>, considerando como tales los dobles grados y postgrado. El cuarto grupo que compone el Claustro, con 24 miembros, corresponde al <strong>Personal T\u00e9cnico, de Gesti\u00f3n y de Administraci\u00f3n y Servicios<\/strong>, tambi\u00e9n con circunscripci\u00f3n \u00fanica.<\/p>\n<p>La Comisi\u00f3n Electoral de la Universidad Pablo de Olavide ha establecido en el <a href=\"https:\/\/www.upo.es\/cms1\/export\/sites\/upo\/elecciones\/Anexo-I.pdf\">calendario electoral<\/a> que <strong>la presentaci\u00f3n de candidaturas podr\u00e1 realizarse entre el 17 y el 22 de enero<\/strong>, una vez aprobados los censos definitivos que pueden consultarse <em>online<\/em> en <a href=\"https:\/\/www.upo.es\/elecciones\/procesos-electorales\/claustro-universitario\/censos\/dni\/index.html\">www.upo.es\/elecciones<\/a>. Candidatos y candidatas de los distintos sectores podr\u00e1n dar a conocer su programa durante el per\u00edodo de campa\u00f1a electoral, entre el 31 de enero y el 5 de febrero.<\/p>\n<p>En el Claustro Universitario, m\u00e1ximo \u00f3rgano colegiado de la instituci\u00f3n, est\u00e1n representados todos los sectores que componen la comunidad universitaria. Entre sus funciones, adem\u00e1s de velar por el cumplimiento de los Estatutos de la Universidad, est\u00e1 la facultad de convocar con car\u00e1cter extraordinario las elecciones rectorales, elegir a los representantes de profesorado, estudiantes y PTGAS en el Consejo de Gobierno, as\u00ed como a quien ostenta la Defensor\u00eda Universitaria, debatir y votar el informe anual del rector o rectora, y adoptar o impulsar acuerdos con el fin de garantizar el cumplimiento de las funciones de la Universidad.<\/p>\n","protected":false},"excerpt":{"rendered":"<p>La comunidad universitaria elegir\u00e1, desde las 9:00 del mi\u00e9rcoles 7 de febrero y hasta esa misma hora del viernes d\u00eda 9, mediante votaci\u00f3n electr\u00f3nica, a los doscientos miembros del Claustro Universitario.<\/p>\n","protected":false},"author":6,"featured_media":30880617,"comment_status":"closed","ping_status":"open","sticky":false,"template":"","format":"standard","meta":{"_monsterinsights_skip_tracking":false,"_monsterinsights_sitenote_active":false,"_monsterinsights_sitenote_note":"","_monsterinsights_sitenote_category":0,"footnotes":""},"categories":[5842],"tags":[6525,69,21,7371,199,8572],"class_list":["post-30880783","post","type-post","status-publish","format-standard","has-post-thumbnail","hentry","category-comunidad","tag-claustro-universitario","tag-elecciones","tag-estudiantes","tag-organos-colegiados","tag-profesorado","tag-ptgas"],"_links":{"self":[{"href":"https:\/\/www.upo.es\/diario\/wp-json\/wp\/v2\/posts\/30880783","targetHints":{"allow":["GET"]}}],"collection":[{"href":"https:\/\/www.upo.es\/diario\/wp-json\/wp\/v2\/posts"}],"about":[{"href":"https:\/\/www.upo.es\/diario\/wp-json\/wp\/v2\/types\/post"}],"author":[{"embeddable":true,"href":"https:\/\/www.upo.es\/diario\/wp-json\/wp\/v2\/users\/6"}],"replies":[{"embeddable":true,"href":"https:\/\/www.upo.es\/diario\/wp-json\/wp\/v2\/comments?post=30880783"}],"version-history":[{"count":2,"href":"https:\/\/www.upo.es\/diario\/wp-json\/wp\/v2\/posts\/30880783\/revisions"}],"predecessor-version":[{"id":30880785,"href":"https:\/\/www.upo.es\/diario\/wp-json\/wp\/v2\/posts\/30880783\/revisions\/30880785"}],"wp:featuredmedia":[{"embeddable":true,"href":"https:\/\/www.upo.es\/diario\/wp-json\/wp\/v2\/media\/30880617"}],"wp:attachment":[{"href":"https:\/\/www.upo.es\/diario\/wp-json\/wp\/v2\/media?parent=30880783"}],"wp:term":[{"taxonomy":"category","embeddable":true,"href":"https:\/\/www.upo.es\/diario\/wp-json\/wp\/v2\/categories?post=30880783"},{"taxonomy":"post_tag","embeddable":true,"href":"https:\/\/www.upo.es\/diario\/wp-json\/wp\/v2\/tags?post=30880783"}],"curies":[{"name":"wp","href":"https:\/\/api.w.org\/{rel}","templated":true}]}}