{"id":30880786,"date":"2024-01-11T05:07:06","date_gmt":"2024-01-11T04:07:06","guid":{"rendered":"https:\/\/www.upo.es\/diario\/?p=30880786"},"modified":"2024-01-12T15:09:48","modified_gmt":"2024-01-12T14:09:48","slug":"radiolavide-portus-o-portus-romano-el-antiguo-puerto-de-la-ciudad-clasica-de-roma","status":"publish","type":"post","link":"https:\/\/www.upo.es\/diario\/podcast\/2024\/01\/radiolavide-portus-o-portus-romano-el-antiguo-puerto-de-la-ciudad-clasica-de-roma\/","title":{"rendered":"RadiOlavide | Portus o Portus Romano, el antiguo puerto de la ciudad cl\u00e1sica de Roma"},"content":{"rendered":"<p><iframe loading=\"lazy\" id=\"pumukitiframe\" src=\"https:\/\/upotv.upo.es\/iframe\/659d2c1dabe3c6d0498b4567\" width=\"560\" height=\"315\" frameborder=\"0\" allowfullscreen=\"allowfullscreen\"><\/iframe><\/p>\n<p>\u2018Itinerario del autoestopista imperial\u2019 es un programa de RadiOlavide de g\u00e9nero cultural y educativo en el que se dan a conocer villas y palacios imperiales que tienen como denominador com\u00fan la cultura romana. En esta ocasi\u00f3n, cobra protagonismo el <em>Portus Romano<\/em> o <em>Portus<\/em>, un edificio imperial construido cerca de la desembocadura del r\u00edo T\u00edber y que supon\u00eda el recibimiento de la mayor\u00eda de las embajadas que arribaban en barco a Roma.<\/p>\n<p>A d\u00eda de hoy, gracias a las numerosas campa\u00f1as de excavaci\u00f3n realizadas a lo largo de los a\u00f1os, se ha podido reconstruir la actividad de esta antigua ciudad portuaria al servicio de Roma.<\/p>\n<p><strong><img loading=\"lazy\" decoding=\"async\" class=\"alignleft size-medium wp-image-30880787\" src=\"https:\/\/www.upo.es\/diario\/wp-content\/uploads\/2024\/01\/Portus_web_UPO-420x229.png\" alt=\"recreaci\u00f3n del antiguo puerto de la ciudad cl\u00e1sica de Roma\" width=\"420\" height=\"229\" srcset=\"https:\/\/www.upo.es\/diario\/wp-content\/uploads\/2024\/01\/Portus_web_UPO-420x229.png 420w, https:\/\/www.upo.es\/diario\/wp-content\/uploads\/2024\/01\/Portus_web_UPO.png 585w\" sizes=\"auto, (max-width: 420px) 100vw, 420px\" \/><br \/>\n<\/strong><\/p>\n<p><strong>Locuci\u00f3n, realizaci\u00f3n y edici\u00f3n:<\/strong> Irene Luna, Gonzalo Gaitero, Sergio L\u00f3pez, Antonio Ram\u00edrez, Jos\u00e9 Mar\u00eda Santos, Andr\u00e9s D\u00edaz y Pedro Barbeito Tejero.<\/p>\n<p>&nbsp;<\/p>\n<h3>Otros estrenos de RadiOlavide:<\/h3>\n<p><strong><em>Sociolog\u00eda para el d\u00eda a d\u00eda<\/em><\/strong>. De la academia a la pr\u00e1ctica cotidiana \u00abLa desconfianza en la democracia\u00bb:<br \/>\n<a href=\"https:\/\/upotv.upo.es\/video\/659d2afaabe3c656498b4567\">https:\/\/upotv.upo.es\/video\/659d2afaabe3c656498b4567<\/a><\/p>\n<p><strong><em>Desde la Atalaya.<\/em><\/strong> \u00abEducaci\u00f3n Permanente en Coria del R\u00edo\u00bb:<br \/>\n<a href=\"https:\/\/upotv.upo.es\/video\/658542a4abe3c606338b456c\">https:\/\/upotv.upo.es\/video\/658542a4abe3c606338b456c<\/a><\/p>\n<p><strong><em>Radio Wunderbar<\/em><\/strong>:<br \/>\n<a href=\"https:\/\/upotv.upo.es\/video\/65817178abe3c6190e8b4567\">https:\/\/upotv.upo.es\/video\/65817178abe3c6190e8b4567<\/a><\/p>\n","protected":false},"excerpt":{"rendered":"<p>Estudiantes de la Facultad de Humanidades nos acercan a uno de los mayores enclaves portuarios de la antig\u00fcedad cl\u00e1sica en el programa \u2018Itinerario del autoestopista imperial\u2019.<\/p>\n","protected":false},"author":6,"featured_media":30880787,"comment_status":"closed","ping_status":"open","sticky":false,"template":"","format":"standard","meta":{"_monsterinsights_skip_tracking":false,"_monsterinsights_sitenote_active":false,"_monsterinsights_sitenote_note":"","_monsterinsights_sitenote_category":0,"footnotes":""},"categories":[8145],"tags":[],"class_list":["post-30880786","post","type-post","status-publish","format-standard","has-post-thumbnail","hentry","category-podcast"],"_links":{"self":[{"href":"https:\/\/www.upo.es\/diario\/wp-json\/wp\/v2\/posts\/30880786","targetHints":{"allow":["GET"]}}],"collection":[{"href":"https:\/\/www.upo.es\/diario\/wp-json\/wp\/v2\/posts"}],"about":[{"href":"https:\/\/www.upo.es\/diario\/wp-json\/wp\/v2\/types\/post"}],"author":[{"embeddable":true,"href":"https:\/\/www.upo.es\/diario\/wp-json\/wp\/v2\/users\/6"}],"replies":[{"embeddable":true,"href":"https:\/\/www.upo.es\/diario\/wp-json\/wp\/v2\/comments?post=30880786"}],"version-history":[{"count":3,"href":"https:\/\/www.upo.es\/diario\/wp-json\/wp\/v2\/posts\/30880786\/revisions"}],"predecessor-version":[{"id":30880790,"href":"https:\/\/www.upo.es\/diario\/wp-json\/wp\/v2\/posts\/30880786\/revisions\/30880790"}],"wp:featuredmedia":[{"embeddable":true,"href":"https:\/\/www.upo.es\/diario\/wp-json\/wp\/v2\/media\/30880787"}],"wp:attachment":[{"href":"https:\/\/www.upo.es\/diario\/wp-json\/wp\/v2\/media?parent=30880786"}],"wp:term":[{"taxonomy":"category","embeddable":true,"href":"https:\/\/www.upo.es\/diario\/wp-json\/wp\/v2\/categories?post=30880786"},{"taxonomy":"post_tag","embeddable":true,"href":"https:\/\/www.upo.es\/diario\/wp-json\/wp\/v2\/tags?post=30880786"}],"curies":[{"name":"wp","href":"https:\/\/api.w.org\/{rel}","templated":true}]}}