{"id":30880819,"date":"2024-01-17T13:37:53","date_gmt":"2024-01-17T12:37:53","guid":{"rendered":"https:\/\/www.upo.es\/diario\/?p=30880819"},"modified":"2024-01-18T14:39:27","modified_gmt":"2024-01-18T13:39:27","slug":"pilar-paneque-salgado-interviene-manana-en-la-upo-en-la-jornada-aneca-ante-la-reforma-del-profesorado","status":"publish","type":"post","link":"https:\/\/www.upo.es\/diario\/docencia-formacion\/2024\/01\/pilar-paneque-salgado-interviene-manana-en-la-upo-en-la-jornada-aneca-ante-la-reforma-del-profesorado\/","title":{"rendered":"Pilar Paneque Salgado interviene este jueves en la UPO en la jornada \u2018ANECA ante la reforma del profesorado\u2019 \u00a0"},"content":{"rendered":"<figure id=\"attachment_30880822\" aria-describedby=\"caption-attachment-30880822\" style=\"width: 700px\" class=\"wp-caption aligncenter\"><a href=\"https:\/\/www.upo.es\/diario\/wp-content\/uploads\/2024\/01\/2023_Pilar_Paneque.jpg\"><img loading=\"lazy\" decoding=\"async\" class=\"wp-image-30880822 size-large\" src=\"https:\/\/www.upo.es\/diario\/wp-content\/uploads\/2024\/01\/2023_Pilar_Paneque-700x525.jpg\" alt=\"Pilar Paneque\" width=\"700\" height=\"525\" srcset=\"https:\/\/www.upo.es\/diario\/wp-content\/uploads\/2024\/01\/2023_Pilar_Paneque-700x525.jpg 700w, https:\/\/www.upo.es\/diario\/wp-content\/uploads\/2024\/01\/2023_Pilar_Paneque-420x315.jpg 420w, https:\/\/www.upo.es\/diario\/wp-content\/uploads\/2024\/01\/2023_Pilar_Paneque-768x576.jpg 768w, https:\/\/www.upo.es\/diario\/wp-content\/uploads\/2024\/01\/2023_Pilar_Paneque-1536x1152.jpg 1536w, https:\/\/www.upo.es\/diario\/wp-content\/uploads\/2024\/01\/2023_Pilar_Paneque-1320x990.jpg 1320w, https:\/\/www.upo.es\/diario\/wp-content\/uploads\/2024\/01\/2023_Pilar_Paneque.jpg 2016w\" sizes=\"auto, (max-width: 700px) 100vw, 700px\" \/><\/a><figcaption id=\"caption-attachment-30880822\" class=\"wp-caption-text\">La directora de la Agencia Nacional de Evaluaci\u00f3n de la Calidad y Acreditaci\u00f3n (ANECA), Pilar Paneque Salgado<\/figcaption><\/figure>\n<p>El rector de la Universidad Pablo de Olavide, <strong>Francisco Oliva Bl\u00e1zquez<\/strong>, presidir\u00e1 <u>el jueves 18 de enero, a las 12:30 horas en el Paraninfo de la UPO<\/u>, la jornada <strong>\u2018ANECA ante la reforma de la evaluaci\u00f3n del profesorado\u2019<\/strong>, un evento organizado por los Vicerrectorados de Profesorado, de Investigaci\u00f3n, Transferencia y Doctorado, as\u00ed como de Transformaci\u00f3n Digital a trav\u00e9s de la Biblioteca\/CRAI, dirigida al Personal Docente e Investigador.<\/p>\n<p>La jornada contar\u00e1 con la intervenci\u00f3n de <strong>la directora de<\/strong> <strong>la Agencia Nacional de Evaluaci\u00f3n de la Calidad y Acreditaci\u00f3n (ANECA), Pilar Paneque Salgado<\/strong>, catedr\u00e1tica de Geograf\u00eda Humana de la UPO, quien, <u>a las 12:45 horas<\/u>, explicar\u00e1 de manera pormenorizada los trabajos que se vienen llevando a cabo desde ANECA para reformar los procedimientos de acreditaci\u00f3n estatal para el acceso a los cuerpos docentes universitarios, as\u00ed como la nueva convocatoria de sexenios.<\/p>\n<p>En el mismo acto, se dar\u00e1n a conocer los servicios que la <strong>Biblioteca\/CRAI<\/strong> de la UPO pone a disposici\u00f3n del PDI para afrontar las correspondientes convocatorias. Esta informaci\u00f3n ser\u00e1 proporcionada <u>a las 13:45 horas<\/u> por <strong>\u00c1ngel M. Delgado V\u00e1zquez<\/strong>, jefe de Servicio de Soporte al Aprendizaje y la Investigaci\u00f3n de la Biblioteca\/CRAI.<\/p>\n<p><strong>Nuevo marco jur\u00eddico<\/strong><\/p>\n<p>La promulgaci\u00f3n de la Ley Org\u00e1nica 2\/2023, de 22 de marzo, del Sistema Universitario, as\u00ed como el\u00a0 Real Decreto 678\/2023, de 18 de julio, por el que se regula la acreditaci\u00f3n estatal para el acceso a los cuerpos docentes universitarios y el r\u00e9gimen de los concursos de acceso a plazas de dichos cuerpos, establecen un nuevo marco jur\u00eddico para la evaluaci\u00f3n de la actividad acad\u00e9mica que incorpora novedades como la valoraci\u00f3n de las pr\u00e1cticas de Ciencia Abierta, la eliminaci\u00f3n de barreras burocr\u00e1ticas y la simplificaci\u00f3n de tr\u00e1mites, la inclusi\u00f3n de actividades que antes quedaban fuera del sistema y la atenci\u00f3n a formas diversas de hacer investigaci\u00f3n, de comunicarla y de transferirla.<\/p>\n<p>ANECA, como organismo encargado de la evaluaci\u00f3n de la acreditaci\u00f3n docente y de la actividad investigadora, se ha sumado recientemente a las corrientes de cambio en los modelos de evaluaci\u00f3n cient\u00edfica que desde hace un tiempo est\u00e1n poniendo de manifiesto la necesidad de cambiar el modelo para hacerlo m\u00e1s justo, inclusivo y adecuado a los objetos de evaluaci\u00f3n. As\u00ed, mediante la firma de CoARA y la adhesi\u00f3n a la Declaraci\u00f3n de San Francisco ha hecho una apuesta decidida por promover un cambio efectivo en la forma de medir y reconocer la actividad acad\u00e9mica.<\/p>\n<p>En pleno proceso de elaboraci\u00f3n de los nuevos criterios que ha\u200b de regir la acreditaci\u00f3n estatal para el acceso a los cuerpos docentes universitarios, la agencia ya ha iniciado el cambio de modelo con la nueva convocatoria de sexenios, cuyo plazo se abre el pr\u00f3ximo d\u00eda 22 de enero.<\/p>\n<p>\u200bConscientes de la importancia que estos cambios suponen no solo para el profesorado de esta universidad sino tambi\u00e9n para la propia instituci\u00f3n, desde los Vicerrectorados de Profesorado, de Investigaci\u00f3n, Transferencia y Doctorado, as\u00ed como de Transformaci\u00f3n Digital a trav\u00e9s de la Biblioteca\/CRAI, organizan esta jornada informativa dirigida especialmente al PDI.<\/p>\n<p><a href=\"https:\/\/eventos.upo.es\/109635\/programme\/aneca-ante-la-reforma-de-la-evaluacion-del-profesorado.html\">Programa jornada \u2018ANECA ante la reforma de la evaluaci\u00f3n del profesorado\u2019<\/a><\/p>\n","protected":false},"excerpt":{"rendered":"<p>El rector de la Universidad Pablo de Olavide, Francisco Oliva Bl\u00e1zquez, presidir\u00e1 ma\u00f1ana jueves 18 de enero, a las 12:30 horas en el Paraninfo de la UPO, la jornada \u2018ANECA ante la reforma de la evaluaci\u00f3n del profesorado\u2019, un evento organizado por los Vicerrectorados de Profesorado, de Investigaci\u00f3n, Transferencia y Doctorado, as\u00ed como de Transformaci\u00f3n Digital a trav\u00e9s de la Biblioteca\/CRAI, dirigida al Personal Docente e Investigador.<\/p>\n","protected":false},"author":2,"featured_media":30880822,"comment_status":"closed","ping_status":"open","sticky":false,"template":"","format":"standard","meta":{"_monsterinsights_skip_tracking":false,"_monsterinsights_sitenote_active":false,"_monsterinsights_sitenote_note":"","_monsterinsights_sitenote_category":0,"footnotes":""},"categories":[2779],"tags":[738,1601,2491,2489,4021,8267,514,1218,6550,6126,38,1317,2570],"class_list":["post-30880819","post","type-post","status-publish","format-standard","has-post-thumbnail","hentry","category-docencia-formacion","tag-acreditacion","tag-aneca","tag-biblioteca-crai","tag-evaluacion","tag-francisco-oliva-blazquez","tag-gestion-academica","tag-jornada","tag-pdi","tag-personal-docente-e-investigador","tag-pilar-paneque-salgado","tag-rector","tag-reforma","tag-sistema-universitario-espanol"],"_links":{"self":[{"href":"https:\/\/www.upo.es\/diario\/wp-json\/wp\/v2\/posts\/30880819","targetHints":{"allow":["GET"]}}],"collection":[{"href":"https:\/\/www.upo.es\/diario\/wp-json\/wp\/v2\/posts"}],"about":[{"href":"https:\/\/www.upo.es\/diario\/wp-json\/wp\/v2\/types\/post"}],"author":[{"embeddable":true,"href":"https:\/\/www.upo.es\/diario\/wp-json\/wp\/v2\/users\/2"}],"replies":[{"embeddable":true,"href":"https:\/\/www.upo.es\/diario\/wp-json\/wp\/v2\/comments?post=30880819"}],"version-history":[{"count":4,"href":"https:\/\/www.upo.es\/diario\/wp-json\/wp\/v2\/posts\/30880819\/revisions"}],"predecessor-version":[{"id":30880827,"href":"https:\/\/www.upo.es\/diario\/wp-json\/wp\/v2\/posts\/30880819\/revisions\/30880827"}],"wp:featuredmedia":[{"embeddable":true,"href":"https:\/\/www.upo.es\/diario\/wp-json\/wp\/v2\/media\/30880822"}],"wp:attachment":[{"href":"https:\/\/www.upo.es\/diario\/wp-json\/wp\/v2\/media?parent=30880819"}],"wp:term":[{"taxonomy":"category","embeddable":true,"href":"https:\/\/www.upo.es\/diario\/wp-json\/wp\/v2\/categories?post=30880819"},{"taxonomy":"post_tag","embeddable":true,"href":"https:\/\/www.upo.es\/diario\/wp-json\/wp\/v2\/tags?post=30880819"}],"curies":[{"name":"wp","href":"https:\/\/api.w.org\/{rel}","templated":true}]}}