{"id":30880847,"date":"2024-01-22T11:55:41","date_gmt":"2024-01-22T10:55:41","guid":{"rendered":"https:\/\/www.upo.es\/diario\/?p=30880847"},"modified":"2024-01-23T18:57:25","modified_gmt":"2024-01-23T17:57:25","slug":"los-principales-ejes-de-la-justicia-transicional-tema-central-del-seminario-internacional-de-teoria-critica-en-derechos-humanos","status":"publish","type":"post","link":"https:\/\/www.upo.es\/diario\/docencia-formacion\/2024\/01\/los-principales-ejes-de-la-justicia-transicional-tema-central-del-seminario-internacional-de-teoria-critica-en-derechos-humanos\/","title":{"rendered":"Los principales ejes de la justicia transicional, tema central del Seminario Internacional de Teor\u00eda Cr\u00edtica en Derechos Humanos"},"content":{"rendered":"<p><u><a href=\"https:\/\/www.upo.es\/diario\/wp-content\/uploads\/2024\/01\/Seminario_ddhh.png\"><img loading=\"lazy\" decoding=\"async\" class=\"aligncenter size-large wp-image-30880848\" src=\"https:\/\/www.upo.es\/diario\/wp-content\/uploads\/2024\/01\/Seminario_ddhh-744x525.png\" alt=\"\" width=\"744\" height=\"525\" srcset=\"https:\/\/www.upo.es\/diario\/wp-content\/uploads\/2024\/01\/Seminario_ddhh-744x525.png 744w, https:\/\/www.upo.es\/diario\/wp-content\/uploads\/2024\/01\/Seminario_ddhh-420x296.png 420w, https:\/\/www.upo.es\/diario\/wp-content\/uploads\/2024\/01\/Seminario_ddhh-768x542.png 768w, https:\/\/www.upo.es\/diario\/wp-content\/uploads\/2024\/01\/Seminario_ddhh-95x67.png 95w, https:\/\/www.upo.es\/diario\/wp-content\/uploads\/2024\/01\/Seminario_ddhh.png 930w\" sizes=\"auto, (max-width: 744px) 100vw, 744px\" \/><\/a><\/u><\/p>\n<p><u>Este martes 23 de enero, a las 16:30 horas en el Paraninfo de la Universidad Pablo de Olavide<\/u>, dar\u00e1 comienzo la <strong>14\u00b0 edici\u00f3n del Seminario Internacional de Teor\u00eda Cr\u00edtica en Derechos Humanos<\/strong>, un evento organizado por el <a href=\"https:\/\/www.upo.es\/postgrado\/Master-Oficial-Derechos-Humanos-Interculturalidad-y-Desarrollo\/\">M\u00e1ster en Derechos Humanos, Interculturalidad y Desarrollo<\/a> de la Universidad Pablo de Olavide y la Universidad Internacional de Andaluc\u00eda, junto con el Instituto Joaqu\u00edn Herrera Flores (Espa\u00f1a y Am\u00e9rica Latina), que en esta edici\u00f3n se celebra bajo el t\u00edtulo <strong>\u2018Justicia de transici\u00f3n como ant\u00eddoto para tiempos de negaci\u00f3n\u2019<\/strong>.<\/p>\n<p>El seminario, que se celebrar\u00e1 en la UPO <u>los d\u00edas 23, 24 y 25 de enero<\/u>, ser\u00e1 inaugurado por el rector de la UPO <strong>Francisco Oliva Bl\u00e1zquez y el rector de la UNIA Jos\u00e9 Ignacio Garc\u00eda P\u00e9rez<\/strong>, quienes estar\u00e1n acompa\u00f1ados por los codirectores del m\u00e1ster <strong>Carol Proner<\/strong> y <strong>Francisco Infante Ruiz<\/strong>.<\/p>\n<p>El objetivo de este encuentro es unir la reflexi\u00f3n sobre la justicia transicional (memoria, verdad, justicia y reparaci\u00f3n) con sus consecuencias posdemocr\u00e1ticas, la negaci\u00f3n de la pol\u00edtica y la democracia. El evento contar\u00e1 con una amplia participaci\u00f3n internacional, reuniendo a grandes intelectuales, representantes del mundo acad\u00e9mico, destacados actores sociales, miembros de los parlamentos de Espa\u00f1a y Brasil y del gobierno de Brasil quienes intervendr\u00e1n en distintas conferencias y mesas de discusi\u00f3n.<\/p>\n<p>Tras la inauguraci\u00f3n, el programa del seminario dar\u00e1 paso a las conferencias de apertura a cargo de <strong>Baltasar Garz\u00f3n<\/strong>, jurista espa\u00f1ol y ex magistrado de la Audiencia Nacional; <strong>Dolores Delgado<\/strong>, Fiscal del Tribunal Supremo; <strong>Gerardo Pisarello<\/strong>, miembro del Congreso de los Diputados de Espa\u00f1a; <strong>Jorge Messias<\/strong> \u2013 Advogado-Geral da Uni\u00e3o de Brasil; <strong>Mar\u00eda Jos\u00e9 Fari\u00f1as Dulce<\/strong>, catedr\u00e1tica de Filosof\u00eda del Derecho en la Universidad Carlos III de Madrid (UC3); <strong>Paqui Maqueda<\/strong>, Asociaci\u00f3n Andaluza de Memoria Hist\u00f3rica y Justicia; y <strong>Vinicius Marques de Carvalho<\/strong>, Universidade de S\u00e3o Paulo (USP\/SP) \u2013 Controladoria Geral da Uni\u00e3o (CGU).<\/p>\n<p>El encuentro, que se celebrar\u00e1 en el Sal\u00f3n de Grados del Edificio 7 por las ma\u00f1anas y en el Paraninfo por las tardes, se podr\u00e1 seguir en directo a trav\u00e9s de <a href=\"https:\/\/upotv.upo.es\/\">upotv.upo.es<\/a><\/p>\n<p><a href=\"https:\/\/eventos.upo.es\/_files\/_event\/_109602\/_editorFiles\/file\/Programa_seminario_2024_actualizado.pdf\">Programa Seminario Internacional de Teor\u00eda Cr\u00edtica en Derechos Humanos<\/a><\/p>\n","protected":false},"excerpt":{"rendered":"<p>Este martes 23 de enero, a las 16:30 horas en el Paraninfo de la Universidad Pablo de Olavide, dar\u00e1 comienzo la 14\u00b0 edici\u00f3n del Seminario Internacional de Teor\u00eda Cr\u00edtica en Derechos Humanos, un evento organizado por el M\u00e1ster en Derechos Humanos, Interculturalidad y Desarrollo de la Universidad Pablo de Olavide y la Universidad Internacional de Andaluc\u00eda, junto con el Instituto Joaqu\u00edn Herrera Flores (Espa\u00f1a y Am\u00e9rica Latina), que en esta edici\u00f3n se celebra bajo el t\u00edtulo \u2018Justicia de transici\u00f3n como ant\u00eddoto para tiempos de negaci\u00f3n\u2019.<\/p>\n","protected":false},"author":2,"featured_media":30880848,"comment_status":"closed","ping_status":"open","sticky":false,"template":"","format":"standard","meta":{"_monsterinsights_skip_tracking":false,"_monsterinsights_sitenote_active":false,"_monsterinsights_sitenote_note":"","_monsterinsights_sitenote_category":0,"footnotes":""},"categories":[2779],"tags":[744,92,3526,4641,613,3832,76,3338,170],"class_list":["post-30880847","post","type-post","status-publish","format-standard","has-post-thumbnail","hentry","category-docencia-formacion","tag-democracia","tag-derechos-humanos","tag-derechos-sociales","tag-instituto-joaquin-herrera-flores","tag-justicia","tag-master-en-derechos-humanos-interculturalidad-y-desarrollo","tag-politica","tag-transicion","tag-unia"],"_links":{"self":[{"href":"https:\/\/www.upo.es\/diario\/wp-json\/wp\/v2\/posts\/30880847","targetHints":{"allow":["GET"]}}],"collection":[{"href":"https:\/\/www.upo.es\/diario\/wp-json\/wp\/v2\/posts"}],"about":[{"href":"https:\/\/www.upo.es\/diario\/wp-json\/wp\/v2\/types\/post"}],"author":[{"embeddable":true,"href":"https:\/\/www.upo.es\/diario\/wp-json\/wp\/v2\/users\/2"}],"replies":[{"embeddable":true,"href":"https:\/\/www.upo.es\/diario\/wp-json\/wp\/v2\/comments?post=30880847"}],"version-history":[{"count":3,"href":"https:\/\/www.upo.es\/diario\/wp-json\/wp\/v2\/posts\/30880847\/revisions"}],"predecessor-version":[{"id":30880867,"href":"https:\/\/www.upo.es\/diario\/wp-json\/wp\/v2\/posts\/30880847\/revisions\/30880867"}],"wp:featuredmedia":[{"embeddable":true,"href":"https:\/\/www.upo.es\/diario\/wp-json\/wp\/v2\/media\/30880848"}],"wp:attachment":[{"href":"https:\/\/www.upo.es\/diario\/wp-json\/wp\/v2\/media?parent=30880847"}],"wp:term":[{"taxonomy":"category","embeddable":true,"href":"https:\/\/www.upo.es\/diario\/wp-json\/wp\/v2\/categories?post=30880847"},{"taxonomy":"post_tag","embeddable":true,"href":"https:\/\/www.upo.es\/diario\/wp-json\/wp\/v2\/tags?post=30880847"}],"curies":[{"name":"wp","href":"https:\/\/api.w.org\/{rel}","templated":true}]}}