{"id":30880869,"date":"2024-01-23T18:56:30","date_gmt":"2024-01-23T17:56:30","guid":{"rendered":"https:\/\/www.upo.es\/diario\/?p=30880869"},"modified":"2024-01-30T11:19:33","modified_gmt":"2024-01-30T10:19:33","slug":"verdad-justicia-reparacion-y-memoria-ejes-de-la-justicia-transicional","status":"publish","type":"post","link":"https:\/\/www.upo.es\/diario\/docencia-formacion\/2024\/01\/verdad-justicia-reparacion-y-memoria-ejes-de-la-justicia-transicional\/","title":{"rendered":"Verdad, justicia, reparaci\u00f3n y memoria, ejes de la justicia transicional"},"content":{"rendered":"<p><a href=\"https:\/\/www.upo.es\/diario\/wp-content\/uploads\/2024\/01\/Sem-DDHH_20240123-2-scaled.jpg\"><img loading=\"lazy\" decoding=\"async\" class=\"aligncenter size-large wp-image-30880872\" src=\"https:\/\/www.upo.es\/diario\/wp-content\/uploads\/2024\/01\/Sem-DDHH_20240123-2-750x500.jpg\" alt=\"Sesi\u00f3n inaugural del seminario Teor\u00eda Cr\u00edtica de los Derechos Humanos (foto de familia)\" width=\"750\" height=\"500\" srcset=\"https:\/\/www.upo.es\/diario\/wp-content\/uploads\/2024\/01\/Sem-DDHH_20240123-2-750x500.jpg 750w, https:\/\/www.upo.es\/diario\/wp-content\/uploads\/2024\/01\/Sem-DDHH_20240123-2-420x280.jpg 420w, https:\/\/www.upo.es\/diario\/wp-content\/uploads\/2024\/01\/Sem-DDHH_20240123-2-768x512.jpg 768w, https:\/\/www.upo.es\/diario\/wp-content\/uploads\/2024\/01\/Sem-DDHH_20240123-2-1536x1024.jpg 1536w, https:\/\/www.upo.es\/diario\/wp-content\/uploads\/2024\/01\/Sem-DDHH_20240123-2-2048x1365.jpg 2048w, https:\/\/www.upo.es\/diario\/wp-content\/uploads\/2024\/01\/Sem-DDHH_20240123-2-165x109.jpg 165w, https:\/\/www.upo.es\/diario\/wp-content\/uploads\/2024\/01\/Sem-DDHH_20240123-2-1320x880.jpg 1320w\" sizes=\"auto, (max-width: 750px) 100vw, 750px\" \/><\/a>La 14\u00b0 edici\u00f3n del <strong>Seminario Internacional de Teor\u00eda Cr\u00edtica en Derechos Humanos<\/strong> ha dado comienzo esta tarde en el Paraninfo en una sesi\u00f3n inaugurada por <strong>Francisco Oliva<\/strong>, rector de la UPO, y por <strong>Jos\u00e9 Ignacio Garc\u00eda P\u00e9rez<\/strong>, rector de la UNIA, acompa\u00f1ados por <strong>Carol Proner<\/strong> y <strong>Francisco Infante Ruiz<\/strong>, codirectores del M\u00e1ster impulsado por ambas universidades. Participan asimismo en la programaci\u00f3n del <a href=\"https:\/\/eventos.upo.es\/_files\/_event\/_109602\/_editorFiles\/file\/Programa_seminario_2024_actualizado.pdf\">Seminario, dedicado este curso a la justicia transicional,<\/a> el <strong>Instituto Joaqu\u00edn Herrera Flores<\/strong> y la <strong>Asociaci\u00f3n Rosario Valpuesta<\/strong>.<\/p>\n<p>El rector de la Universidad Pablo de Olavide ha recordado ambas figuras \u2014la del profesor Herrera y a quien fuera rectora de la UPO, Rosario Valpuesta\u2014 durante la sesi\u00f3n inaugural. \u201cNo hay mejor homenaje a ambos que este Seminario, que cultiva su obra y pensamiento, de esta forma siempre estar\u00e1n con nosotros\u201d. <strong>Francisco Oliva<\/strong> ha destacado la excelencia del M\u00e1ster y ha incidido en el hecho de que la vulneraci\u00f3n de los Derechos Humanos se produce en muchas ocasiones de forma poco visible, siendo papel de las universidades poner el foco en este hecho cuando se produce.<\/p>\n<figure id=\"attachment_30880873\" aria-describedby=\"caption-attachment-30880873\" style=\"width: 350px\" class=\"wp-caption alignright\"><a href=\"https:\/\/www.upo.es\/diario\/wp-content\/uploads\/2024\/01\/Sem-DDHH_20240123-1-scaled.jpg\"><img loading=\"lazy\" decoding=\"async\" class=\"size-large wp-image-30880873\" src=\"https:\/\/www.upo.es\/diario\/wp-content\/uploads\/2024\/01\/Sem-DDHH_20240123-1-350x525.jpg\" alt=\"Francisco Infante, Francisco Oliva, Jos\u00e9 Ignacio Garc\u00eda y Carol Proner en la mesa inaugural del Seminario\" width=\"350\" height=\"525\" srcset=\"https:\/\/www.upo.es\/diario\/wp-content\/uploads\/2024\/01\/Sem-DDHH_20240123-1-350x525.jpg 350w, https:\/\/www.upo.es\/diario\/wp-content\/uploads\/2024\/01\/Sem-DDHH_20240123-1-280x420.jpg 280w, https:\/\/www.upo.es\/diario\/wp-content\/uploads\/2024\/01\/Sem-DDHH_20240123-1-768x1152.jpg 768w, https:\/\/www.upo.es\/diario\/wp-content\/uploads\/2024\/01\/Sem-DDHH_20240123-1-1024x1536.jpg 1024w, https:\/\/www.upo.es\/diario\/wp-content\/uploads\/2024\/01\/Sem-DDHH_20240123-1-1365x2048.jpg 1365w, https:\/\/www.upo.es\/diario\/wp-content\/uploads\/2024\/01\/Sem-DDHH_20240123-1-1320x1980.jpg 1320w, https:\/\/www.upo.es\/diario\/wp-content\/uploads\/2024\/01\/Sem-DDHH_20240123-1-scaled.jpg 1706w\" sizes=\"auto, (max-width: 350px) 100vw, 350px\" \/><\/a><figcaption id=\"caption-attachment-30880873\" class=\"wp-caption-text\">Francisco Infante, Francisco Oliva, Jos\u00e9 Ignacio Garc\u00eda y Carol Proner<\/figcaption><\/figure>\n<p><strong>Jos\u00e9 Ignacio Garc\u00eda<\/strong>, rector de la Universidad Internacional de Andaluc\u00eda, ha se\u00f1alado la importancia de combatir el desconocimiento desde los campus. \u201cNecesitamos un ant\u00eddoto frente al negacionismo y la universidad est\u00e1 obligada a profundizar en las v\u00edas necesarias para generarlo\u201d, ha subrayado.<\/p>\n<p>Por su parte, <strong>Francisco Infante<\/strong>, codirector del <a href=\"https:\/\/www.upo.es\/postgrado\/Master-Oficial-Derechos-Humanos-Interculturalidad-y-Desarrollo\/\">M\u00e1ster Universitario en Derechos Humanos, Interculturalidad y Desarrollo<\/a>, ha descrito los cuatro ejes necesarios para la justicia transicional: verdad, justicia, reparaci\u00f3n y no olvidar. \u201cSin estos pilares no puede hablarse de una aut\u00e9ntica memoria hist\u00f3rica de una naci\u00f3n o de un pueblo\u201d, ha remarcado. <strong>Carol Proner<\/strong>, tambi\u00e9n responsable del programa de la UPO y la UNIA, ha puesto el \u00e9nfasis en la capacidad del Seminario para abordar temas, \u201cplanteando preguntas e intentando responderlas a partir de las experiencias de los ponentes, entendiendo que nadie tiene la soluci\u00f3n, pero acerc\u00e1ndonos a un diagn\u00f3stico certero de los retos actuales\u201d.<\/p>\n<p>Tras la inauguraci\u00f3n, el programa del Seminario ha dado paso a las conferencias de apertura a cargo de Baltasar Garz\u00f3n, jurista espa\u00f1ol y ex magistrado de la Audiencia Nacional; Dolores Delgado, Fiscal del Tribunal Supremo; Gerardo Pisarello, miembro del Congreso de los Diputados de Espa\u00f1a; Jorge Messias \u2013 Advogado-Geral da Uni\u00e3o de Brasil; Mar\u00eda Jos\u00e9 Fari\u00f1as Dulce, catedr\u00e1tica de Filosof\u00eda del Derecho en la Universidad Carlos III de Madrid (UC3); Paqui Maqueda, Asociaci\u00f3n Andaluza de Memoria Hist\u00f3rica y Justicia; y Vinicius Marques de Carvalho, Universidade de S\u00e3o Paulo (USP\/SP) \u2013 Controladoria Geral da Uni\u00e3o (CGU).<\/p>\n<p>El encuentro, que se celebrar\u00e1 hasta el pr\u00f3ximo jueves d\u00eda 25 \u2014en el Sal\u00f3n de Grados del Edificio 7 por las ma\u00f1anas y en el Paraninfo por las tardes\u2014, se podr\u00e1 seguir en directo a trav\u00e9s de <a href=\"https:\/\/upotv.upo.es\/\">upotv.upo.es<\/a><\/p>\n<ul>\n<li><a href=\"https:\/\/eventos.upo.es\/_files\/_event\/_109602\/_editorFiles\/file\/Programa_seminario_2024_actualizado.pdf\">Seminario Internacional de Teor\u00eda Cr\u00edtica en Derechos Humanos \u2013 Programa (pdf)<\/a><\/li>\n<\/ul>\n","protected":false},"excerpt":{"rendered":"<p>El rector de la Universidad Pablo de Olavide inaugura, junto al rector de la UNIA y los directores del M\u00e1ster en Derechos Humanos, Interculturalidad y Desarrollo, el Seminario Internacional \u2018Justicia de transici\u00f3n como ant\u00eddoto para tiempos de negaci\u00f3n\u2019.<\/p>\n","protected":false},"author":6,"featured_media":30880872,"comment_status":"closed","ping_status":"open","sticky":false,"template":"","format":"standard","meta":{"_monsterinsights_skip_tracking":false,"_monsterinsights_sitenote_active":false,"_monsterinsights_sitenote_note":"","_monsterinsights_sitenote_category":0,"footnotes":""},"categories":[2779],"tags":[154,92,4626,4021,613,118,1085,82,170],"class_list":["post-30880869","post","type-post","status-publish","format-standard","has-post-thumbnail","hentry","category-docencia-formacion","tag-brasil","tag-derechos-humanos","tag-francisco-infante-ruiz","tag-francisco-oliva-blazquez","tag-justicia","tag-master","tag-memoria-historica","tag-postgrado","tag-unia"],"_links":{"self":[{"href":"https:\/\/www.upo.es\/diario\/wp-json\/wp\/v2\/posts\/30880869","targetHints":{"allow":["GET"]}}],"collection":[{"href":"https:\/\/www.upo.es\/diario\/wp-json\/wp\/v2\/posts"}],"about":[{"href":"https:\/\/www.upo.es\/diario\/wp-json\/wp\/v2\/types\/post"}],"author":[{"embeddable":true,"href":"https:\/\/www.upo.es\/diario\/wp-json\/wp\/v2\/users\/6"}],"replies":[{"embeddable":true,"href":"https:\/\/www.upo.es\/diario\/wp-json\/wp\/v2\/comments?post=30880869"}],"version-history":[{"count":4,"href":"https:\/\/www.upo.es\/diario\/wp-json\/wp\/v2\/posts\/30880869\/revisions"}],"predecessor-version":[{"id":30880875,"href":"https:\/\/www.upo.es\/diario\/wp-json\/wp\/v2\/posts\/30880869\/revisions\/30880875"}],"wp:featuredmedia":[{"embeddable":true,"href":"https:\/\/www.upo.es\/diario\/wp-json\/wp\/v2\/media\/30880872"}],"wp:attachment":[{"href":"https:\/\/www.upo.es\/diario\/wp-json\/wp\/v2\/media?parent=30880869"}],"wp:term":[{"taxonomy":"category","embeddable":true,"href":"https:\/\/www.upo.es\/diario\/wp-json\/wp\/v2\/categories?post=30880869"},{"taxonomy":"post_tag","embeddable":true,"href":"https:\/\/www.upo.es\/diario\/wp-json\/wp\/v2\/tags?post=30880869"}],"curies":[{"name":"wp","href":"https:\/\/api.w.org\/{rel}","templated":true}]}}