{"id":30880881,"date":"2024-01-24T16:13:03","date_gmt":"2024-01-24T15:13:03","guid":{"rendered":"https:\/\/www.upo.es\/diario\/?p=30880881"},"modified":"2024-01-30T11:19:38","modified_gmt":"2024-01-30T10:19:38","slug":"la-universidad-pablo-de-olavide-y-andalucia-emprende-renuevan-el-convenio-de-colaboracion-que-puso-en-marcha-el-cade-upo","status":"publish","type":"post","link":"https:\/\/www.upo.es\/diario\/institucional\/2024\/01\/la-universidad-pablo-de-olavide-y-andalucia-emprende-renuevan-el-convenio-de-colaboracion-que-puso-en-marcha-el-cade-upo\/","title":{"rendered":"La Universidad Pablo de Olavide y Andaluc\u00eda Emprende renuevan el convenio de colaboraci\u00f3n que puso en marcha el CADE-UPO"},"content":{"rendered":"<figure id=\"attachment_30880882\" aria-describedby=\"caption-attachment-30880882\" style=\"width: 750px\" class=\"wp-caption aligncenter\"><a href=\"https:\/\/www.upo.es\/diario\/wp-content\/uploads\/2024\/01\/Conve-UPO-Andalucia-Emprende-2-scaled.jpg\"><img loading=\"lazy\" decoding=\"async\" class=\"size-large wp-image-30880882\" src=\"https:\/\/www.upo.es\/diario\/wp-content\/uploads\/2024\/01\/Conve-UPO-Andalucia-Emprende-2-750x500.jpg\" alt=\"Francisco Oliva y Daniel Escacena Ortega\" width=\"750\" height=\"500\" srcset=\"https:\/\/www.upo.es\/diario\/wp-content\/uploads\/2024\/01\/Conve-UPO-Andalucia-Emprende-2-750x500.jpg 750w, https:\/\/www.upo.es\/diario\/wp-content\/uploads\/2024\/01\/Conve-UPO-Andalucia-Emprende-2-420x280.jpg 420w, https:\/\/www.upo.es\/diario\/wp-content\/uploads\/2024\/01\/Conve-UPO-Andalucia-Emprende-2-768x512.jpg 768w, https:\/\/www.upo.es\/diario\/wp-content\/uploads\/2024\/01\/Conve-UPO-Andalucia-Emprende-2-1536x1024.jpg 1536w, https:\/\/www.upo.es\/diario\/wp-content\/uploads\/2024\/01\/Conve-UPO-Andalucia-Emprende-2-2048x1365.jpg 2048w, https:\/\/www.upo.es\/diario\/wp-content\/uploads\/2024\/01\/Conve-UPO-Andalucia-Emprende-2-165x109.jpg 165w, https:\/\/www.upo.es\/diario\/wp-content\/uploads\/2024\/01\/Conve-UPO-Andalucia-Emprende-2-1320x880.jpg 1320w\" sizes=\"auto, (max-width: 750px) 100vw, 750px\" \/><\/a><figcaption id=\"caption-attachment-30880882\" class=\"wp-caption-text\">Francisco Oliva y Daniel Escacena Ortega<\/figcaption><\/figure>\n<p>El rector de la Universidad Pablo de Olavide, <strong>Francisco Oliva Bl\u00e1zquez<\/strong> y el director gerente de Andaluc\u00eda Emprende Fundaci\u00f3n P\u00fablica Andaluza, <strong>Daniel Escacena Ortega<\/strong>, han ratificado el convenio de <strong>colaboraci\u00f3n entre ambas entidades a trav\u00e9s del que se articula el CADE-UPO y espacio de <em>coworking<\/em>. Este espacio de emprendimiento fue inaugurado en la Olavide en el a\u00f1o 2018 y desde entonces ofrece asesoramiento y tutorizaci\u00f3n en materia de emprendimiento a la comunidad universitaria<\/strong>.<\/p>\n<p>Francisco Oliva ha destacado la \u201cimportancia de ratificar un protocolo importante y ha agradecido que se tenga a la Universidad Pablo de Olavide como ejemplo en otras universidades. El emprendimiento tiene que ser un elemento que la gente pueda conocer y que se integre dentro de las posibilidades de un proyecto vital\u201d. Tambi\u00e9n \u201cporque las universidades tenemos mucho que aportar, tenemos m\u00e1s de 200.000 estudiantes que son potenciales emprendedores\u201d.<\/p>\n<p>Por su parte, Daniel Escacena ha agradecido \u201clos m\u00e1s de diez a\u00f1os que llevan trabajando conjuntamente la Universidad y Andaluc\u00eda Emprende, aunque m\u00e1s intensamente desde 2018 cuando se cre\u00f3 el primer CADE universitario, un proyecto piloto que vamos contando como historia de \u00e9xito a cada una de las universidades\u201d. Escacena tambi\u00e9n ha agradecido el trabajo en equipo que se desarrolla desde la Universidad, integrando a Andaluc\u00eda Emprende y que es el germen del \u00e9xito del CADE-UPO.<\/p>\n<p>El acto ha contado tambi\u00e9n con la presencia del director general de Fomento del Emprendimiento y Formaci\u00f3n Continua de la Junta de Andaluc\u00eda, <strong>Francisco Javier Gonz\u00e1lez Navarro<\/strong>, quien ha aprovechado la ocasi\u00f3n para dedicar unas palabras a la Universidad como referente del emprendimiento dentro del sector universitario andaluz, y ha agradecido, adem\u00e1s, la buena acogida del CADE-UPO dentro de la comunidad universitaria de la UPO.<\/p>\n<p>Tambi\u00e9n han estado presentes por parte de la Universidad, la vicerrectora de Relaciones Institucionales y Fundaciones de la UPO, Laura L\u00f3pez de la Cruz; y la directora general de Empleabilidad y Emprendimiento de la UPO, Amapola Povedano D\u00edaz; y por parte de la Junta de Andaluc\u00eda, el delegado territorial de Desarrollo Educativo y Formaci\u00f3n Profesional, Miguel \u00c1ngel Arauz Rivero y la secretaria general provincial de Universidad, Concepci\u00f3n Ruiz Quintana.<\/p>\n<p><a href=\"https:\/\/www.upo.es\/diario\/wp-content\/uploads\/2024\/01\/Conve-UPO-Andalucia-Emprende-1-scaled-e1706109091694.jpg\"><img loading=\"lazy\" decoding=\"async\" class=\"size-large wp-image-30880884\" src=\"https:\/\/www.upo.es\/diario\/wp-content\/uploads\/2024\/01\/Conve-UPO-Andalucia-Emprende-1-scaled-e1706109091694-750x399.jpg\" alt=\"Francisco Javier Ramos, Jos\u00e9 Mar\u00eda Prieto, Amapola Povedano, Laura L\u00f3pez, Francisco Oliva, Daniel Escacena, Francisco Javier Gonz\u00e1lez, Concepci\u00f3n Ruiz y Miguel \u00c1ngel Arauz\" width=\"750\" height=\"399\" \/><\/a><\/p>\n<p>La puesta en marcha del CADE-UPO, el <strong>\u00fanico CADE en Andaluc\u00eda que cuenta con espacio de <em>coworking<\/em> en un entorno universitario<\/strong> ha sido una experiencia de \u00e9xito de colaboraci\u00f3n entre las dos entidades p\u00fablicas. La actividad de este centro se coordina con el <strong>\u00c1rea de Empleabilidad y Emprendimiento de la Fundaci\u00f3n UPO<\/strong>, siguiendo las directrices marcadas desde el Vicerrectorado de Relaciones Institucionales y Fundaciones y cuenta con la supervisi\u00f3n de la Direcci\u00f3n General de Empleabilidad y Emprendimiento de la UPO.<\/p>\n<p>A lo largo de estos a\u00f1os, el CADE-UPO, con su t\u00e9cnico responsable, Jos\u00e9 Mar\u00eda Prieto, ha impartido talleres gratuitos y peri\u00f3dicos sobre: recursos disponibles para personas emprendedoras, tr\u00e1mites para la constituci\u00f3n de empresas, herramientas de la metodolog\u00eda \u2018Lean Startups\u2019 para el desarrollo de ideas de negocio, plan econ\u00f3mico y financiero de start-ups, presentaci\u00f3n de ideas de negocio ante un jurado mediante \u2018Elevator pich\u2019, etc.<\/p>\n<p>Adem\u00e1s, el CADE-UPO es<strong> Punto de Atenci\u00f3n al Emprendedor<\/strong> (PAE), prestando servicio a las personas emprendedoras tanto en la gestaci\u00f3n, tramitaci\u00f3n administrativa y puesta en marcha de sus iniciativas empresariales, as\u00ed como tambi\u00e9n asesoramiento los primeros a\u00f1os de su actividad. A lo largo de estos seis a\u00f1os, el<strong> CADE-UPO ha atendido la constituci\u00f3n de m\u00e1s de 100 empresas y, adem\u00e1s, solo en el \u00faltimo a\u00f1o ha atendido a m\u00e1s de 1300 usuarios y usuarias<\/strong>, de los cuales 290 han sido citas de asesoramiento, 32 empresas constituidas, 31 incentivos tramitados, 22 talleres de emprendimiento y adem\u00e1s ha colaborado en m\u00e1s de 20 eventos externos.<\/p>\n<p>Andaluc\u00eda Emprende es una fundaci\u00f3n adscrita a la Consejer\u00eda de Universidad, Investigaci\u00f3n e Innovaci\u00f3n de la Junta de Andaluc\u00eda, que tiene como misi\u00f3n promover la iniciativa emprendedora y el desarrollo empresarial para contribuir a la dinamizaci\u00f3n de la econom\u00eda regional. Con el objetivo general de apoyar la creaci\u00f3n y la consolidaci\u00f3n de empresas, presta servicios dirigidos tanto a personas emprendedoras que desean poner en marcha una iniciativa empresarial en Andaluc\u00eda como a empresas ya constituidas que necesiten apoyo para su expansi\u00f3n, modernizaci\u00f3n y consolidaci\u00f3n en el mercado.<\/p>\n<p>Fuente: Fundaci\u00f3n Universidad Pablo de Olavide<\/p>\n","protected":false},"excerpt":{"rendered":"<p>El rector de la Universidad Pablo de Olavide, Francisco Oliva Bl\u00e1zquez y el director gerente de Andaluc\u00eda Emprende Fundaci\u00f3n P\u00fablica Andaluza, Daniel Escacena Ortega, han ratificado el convenio de colaboraci\u00f3n entre ambas entidades a trav\u00e9s del que se articula el CADE-UPO y espacio de coworking. Este espacio de emprendimiento fue inaugurado en la Olavide en el a\u00f1o 2018 y desde entonces ofrece asesoramiento y tutorizaci\u00f3n en materia de emprendimiento a la comunidad universitaria.<\/p>\n","protected":false},"author":6,"featured_media":30880882,"comment_status":"closed","ping_status":"open","sticky":false,"template":"","format":"standard","meta":{"_monsterinsights_skip_tracking":false,"_monsterinsights_sitenote_active":false,"_monsterinsights_sitenote_note":"","_monsterinsights_sitenote_category":0,"footnotes":""},"categories":[6],"tags":[4658,4984,326,99,689,4021,2474,1648],"class_list":["post-30880881","post","type-post","status-publish","format-standard","has-post-thumbnail","hentry","category-institucional","tag-andalucia-emprende","tag-cade-upo","tag-convenio","tag-creacion-de-empresas","tag-emprendimiento","tag-francisco-oliva-blazquez","tag-fundacion-universidad-pablo-de-olavide","tag-laura-lopez-de-la-cruz"],"_links":{"self":[{"href":"https:\/\/www.upo.es\/diario\/wp-json\/wp\/v2\/posts\/30880881","targetHints":{"allow":["GET"]}}],"collection":[{"href":"https:\/\/www.upo.es\/diario\/wp-json\/wp\/v2\/posts"}],"about":[{"href":"https:\/\/www.upo.es\/diario\/wp-json\/wp\/v2\/types\/post"}],"author":[{"embeddable":true,"href":"https:\/\/www.upo.es\/diario\/wp-json\/wp\/v2\/users\/6"}],"replies":[{"embeddable":true,"href":"https:\/\/www.upo.es\/diario\/wp-json\/wp\/v2\/comments?post=30880881"}],"version-history":[{"count":4,"href":"https:\/\/www.upo.es\/diario\/wp-json\/wp\/v2\/posts\/30880881\/revisions"}],"predecessor-version":[{"id":30880887,"href":"https:\/\/www.upo.es\/diario\/wp-json\/wp\/v2\/posts\/30880881\/revisions\/30880887"}],"wp:featuredmedia":[{"embeddable":true,"href":"https:\/\/www.upo.es\/diario\/wp-json\/wp\/v2\/media\/30880882"}],"wp:attachment":[{"href":"https:\/\/www.upo.es\/diario\/wp-json\/wp\/v2\/media?parent=30880881"}],"wp:term":[{"taxonomy":"category","embeddable":true,"href":"https:\/\/www.upo.es\/diario\/wp-json\/wp\/v2\/categories?post=30880881"},{"taxonomy":"post_tag","embeddable":true,"href":"https:\/\/www.upo.es\/diario\/wp-json\/wp\/v2\/tags?post=30880881"}],"curies":[{"name":"wp","href":"https:\/\/api.w.org\/{rel}","templated":true}]}}