{"id":30880890,"date":"2024-01-25T12:32:40","date_gmt":"2024-01-25T11:32:40","guid":{"rendered":"https:\/\/www.upo.es\/diario\/?p=30880890"},"modified":"2024-01-26T10:40:09","modified_gmt":"2024-01-26T09:40:09","slug":"cinco-centros-de-la-universidad-pablo-de-olavide-renuevan-sus-equipos-de-direccion","status":"publish","type":"post","link":"https:\/\/www.upo.es\/diario\/comunidad\/2024\/01\/cinco-centros-de-la-universidad-pablo-de-olavide-renuevan-sus-equipos-de-direccion\/","title":{"rendered":"Cinco centros de la Universidad Pablo de Olavide renuevan sus equipos de direcci\u00f3n"},"content":{"rendered":"<figure id=\"attachment_30880892\" aria-describedby=\"caption-attachment-30880892\" style=\"width: 750px\" class=\"wp-caption aligncenter\"><a href=\"https:\/\/www.upo.es\/diario\/wp-content\/uploads\/2024\/01\/Rector-Decanatos_20240124-1-scaled.jpg\"><img loading=\"lazy\" decoding=\"async\" class=\"size-large wp-image-30880892\" src=\"https:\/\/www.upo.es\/diario\/wp-content\/uploads\/2024\/01\/Rector-Decanatos_20240124-1-750x338.jpg\" alt=\"Luis Merino, C\u00e9sar Hornero, \u00c1lvaro L\u00f3pez, Mar\u00eda Losada, Francisco Oliva, Juan Miguel G\u00f3mez Espino , Jos\u00e9 Antonio Gonz\u00e1lez y Juan Carlos Rodr\u00edguez Aguilera\" width=\"750\" height=\"338\" srcset=\"https:\/\/www.upo.es\/diario\/wp-content\/uploads\/2024\/01\/Rector-Decanatos_20240124-1-750x338.jpg 750w, https:\/\/www.upo.es\/diario\/wp-content\/uploads\/2024\/01\/Rector-Decanatos_20240124-1-420x189.jpg 420w, https:\/\/www.upo.es\/diario\/wp-content\/uploads\/2024\/01\/Rector-Decanatos_20240124-1-768x346.jpg 768w, https:\/\/www.upo.es\/diario\/wp-content\/uploads\/2024\/01\/Rector-Decanatos_20240124-1-1536x691.jpg 1536w, https:\/\/www.upo.es\/diario\/wp-content\/uploads\/2024\/01\/Rector-Decanatos_20240124-1-2048x922.jpg 2048w, https:\/\/www.upo.es\/diario\/wp-content\/uploads\/2024\/01\/Rector-Decanatos_20240124-1-1320x594.jpg 1320w\" sizes=\"auto, (max-width: 750px) 100vw, 750px\" \/><\/a><figcaption id=\"caption-attachment-30880892\" class=\"wp-caption-text\">Luis Merino, C\u00e9sar Hornero, \u00c1lvaro L\u00f3pez, Mar\u00eda Losada, Francisco Oliva, Juan Miguel G\u00f3mez Espino , Jos\u00e9 Antonio Gonz\u00e1lez y Juan Carlos Rodr\u00edguez Aguilera<\/figcaption><\/figure>\n<p>Las facultades de <strong>Ciencias del Deporte, Derecho, Ciencias Empresariales, Humanidades y la Escuela Polit\u00e9cnica Superior<\/strong> celebraron el pasado mes de diciembre elecciones a juntas de centro. Tras la renovaci\u00f3n de estos \u00f3rganos colegiados, y una vez elegidos los nuevos equipos decanales por cada uno de ellos, est\u00e1n al frente de los mismos <strong>Jos\u00e9 Antonio Gonz\u00e1lez, C\u00e9sar Hornero, \u00c1lvaro L\u00f3pez, Mar\u00eda Losada y Luis Merino<\/strong>, respectivamente.<\/p>\n<p>A finales del curso 2022\/2023 fueron tambi\u00e9n renovadas las juntas de centro de la Facultad de Ciencias Sociales y de la Facultad de Ciencias Experimentales, de cuyas elecciones resultaron elegidos decanos <strong>Juan Miguel G\u00f3mez Espino<\/strong> y <strong>Juan Carlos Rodr\u00edguez Aguilera<\/strong>.<\/p>\n<h3><strong>Jos\u00e9 Antonio Gonz\u00e1lez Jurado, decano de la Facultad de Ciencias del Deporte<\/strong><\/h3>\n<p>Doctor por la Universidad de Granada y M\u00e1ster en Alto Rendimiento Deportivo por la Aut\u00f3noma de Madrid, ha impartido clases en las universidades de Sevilla, Internacional de Andaluc\u00eda, Zaragoza, Granada y Santiago de Chile. Es profesor de la Facultad de Ciencias del Deporte desde 2005 y dirige el M\u00e1ster Universitario en Rendimiento F\u00edsico y Deportivo de la Universidad Pablo de Olavide. Como investigador ha realizado estancias en las universidades de Harvard, South Bank University (Londres), Tolima (Per\u00fa), Santiago de Chile, y en el Center for Physical Activity Research (Universidad de Copenhague-Rigshospitalet).<\/p>\n<h3><strong>C\u00e9sar Hornero M\u00e9ndez, decano de la Facultad de Derecho<\/strong><\/h3>\n<p>Licenciado en Derecho por la Universidad de Sevilla y Doctor en Derecho por la Universidad Pablo de Olavide, es profesor contratado doctor de Derecho Civil. Anteriormente en la UPO, ha sido vicedecano de la Facultad de Derecho (1997-2004), vicepresidente ejecutivo de la Fundaci\u00f3n Universidad-Sociedad (2011-2012) y director del Departamento de Derecho privado (2017-2024).<\/p>\n<h3><strong>\u00c1lvaro L\u00f3pez Cabrales, decano de la Facultad de Ciencias Empresariales<\/strong><\/h3>\n<p>Catedr\u00e1tico de Universidad en el \u00c1rea de Organizaci\u00f3n de Empresas de la Universidad Pablo de Olavide desde 2020, empez\u00f3 su carrera acad\u00e9mica en la UPO en 1999. Premio Ciudad de Sevilla a la mejor tesis doctoral 2003\/2004, ha participado en proyectos de investigaci\u00f3n financiados por el Plan Nacional de I+D del Ministerio de Ciencia y Tecnolog\u00eda, as\u00ed como en Proyectos de Excelencia de la Junta de Andalucia desde 2004.<\/p>\n<h3><strong>Mar\u00eda Losada Friend, decana de la Facultad de Humanidades<\/strong><\/h3>\n<p>Profesora titular de Filolog\u00eda Inglesa de la Universidad Pablo de Olavide, doctora por la Universidad de Sevilla y M\u00e1ster en Literatura Comparada por la Universidad de Carolina del Norte en Chapel Hill. Ha sido docente en las universidades de Huelva, Oreg\u00f3n, P.J.Safarik (Eslovaquia), Middlebury College at Mills o Sonoma State University, con estancias en las universidades de Galway, Limerick, Anglia Ruskin University (Cambridge), Harvard, o ISIT (Par\u00eds). Fue directora del Servicio de Relaciones Internacionales y de Lenguas Modernas en la Universidad de Huelva (2013-2017). Miembro del grupo de investigaci\u00f3n HUM 857-UPO, participa en proyectos i+D+I relacionados con la literatura comparada, traducci\u00f3n e intercambios literarios y culturales entre pa\u00edses angl\u00f3fonos y Espa\u00f1a.<\/p>\n<h3><strong>Luis Merino Caba\u00f1as, director de la Escuela Polit\u00e9cnica Superior<\/strong><\/h3>\n<p>Profesor titular del \u00e1rea de Ingenier\u00eda de Sistemas y Autom\u00e1tica de la Universidad Pablo de Olavide; es Ingeniero de Telecomunicaci\u00f3n y Doctor por la Universidad de Sevilla. Sus l\u00edneas de investigaci\u00f3n versan sobre sistemas rob\u00f3ticos cooperativos, incluidos los sistemas multi-robot y la cooperaci\u00f3n entre robots y personas, sobre los que ha publicado m\u00e1s de cien art\u00edculos. Es director del <em>Service Robotics Laboratory<\/em> de la UPO, donde ha sido investigador de siete proyectos de I+D de la UE as\u00ed como de siete proyectos del Plan Nacional. Asimismo dirige proyectos de transferencia en cooperaci\u00f3n con empresas como Honda Research Institute en Jap\u00f3n, y mantiene colaboraciones con instituciones como el Joint Research Centre de la Comisi\u00f3n Europea o el Centro Aeroespacial Alem\u00e1n (DLR).<\/p>\n<h3>Juan Miguel G\u00f3mez Espino, decano de la Facultad de Ciencias Sociales<\/h3>\n<p>Profesor de la Universidad Pablo de Olavide desde 2001, en estos a\u00f1os ha combinado la actividad docente, la investigadora y de gesti\u00f3n universitaria.\u00a0 En este \u00faltimo \u00e1mbito, ha sido secretario del Departamento de Ciencias Sociales,\u00a0 coordinador de Pr\u00e1cticas de la Facultad de Ciencias Sociales, presidente de Comisi\u00f3n del Plan de Estudios del Grado de Sociolog\u00eda,\u00a0 secretario acad\u00e9mico de la Facultad de Ciencias Sociales y vicedecano de Ordenaci\u00f3n Acad\u00e9mica en esta Facultad<em>.\u00a0 <\/em>Licenciado en Ciencias Pol\u00edticas y Sociolog\u00eda por la Universidad de Granada, y doctor desde 2009, ha publicado sus trabajos cient\u00edficos sobre sociolog\u00eda de la infancia y sociolog\u00eda de la educaci\u00f3n en revistas de impacto nacionales e internacionales.<\/p>\n<h3>Juan Carlos Rodr\u00edguez Aguilera, decano de la Facultad de Ciencias Experimentales<\/h3>\n<p>Doctor en Biolog\u00eda Celular por la Universidad de C\u00f3rdoba, es profesor titular de la Universidad Pablo de Olavide desde 2002. Ha publicado numerosos art\u00edculos, y participado en proyectos de investigaci\u00f3n, sobre los efectos de la deficiencia de la coenzima Q, sobre enfermedades raras y el estudio de las mitocondrias sobre la salud y el envejecimiento.<\/p>\n","protected":false},"excerpt":{"rendered":"<p>Jos\u00e9 Antonio Gonz\u00e1lez, C\u00e9sar Hornero, \u00c1lvaro L\u00f3pez, Mar\u00eda Losada y Luis Merino, al frente de los decanatos de las facultades de Ciencias del Deporte, Derecho, Empresariales, Humanidades y de la Escuela Polit\u00e9cnica Superior.<\/p>\n","protected":false},"author":6,"featured_media":30880892,"comment_status":"closed","ping_status":"open","sticky":false,"template":"","format":"standard","meta":{"_monsterinsights_skip_tracking":false,"_monsterinsights_sitenote_active":false,"_monsterinsights_sitenote_note":"","_monsterinsights_sitenote_category":0,"footnotes":""},"categories":[5842],"tags":[69,152,3342,360,122,487,81,96,4021,7371],"class_list":["post-30880890","post","type-post","status-publish","format-standard","has-post-thumbnail","hentry","category-comunidad","tag-elecciones","tag-escuela-politecnica-superior","tag-facultad-de-ciencias-del-deporte","tag-facultad-de-ciencias-empresariales","tag-facultad-ciencias-experimentales","tag-facultad-ciencias-sociales","tag-facultad-de-derecho","tag-facultad-de-humanidades","tag-francisco-oliva-blazquez","tag-organos-colegiados"],"_links":{"self":[{"href":"https:\/\/www.upo.es\/diario\/wp-json\/wp\/v2\/posts\/30880890","targetHints":{"allow":["GET"]}}],"collection":[{"href":"https:\/\/www.upo.es\/diario\/wp-json\/wp\/v2\/posts"}],"about":[{"href":"https:\/\/www.upo.es\/diario\/wp-json\/wp\/v2\/types\/post"}],"author":[{"embeddable":true,"href":"https:\/\/www.upo.es\/diario\/wp-json\/wp\/v2\/users\/6"}],"replies":[{"embeddable":true,"href":"https:\/\/www.upo.es\/diario\/wp-json\/wp\/v2\/comments?post=30880890"}],"version-history":[{"count":6,"href":"https:\/\/www.upo.es\/diario\/wp-json\/wp\/v2\/posts\/30880890\/revisions"}],"predecessor-version":[{"id":30880917,"href":"https:\/\/www.upo.es\/diario\/wp-json\/wp\/v2\/posts\/30880890\/revisions\/30880917"}],"wp:featuredmedia":[{"embeddable":true,"href":"https:\/\/www.upo.es\/diario\/wp-json\/wp\/v2\/media\/30880892"}],"wp:attachment":[{"href":"https:\/\/www.upo.es\/diario\/wp-json\/wp\/v2\/media?parent=30880890"}],"wp:term":[{"taxonomy":"category","embeddable":true,"href":"https:\/\/www.upo.es\/diario\/wp-json\/wp\/v2\/categories?post=30880890"},{"taxonomy":"post_tag","embeddable":true,"href":"https:\/\/www.upo.es\/diario\/wp-json\/wp\/v2\/tags?post=30880890"}],"curies":[{"name":"wp","href":"https:\/\/api.w.org\/{rel}","templated":true}]}}