{"id":30880895,"date":"2024-01-25T16:38:59","date_gmt":"2024-01-25T15:38:59","guid":{"rendered":"https:\/\/www.upo.es\/diario\/?p=30880895"},"modified":"2024-02-05T12:15:37","modified_gmt":"2024-02-05T11:15:37","slug":"francisco-oliva-cuando-la-universidad-mejora-nuestro-entorno-social-y-economico-tambien-lo-hace","status":"publish","type":"post","link":"https:\/\/www.upo.es\/diario\/institucional\/2024\/01\/francisco-oliva-cuando-la-universidad-mejora-nuestro-entorno-social-y-economico-tambien-lo-hace\/","title":{"rendered":"Francisco Oliva: \u201cCuando la Universidad mejora, nuestro entorno social y econ\u00f3mico tambi\u00e9n lo hace\u201d"},"content":{"rendered":"<p><a title=\"D\u00eda de la Universidad Pablo de Olavide\" href=\"https:\/\/www.flickr.com\/photos\/pablodeolavide\/albums\/72177720314338827\" data-flickr-embed=\"true\"><img loading=\"lazy\" decoding=\"async\" src=\"https:\/\/live.staticflickr.com\/65535\/53488308478_dab1a921d9_c.jpg\" alt=\"D\u00eda de la Universidad Pablo de Olavide\" width=\"800\" height=\"600\" \/><\/a><script async src=\"\/\/embedr.flickr.com\/assets\/client-code.js\" charset=\"utf-8\"><\/script><\/p>\n<p>La Universidad Pablo de Olavide ha celebrado esta ma\u00f1ana en el Paraninfo una <strong>jornada de reconocimiento hacia la labor investigadora de su PDI, as\u00ed como de la actividad docente y de gesti\u00f3n realizada por su profesorado y por su personal t\u00e9cnico y de administraci\u00f3n (PTGAS)<\/strong>. Presidido por el rector, Francisco Oliva Bl\u00e1zquez, durante el acto se ha dado especial visibilidad al trabajo desarrollado por tres grupos de investigaci\u00f3n y se ha hecho entrega de honores y distinciones por los servicios prestados, entre los que destacan las Medallas al M\u00e9rito concedidas a los profesores <strong>Francisco Bedoya Bergua<\/strong> y<strong> Guillermo Dom\u00ednguez Fern\u00e1ndez<\/strong>.<\/p>\n<figure id=\"attachment_30880898\" aria-describedby=\"caption-attachment-30880898\" style=\"width: 420px\" class=\"wp-caption alignright\"><a href=\"https:\/\/www.upo.es\/diario\/wp-content\/uploads\/2024\/01\/Medalla-FranciscoBedoya.jpg\"><img loading=\"lazy\" decoding=\"async\" class=\"size-medium wp-image-30880898\" src=\"https:\/\/www.upo.es\/diario\/wp-content\/uploads\/2024\/01\/Medalla-FranciscoBedoya-420x280.jpg\" alt=\"Francisco Bedoya recibe la Medalla al M\u00e9rito del rector\" width=\"420\" height=\"280\" srcset=\"https:\/\/www.upo.es\/diario\/wp-content\/uploads\/2024\/01\/Medalla-FranciscoBedoya-420x280.jpg 420w, https:\/\/www.upo.es\/diario\/wp-content\/uploads\/2024\/01\/Medalla-FranciscoBedoya-750x500.jpg 750w, https:\/\/www.upo.es\/diario\/wp-content\/uploads\/2024\/01\/Medalla-FranciscoBedoya-768x512.jpg 768w, https:\/\/www.upo.es\/diario\/wp-content\/uploads\/2024\/01\/Medalla-FranciscoBedoya-1536x1024.jpg 1536w, https:\/\/www.upo.es\/diario\/wp-content\/uploads\/2024\/01\/Medalla-FranciscoBedoya-165x109.jpg 165w, https:\/\/www.upo.es\/diario\/wp-content\/uploads\/2024\/01\/Medalla-FranciscoBedoya-1320x880.jpg 1320w, https:\/\/www.upo.es\/diario\/wp-content\/uploads\/2024\/01\/Medalla-FranciscoBedoya.jpg 2048w\" sizes=\"auto, (max-width: 420px) 100vw, 420px\" \/><\/a><figcaption id=\"caption-attachment-30880898\" class=\"wp-caption-text\">Francisco Bedoya recibe la Medalla al M\u00e9rito del rector<\/figcaption><\/figure>\n<p>Al D\u00eda de la Universidad, que se celebra coincidiendo con el nacimiento de Pablo de Olavide y J\u00e1uregui hace 299 a\u00f1os en Lima, y que da nombre a la instituci\u00f3n, ha asistido <strong>Ram\u00f3n Herrera de las Heras,<\/strong> secretario general de Universidades de la Junta de Andaluc\u00eda. Por parte de la UPO, han estado tambi\u00e9n presentes <strong>Laura L\u00f3pez de la Cruz<\/strong>, vicerrectora de Relaciones Institucionales y Fundaciones; <strong>Roc\u00edo Reinoso Cuevas<\/strong>, presidenta del Consejo Social; y <strong>Mar\u00eda Holgado Gonz\u00e1lez<\/strong>, secretaria general de la Universidad.<\/p>\n<p>Como novedad, este a\u00f1o se ha incluido la secci\u00f3n <strong>\u2018Somos Universidad\u2019<\/strong> con la que la UPO quiere resaltar algunos de los proyectos de investigaci\u00f3n cuyos resultados han tenido especial repercusi\u00f3n. As\u00ed, ha sido reconocido el trabajo llevado a cabo por los siguientes grupos y l\u00edneas de investigaci\u00f3n: <strong>\u2018Gen\u00e9tica de longevidad en <em>Caenorhabiditis elegans<\/em>\u2019; Pol\u00edtica Urbana y Metropolitana (UPOMetropoli); y \u2018Estudios de multiling\u00fcismo en la sociedad\u2019<\/strong>.<\/p>\n<figure id=\"attachment_30880899\" aria-describedby=\"caption-attachment-30880899\" style=\"width: 420px\" class=\"wp-caption alignright\"><a href=\"https:\/\/www.upo.es\/diario\/wp-content\/uploads\/2024\/01\/Medalla-GuillermoDominguez.jpg\"><img loading=\"lazy\" decoding=\"async\" class=\"size-medium wp-image-30880899\" src=\"https:\/\/www.upo.es\/diario\/wp-content\/uploads\/2024\/01\/Medalla-GuillermoDominguez-420x280.jpg\" alt=\"Guillermo Dom\u00ednguez con la Medalla al M\u00e9rito\" width=\"420\" height=\"280\" srcset=\"https:\/\/www.upo.es\/diario\/wp-content\/uploads\/2024\/01\/Medalla-GuillermoDominguez-420x280.jpg 420w, https:\/\/www.upo.es\/diario\/wp-content\/uploads\/2024\/01\/Medalla-GuillermoDominguez-750x500.jpg 750w, https:\/\/www.upo.es\/diario\/wp-content\/uploads\/2024\/01\/Medalla-GuillermoDominguez-768x512.jpg 768w, https:\/\/www.upo.es\/diario\/wp-content\/uploads\/2024\/01\/Medalla-GuillermoDominguez-1536x1024.jpg 1536w, https:\/\/www.upo.es\/diario\/wp-content\/uploads\/2024\/01\/Medalla-GuillermoDominguez-165x109.jpg 165w, https:\/\/www.upo.es\/diario\/wp-content\/uploads\/2024\/01\/Medalla-GuillermoDominguez-1320x880.jpg 1320w, https:\/\/www.upo.es\/diario\/wp-content\/uploads\/2024\/01\/Medalla-GuillermoDominguez.jpg 2048w\" sizes=\"auto, (max-width: 420px) 100vw, 420px\" \/><\/a><figcaption id=\"caption-attachment-30880899\" class=\"wp-caption-text\">Guillermo Dom\u00ednguez y Francisco Oliva<\/figcaption><\/figure>\n<p>Francisco Oliva ha definido el D\u00eda de la Olavide como \u201cuna jornada de encuentro, de reflexi\u00f3n, de recuerdos y, sobre todo, de reconocimientos\u201d. Tras agradecer el trabajo desarrollado por las personas que se han jubilado durante 2023, y dedicar un emotivo recuerdo a quienes fallecieron en este per\u00edodo, ha destacado algunos de los logros alcanzados durante el a\u00f1o, que ha calificado de especialmente importante para la Universidad.<\/p>\n<p>As\u00ed, <strong>el rector ha destacado como uno de los principales resultados que la Universidad haya alcanzado por primera vez el 50 por ciento de profesorado funcionario, de un 34% hace solo tres a\u00f1os<\/strong>, as\u00ed como la eliminaci\u00f3n de la lista de espera de profesoras y profesores acreditados. En cuanto al personal t\u00e9cnico y de gesti\u00f3n, ha remarcado medidas puestas en marcha durante el a\u00f1o como el modelo de<strong> teletrabajo, las acciones de salario emocional, o el refuerzo de la plantilla gracias a la cesi\u00f3n de plazas de reposici\u00f3n del PDI al PTGAS<\/strong>. Dedicadas al estudiante \u201craz\u00f3n de ser y de existir de cualquier universidad\u201d, ha recordado iniciativas como la apertura de la<strong> Oficina de Atenci\u00f3n Integral al Estudiante, las nuevas normas de convivencia, el refuerzo del programa de becas y el programa \u2018Olavide Alumni\u2019<\/strong>.<\/p>\n<p>El secretario general de Universidades, <strong>Ram\u00f3n Herrera<\/strong>, ha felicitado a la Universidad Pablo de Olavide y a la comunidad que la integra, y ha recordado la figura del ilustrado, impulsor desde Sevilla de una importante reforma universitaria. En este sentido, ha se\u00f1alado el cambio que pr\u00f3ximamente aprobar\u00e1 la Junta en la oferta de titulaciones de las universidades p\u00fablicas andaluzas, de la que ha resaltado datos como que, <strong>de los 240 t\u00edtulos de grado, m\u00e1ster y doctorado que han planteado los campus, 86 son propuestas conjuntas, m\u00e1s de cuarenta duales y casi una treintena t\u00edtulos internacionales<\/strong>. Asimismo, se ha referido a la pr\u00f3xima ley andaluza de universidades, que pretende impulsar la colaboraci\u00f3n con las empresas, la internacionalizaci\u00f3n y la oferta en otros idiomas.<\/p>\n<p><strong>El rector de la Universidad Pablo de Olavide ha concluido el acto con un llamamiento a la importancia de las universidades<\/strong>. As\u00ed, ha recordado que \u201cen el conocimiento y en la innovaci\u00f3n est\u00e1 la base del desarrollo, y son los pa\u00edses que la apoyan e incentivan los que alcanzan mayores cotas de crecimiento y bienestar\u201d. Por ello desde la Universidad \u201ctratamos de acompa\u00f1ar el talento de nuestras investigadores e investigadores, haciendo todo lo posible por incentivar y generar las condiciones m\u00e1s favorables para que se genere una investigaci\u00f3n de calidad\u201d.<\/p>\n<p>Por su excelencia en los resultados obtenidos, y la repercusi\u00f3n que tienen en la sociedad la aplicaci\u00f3n de sus trabajos, han sido especialmente reconocidos esta ma\u00f1ana los siguientes grupos y l\u00edneas de investigaci\u00f3n de la Olavide:<\/p>\n<h3><strong>Gen\u00e9tica de longevidad en <em>Caenorhabiditis elegans<\/em> (BIO-373)<\/strong><\/h3>\n<p>Grupo de investigaci\u00f3n especializado en gen\u00e9tica del envejecimiento empleando el nematodo <em>Caenorhabiditis elegans<\/em>. Fruto de ese trabajo, el grupo ha identificado un f\u00e1rmaco como posible tratamiento de enfermedades neurodegenerativas. Sus investigaciones han llevado a la creaci\u00f3n de la <em>spin off<\/em> \u2018OLAVIDE NEURON STX S.L.\u2019 (ONESTX) dedicada al desarrollo de f\u00e1rmacos para tratar enfermedades neurodegenerativas del sistema nervioso central. Recientemente, el Ministerio de Ciencia, Innovaci\u00f3n y Universidades ha financiado un proyecto presentado por dicha empresa junto a tres grupos de investigaci\u00f3n de la UPO y la empresa Biomedal S.L, con el que avanzar\u00e1n en la detecci\u00f3n y el tratamiento de la enfermedad de Alzheimer.<br \/>\n<iframe loading=\"lazy\" title=\"YouTube video player\" src=\"https:\/\/www.youtube.com\/embed\/2fWjRcF8avU?si=_2hlOWeXJQ8Fx2-g\" width=\"560\" height=\"315\" frameborder=\"0\" allowfullscreen=\"allowfullscreen\"><\/iframe><\/p>\n<h3><strong>Pol\u00edtica Urbana y Metropolitana (UPOMetropoli)<\/strong><\/h3>\n<p>La l\u00ednea de investigaci\u00f3n \u2018Pol\u00edtica urbana y metropolitana (UPOMetropoli)\u2019 del grupo \u2018Pol\u00edtica, Territorio y Participaci\u00f3n (PTyP)\u2019 desarrolla una importante labor de investigaci\u00f3n y transferencia de conocimiento que permite abordar el hecho urbano y metropolitano poniendo el centro de atenci\u00f3n en las pol\u00edticas p\u00fablicas basadas en el modelo de gobernanza y orientadas al desarrollo integrado y sostenible. En concreto, cabe destacar el trabajo de investigaci\u00f3n aplicada que se realiza con un gran n\u00famero de administraciones p\u00fablicas de diferente nivel vinculado a las Agendas Urbanas, uno de los m\u00e1s innovadores instrumentos de pol\u00edtica p\u00fablica para la planificaci\u00f3n y gesti\u00f3n del desarrollo territorial. Adem\u00e1s de realizar asistencias t\u00e9cnicas a diferentes administraciones, este equipo de investigaci\u00f3n ha firmado distintos convenios con ayuntamientos de municipios del entorno metropolitano de la UPO para iniciar la colaboraci\u00f3n que lleve a desarrollar sus Observatorios Urbanos, siendo el primero de los proyectos en este \u00e1mbito el Observatorio Urbano de Sevilla.<\/p>\n<p><iframe loading=\"lazy\" title=\"YouTube video player\" src=\"https:\/\/www.youtube.com\/embed\/1qe_m8bHn7I?si=Nzqhcq_hno_TOekF\" width=\"560\" height=\"315\" frameborder=\"0\" allowfullscreen=\"allowfullscreen\"><\/iframe><\/p>\n<h3><strong>Estudios de multiling\u00fcismo en la sociedad<\/strong><\/h3>\n<p>Premiados por la Asociaci\u00f3n Americana de Ling\u00fc\u00edstica Aplicada por un estudio sobre biling\u00fcismo y equidad (Premio al Mejor Art\u00edculo de Investigaci\u00f3n 2022), el Departamento de Filolog\u00eda y Traducci\u00f3n de la UPO cuenta con destacados expertos y expertas en adquisici\u00f3n de segundas lenguas, la sociolog\u00eda de la lengua y las pol\u00edticas ling\u00fc\u00edsticas europeas. Destacan sus estudios de descripci\u00f3n del desarrollo del lenguaje a lo largo de la vida, que tienen incidencia en el \u00e1mbito de las pol\u00edticas p\u00fablicas en cuestiones como fracaso escolar, integraci\u00f3n de grupos minoritarios, comunicaci\u00f3n intercultural y desarrollo del biling\u00fcismo. Este equipo ha desarrollado proyectos de investigaci\u00f3n nacionales e internacionales sobre biling\u00fcismo y biculturalismo espa\u00f1ol\/ingl\u00e9s, distribuci\u00f3n social de la biliteracidad y competencia en comunicaci\u00f3n ling\u00fc\u00edstica. La transferencia de conocimiento tambi\u00e9n queda plasmada en proyectos desarrollados para el Ministerio de Educaci\u00f3n de Espa\u00f1a, para la Divisi\u00f3n de Pol\u00edticas Ling\u00fc\u00edsticas del Consejo de Europa y para la Junta de Andaluc\u00eda.<\/p>\n<p><iframe loading=\"lazy\" title=\"YouTube video player\" src=\"https:\/\/www.youtube.com\/embed\/KmvsCBTIz1M?si=iXsByBnBZZpaVOug\" width=\"560\" height=\"315\" frameborder=\"0\" allowfullscreen=\"allowfullscreen\"><\/iframe><\/p>\n","protected":false},"excerpt":{"rendered":"<p>El rector resalta los logros conseguidos en 2023 en el D\u00eda de la de la Universidad Pablo de Olavide, jornada de reconocimiento al trabajo desempe\u00f1ado por la comunidad universitaria.<\/p>\n","protected":false},"author":6,"featured_media":30880897,"comment_status":"closed","ping_status":"open","sticky":false,"template":"","format":"standard","meta":{"_monsterinsights_skip_tracking":false,"_monsterinsights_sitenote_active":false,"_monsterinsights_sitenote_note":"","_monsterinsights_sitenote_category":0,"footnotes":""},"categories":[6],"tags":[6490,21,4021,5446,203,1648,7708,199,8572],"class_list":["post-30880895","post","type-post","status-publish","format-standard","has-post-thumbnail","hentry","category-institucional","tag-dia-de-la-universidad-pablo-de-olavide","tag-estudiantes","tag-francisco-oliva-blazquez","tag-grupos-de-investigacion","tag-junta-de-andalucia","tag-laura-lopez-de-la-cruz","tag-medallas-al-merito","tag-profesorado","tag-ptgas"],"_links":{"self":[{"href":"https:\/\/www.upo.es\/diario\/wp-json\/wp\/v2\/posts\/30880895","targetHints":{"allow":["GET"]}}],"collection":[{"href":"https:\/\/www.upo.es\/diario\/wp-json\/wp\/v2\/posts"}],"about":[{"href":"https:\/\/www.upo.es\/diario\/wp-json\/wp\/v2\/types\/post"}],"author":[{"embeddable":true,"href":"https:\/\/www.upo.es\/diario\/wp-json\/wp\/v2\/users\/6"}],"replies":[{"embeddable":true,"href":"https:\/\/www.upo.es\/diario\/wp-json\/wp\/v2\/comments?post=30880895"}],"version-history":[{"count":6,"href":"https:\/\/www.upo.es\/diario\/wp-json\/wp\/v2\/posts\/30880895\/revisions"}],"predecessor-version":[{"id":30880915,"href":"https:\/\/www.upo.es\/diario\/wp-json\/wp\/v2\/posts\/30880895\/revisions\/30880915"}],"wp:featuredmedia":[{"embeddable":true,"href":"https:\/\/www.upo.es\/diario\/wp-json\/wp\/v2\/media\/30880897"}],"wp:attachment":[{"href":"https:\/\/www.upo.es\/diario\/wp-json\/wp\/v2\/media?parent=30880895"}],"wp:term":[{"taxonomy":"category","embeddable":true,"href":"https:\/\/www.upo.es\/diario\/wp-json\/wp\/v2\/categories?post=30880895"},{"taxonomy":"post_tag","embeddable":true,"href":"https:\/\/www.upo.es\/diario\/wp-json\/wp\/v2\/tags?post=30880895"}],"curies":[{"name":"wp","href":"https:\/\/api.w.org\/{rel}","templated":true}]}}