{"id":30880906,"date":"2024-01-25T07:51:22","date_gmt":"2024-01-25T06:51:22","guid":{"rendered":"https:\/\/www.upo.es\/diario\/?p=30880906"},"modified":"2024-01-26T09:51:42","modified_gmt":"2024-01-26T08:51:42","slug":"estudios-de-multilinguismo-en-la-sociedad","status":"publish","type":"post","link":"https:\/\/www.upo.es\/diario\/video\/2024\/01\/estudios-de-multilinguismo-en-la-sociedad\/","title":{"rendered":"Estudios de multiling\u00fcismo en la sociedad"},"content":{"rendered":"<p><iframe loading=\"lazy\" title=\"YouTube video player\" src=\"https:\/\/www.youtube.com\/embed\/KmvsCBTIz1M?si=1XsieVJFr8y_hSYT\" width=\"560\" height=\"315\" frameborder=\"0\" allowfullscreen=\"allowfullscreen\"><\/iframe><br \/>\nPremiados por la Asociaci\u00f3n Americana de Ling\u00fc\u00edstica Aplicada por un estudio sobre biling\u00fcismo y equidad (Premio al Mejor Art\u00edculo de Investigaci\u00f3n 2022), el Departamento de Filolog\u00eda y Traducci\u00f3n de la UPO cuenta con destacados expertos y expertas en adquisici\u00f3n de segundas lenguas, la sociolog\u00eda de la lengua y las pol\u00edticas ling\u00fc\u00edsticas europeas. Destacan sus estudios de descripci\u00f3n del desarrollo del lenguaje a lo largo de la vida, que tienen incidencia en el \u00e1mbito de las pol\u00edticas p\u00fablicas en cuestiones como fracaso escolar, integraci\u00f3n de grupos minoritarios, comunicaci\u00f3n intercultural y desarrollo del biling\u00fcismo. Este equipo ha desarrollado proyectos de investigaci\u00f3n nacionales e internacionales sobre biling\u00fcismo y biculturalismo espa\u00f1ol\/ingl\u00e9s, distribuci\u00f3n social de la biliteracidad y competencia en comunicaci\u00f3n ling\u00fc\u00edstica. La transferencia de conocimiento tambi\u00e9n queda plasmada en proyectos desarrollados para el Ministerio de Educaci\u00f3n de Espa\u00f1a, para la Divisi\u00f3n de Pol\u00edticas Ling\u00fc\u00edsticas del Consejo de Europa y para la Junta de Andaluc\u00eda.<\/p>\n","protected":false},"excerpt":{"rendered":"<p>Premiados por la Asociaci\u00f3n Americana de Ling\u00fc\u00edstica Aplicada por un estudio sobre biling\u00fcismo y equidad (Premio al Mejor Art\u00edculo de Investigaci\u00f3n 2022), el Departamento de Filolog\u00eda y Traducci\u00f3n de la UPO cuenta con destacados expertos y expertas en adquisici\u00f3n de segundas lenguas, la sociolog\u00eda de la lengua y las pol\u00edticas ling\u00fc\u00edsticas europeas.<\/p>\n","protected":false},"author":6,"featured_media":30880905,"comment_status":"closed","ping_status":"open","sticky":false,"template":"","format":"video","meta":{"_monsterinsights_skip_tracking":false,"_monsterinsights_sitenote_active":false,"_monsterinsights_sitenote_note":"","_monsterinsights_sitenote_category":0,"footnotes":""},"categories":[6038],"tags":[8338,2495,1116,1927,1268],"class_list":["post-30880906","post","type-post","status-publish","format-video","has-post-thumbnail","hentry","category-video","tag-adrian-granados","tag-bilinguismo","tag-departamento-de-filologia-y-traduccion","tag-francisco-lorenzo","tag-linguistica-aplicada","post_format-post-format-video"],"_links":{"self":[{"href":"https:\/\/www.upo.es\/diario\/wp-json\/wp\/v2\/posts\/30880906","targetHints":{"allow":["GET"]}}],"collection":[{"href":"https:\/\/www.upo.es\/diario\/wp-json\/wp\/v2\/posts"}],"about":[{"href":"https:\/\/www.upo.es\/diario\/wp-json\/wp\/v2\/types\/post"}],"author":[{"embeddable":true,"href":"https:\/\/www.upo.es\/diario\/wp-json\/wp\/v2\/users\/6"}],"replies":[{"embeddable":true,"href":"https:\/\/www.upo.es\/diario\/wp-json\/wp\/v2\/comments?post=30880906"}],"version-history":[{"count":1,"href":"https:\/\/www.upo.es\/diario\/wp-json\/wp\/v2\/posts\/30880906\/revisions"}],"predecessor-version":[{"id":30880907,"href":"https:\/\/www.upo.es\/diario\/wp-json\/wp\/v2\/posts\/30880906\/revisions\/30880907"}],"wp:featuredmedia":[{"embeddable":true,"href":"https:\/\/www.upo.es\/diario\/wp-json\/wp\/v2\/media\/30880905"}],"wp:attachment":[{"href":"https:\/\/www.upo.es\/diario\/wp-json\/wp\/v2\/media?parent=30880906"}],"wp:term":[{"taxonomy":"category","embeddable":true,"href":"https:\/\/www.upo.es\/diario\/wp-json\/wp\/v2\/categories?post=30880906"},{"taxonomy":"post_tag","embeddable":true,"href":"https:\/\/www.upo.es\/diario\/wp-json\/wp\/v2\/tags?post=30880906"}],"curies":[{"name":"wp","href":"https:\/\/api.w.org\/{rel}","templated":true}]}}