{"id":30880918,"date":"2024-01-26T11:17:19","date_gmt":"2024-01-26T10:17:19","guid":{"rendered":"https:\/\/www.upo.es\/diario\/?p=30880918"},"modified":"2024-01-26T11:17:19","modified_gmt":"2024-01-26T10:17:19","slug":"la-fundacion-de-municipios-convoca-una-nueva-edicion-de-la-coleccion-olavide-ilustracion","status":"publish","type":"post","link":"https:\/\/www.upo.es\/diario\/docencia-formacion\/2024\/01\/la-fundacion-de-municipios-convoca-una-nueva-edicion-de-la-coleccion-olavide-ilustracion\/","title":{"rendered":"La Fundaci\u00f3n de Municipios convoca una nueva edici\u00f3n de la colecci\u00f3n Olavide-Ilustraci\u00f3n"},"content":{"rendered":"<p><a href=\"https:\/\/www.upo.es\/diario\/wp-content\/uploads\/2024\/01\/Olavide-ilustracion-logo-800x450-1-400x225-1.jpg\"><img loading=\"lazy\" decoding=\"async\" class=\"alignright size-full wp-image-30880920\" src=\"https:\/\/www.upo.es\/diario\/wp-content\/uploads\/2024\/01\/Olavide-ilustracion-logo-800x450-1-400x225-1.jpg\" alt=\"Olavide Ilustraci\u00f3n\" width=\"400\" height=\"225\" \/><\/a>La Fundaci\u00f3n de Municipios Pablo de Olavide convoca una nueva edici\u00f3n para publicar la obra anual dentro de la colecci\u00f3n Olavide-Ilustraci\u00f3n, <strong>un proyecto editorial que nace en el a\u00f1o 2020 con el objetivo principal de contribuir al conocimiento cient\u00edfico sobre la figura de Pablo de Olavide y J\u00e1uregui, as\u00ed como de la historia, el patrimonio y la cultura de las Nuevas Poblaciones de Sierra Morena y Andaluc\u00eda<\/strong>, exponentes de la Ilustraci\u00f3n en Espa\u00f1a.<\/p>\n<p>La Colecci\u00f3n admitir\u00e1 aquellos trabajos que versen sobre los \u00e1mbitos tem\u00e1ticos que dan cumplimiento a su mencionado objetivo principal: estudios que profundicen en el conocimiento de la figura de Pablo de Olavide y de la empresa de las Nuevas Poblaciones carolinas, as\u00ed como obras dedicadas al per\u00edodo de la Ilustraci\u00f3n, en sus diversas facetas hist\u00f3ricas y culturales, y sus repercusiones en el \u00e1mbito del paisaje, el territorio, el urbanismo y el patrimonio hist\u00f3rico.<\/p>\n<p><strong>Se admitir\u00e1n originales que sean obras monogr\u00e1ficas o colectivas de car\u00e1cter cient\u00edfico; tambi\u00e9n trabajos de \u2018alta divulgaci\u00f3n\u2019, rigurosos en cuanto a los datos, pero asequibles a la ciudadan\u00eda<\/strong>. Finalmente, podr\u00e1 considerarse la edici\u00f3n de fuentes in\u00e9ditas y traducciones de obras relevantes que permitan poner a disposici\u00f3n de estudiosos y de la sociedad en general informaciones significativas tanto para futuras investigaciones como para ser empleados como herramientas did\u00e1cticas.<\/p>\n<p>Las propuestas para la colecci\u00f3n Olavide-Ilustraci\u00f3n deben ser in\u00e9ditas y originales y ser\u00e1n sometidas a una evaluaci\u00f3n por parte del consejo editorial, en el que se determine que cumple con las normas de edici\u00f3n y estilo de la editorial, la correcta adaptaci\u00f3n del original a la tem\u00e1tica espec\u00edfica, que tiene la calidad exigible a una obra de estas caracter\u00edsticas y que el contenido que se expone es original y relevante.<\/p>\n<p>La persona o personas autoras ceden sus derechos de la obra a la Fundaci\u00f3n de Municipios, y no percibir\u00e1n ninguna remuneraci\u00f3n, ni como importe del premio, ni por la venta. El premio consistir\u00e1 en la publicaci\u00f3n de la obra, de la que se entregar\u00e1n, tras su edici\u00f3n y presentaci\u00f3n, un lote de ejemplares al autor.<\/p>\n<p>El consejo editorial es el \u00f3rgano competente para la aceptaci\u00f3n de las propuestas y la selecci\u00f3n de la obra a publicar, que ser\u00e1 elevadas al patronato de la Fundaci\u00f3n para la aprobaci\u00f3n definitiva de la publicaci\u00f3n.<\/p>\n<p><strong>El plazo de recepci\u00f3n de originales estar\u00e1 abierto desde el 25 de enero al 15 de septiembre de 2024<\/strong>. La persona proponente de la nueva publicaci\u00f3n deber\u00e1 presentar junto al original un esquema b\u00e1sico de la misma, en la que especifique el t\u00edtulo, estructura, extensi\u00f3n aproximada, pr\u00f3logo y colaboradores, en caso de que se trate de una obra colectiva. A finales de octubre se reunir\u00e1 el consejo editorial para decidir sobre las propuestas presentadas.<\/p>\n<p>Durante los primeros a\u00f1os, <a href=\"https:\/\/www.upo.es\/fundacionmunicipios\/editorial-fundacion-municipios\/\">la Colecci\u00f3n ha publicado seis obras<\/a>: \u201cEl paisaje cultural de la Ilustraci\u00f3n en Andaluc\u00eda. Ciudad, territorio y patrimonio cultural en la Nuevas Poblaciones\u201d; \u201cColonos y propietarios de las Nuevas Poblaciones de Sierra Morena\u201d; \u201cHacia el Puerto de la Felicidad. Origen, causas y desarrollo de la emigraci\u00f3n alemana a Sierra Morena y Andaluc\u00eda en el siglo XVIII\u201d; \u201cPablo de Olavide. La Sevilla so\u00f1ada\u201d; el \u201cCat\u00e1logo de la Exposici\u00f3n del 250 Aniversario del Plano de Sevilla de Pablo de Olavide\u201d y \u201cVida y obra de un sacerdote ilustrado ursaon\u00e9s. Manuel Mar\u00eda de Arjona y Cubas (1771-1820).<\/p>\n<p>Para m\u00e1s informaci\u00f3n: <a href=\"https:\/\/www.upo.es\/fundacionmunicipios\/wp-content\/uploads\/2024\/01\/BasesEditorialesColeccionOlavideIlustracion2024.Fdo_.pdf\">Colecci\u00f3n Olavide-Ilustraci\u00f3n: BASES<\/a><\/p>\n<p>Fuente: Fundaci\u00f3n Universidad Pablo de Olavide<\/p>\n","protected":false},"excerpt":{"rendered":"<p>La Fundaci\u00f3n de Municipios Pablo de Olavide convoca una nueva edici\u00f3n para publicar la obra anual dentro de la colecci\u00f3n Olavide-Ilustraci\u00f3n, un proyecto editorial que nace en el a\u00f1o 2020 con el objetivo principal de contribuir al conocimiento cient\u00edfico sobre la figura de Pablo de Olavide y J\u00e1uregui, as\u00ed como de la historia, el patrimonio y la cultura de las Nuevas Poblaciones de Sierra Morena y Andaluc\u00eda, exponentes de la Ilustraci\u00f3n en Espa\u00f1a.<\/p>\n","protected":false},"author":6,"featured_media":30880920,"comment_status":"closed","ping_status":"open","sticky":false,"template":"","format":"standard","meta":{"_monsterinsights_skip_tracking":false,"_monsterinsights_sitenote_active":false,"_monsterinsights_sitenote_note":"","_monsterinsights_sitenote_category":0,"footnotes":""},"categories":[2779],"tags":[3621,2805,5835,8672],"class_list":["post-30880918","post","type-post","status-publish","format-standard","has-post-thumbnail","hentry","category-docencia-formacion","tag-fundacion-de-municipios-pablo-de-olavide","tag-ilustracion","tag-libros","tag-pablo-de-olavide-y-jauregui"],"_links":{"self":[{"href":"https:\/\/www.upo.es\/diario\/wp-json\/wp\/v2\/posts\/30880918","targetHints":{"allow":["GET"]}}],"collection":[{"href":"https:\/\/www.upo.es\/diario\/wp-json\/wp\/v2\/posts"}],"about":[{"href":"https:\/\/www.upo.es\/diario\/wp-json\/wp\/v2\/types\/post"}],"author":[{"embeddable":true,"href":"https:\/\/www.upo.es\/diario\/wp-json\/wp\/v2\/users\/6"}],"replies":[{"embeddable":true,"href":"https:\/\/www.upo.es\/diario\/wp-json\/wp\/v2\/comments?post=30880918"}],"version-history":[{"count":2,"href":"https:\/\/www.upo.es\/diario\/wp-json\/wp\/v2\/posts\/30880918\/revisions"}],"predecessor-version":[{"id":30880921,"href":"https:\/\/www.upo.es\/diario\/wp-json\/wp\/v2\/posts\/30880918\/revisions\/30880921"}],"wp:featuredmedia":[{"embeddable":true,"href":"https:\/\/www.upo.es\/diario\/wp-json\/wp\/v2\/media\/30880920"}],"wp:attachment":[{"href":"https:\/\/www.upo.es\/diario\/wp-json\/wp\/v2\/media?parent=30880918"}],"wp:term":[{"taxonomy":"category","embeddable":true,"href":"https:\/\/www.upo.es\/diario\/wp-json\/wp\/v2\/categories?post=30880918"},{"taxonomy":"post_tag","embeddable":true,"href":"https:\/\/www.upo.es\/diario\/wp-json\/wp\/v2\/tags?post=30880918"}],"curies":[{"name":"wp","href":"https:\/\/api.w.org\/{rel}","templated":true}]}}