{"id":30880927,"date":"2024-01-30T11:18:52","date_gmt":"2024-01-30T10:18:52","guid":{"rendered":"https:\/\/www.upo.es\/diario\/?p=30880927"},"modified":"2024-02-05T12:15:36","modified_gmt":"2024-02-05T11:15:36","slug":"el-alumnado-de-fevida-se-incorpora-a-su-semana-de-inmersion-en-la-residencia-universitaria-flora-tristan","status":"publish","type":"post","link":"https:\/\/www.upo.es\/diario\/cultura-social\/2024\/01\/el-alumnado-de-fevida-se-incorpora-a-su-semana-de-inmersion-en-la-residencia-universitaria-flora-tristan\/","title":{"rendered":"El alumnado de FEVIDA se incorpora a su semana de inmersi\u00f3n en la Residencia Universitaria Flora Trist\u00e1n"},"content":{"rendered":"<figure id=\"attachment_30880929\" aria-describedby=\"caption-attachment-30880929\" style=\"width: 750px\" class=\"wp-caption aligncenter\"><a href=\"https:\/\/www.upo.es\/diario\/wp-content\/uploads\/2024\/01\/6436-scaled.jpg\"><img loading=\"lazy\" decoding=\"async\" class=\"size-large wp-image-30880929\" src=\"https:\/\/www.upo.es\/diario\/wp-content\/uploads\/2024\/01\/6436-750x410.jpg\" alt=\"alumnos y alumnas del programa FEVIDA en la Residencia Universitaria Flora Trist\u00e1n\" width=\"750\" height=\"410\" srcset=\"https:\/\/www.upo.es\/diario\/wp-content\/uploads\/2024\/01\/6436-750x410.jpg 750w, https:\/\/www.upo.es\/diario\/wp-content\/uploads\/2024\/01\/6436-420x229.jpg 420w, https:\/\/www.upo.es\/diario\/wp-content\/uploads\/2024\/01\/6436-768x420.jpg 768w, https:\/\/www.upo.es\/diario\/wp-content\/uploads\/2024\/01\/6436-1536x839.jpg 1536w, https:\/\/www.upo.es\/diario\/wp-content\/uploads\/2024\/01\/6436-2048x1119.jpg 2048w, https:\/\/www.upo.es\/diario\/wp-content\/uploads\/2024\/01\/6436-1320x721.jpg 1320w\" sizes=\"auto, (max-width: 750px) 100vw, 750px\" \/><\/a><figcaption id=\"caption-attachment-30880929\" class=\"wp-caption-text\">Alumnos y alumnas del programa FEVIDA estar\u00e1n una semana en la Residencia Universitaria Flora Trist\u00e1n<\/figcaption><\/figure>\n<p>La Residencia Universitaria Flora Trist\u00e1n acoge un a\u00f1o m\u00e1s a los alumnos y alumnas del programa FEVIDA, <strong>durante una semana diecisiete j\u00f3venes con diversidad funcional cognitiva convivir\u00e1n con estudiantes de esta residencia, proyecto social de la Universidad Pablo de Olavide en el Pol\u00edgono Sur<\/strong>. El alumnado forma parte del <strong>t\u00edtulo propio \u2018Formaci\u00f3n para el empleo y la vida aut\u00f3noma de personas con discapacidad intelectual (FEVIDA)<\/strong>\u2019, que celebra su s\u00e9ptima edici\u00f3n orientado a formar y preparar laboralmente a sus estudiantes para una vida aut\u00f3noma.<\/p>\n<p>Este t\u00edtulo, gestionado por la Fundaci\u00f3n Universidad Pablo de Olavide, arranc\u00f3 su primera edici\u00f3n en el a\u00f1o 2017 y desde entonces se han formado en \u00e9l m\u00e1s de cien estudiantes. Es un <strong>programa financiado por la Fundaci\u00f3n ONCE y la Uni\u00f3n Europea a trav\u00e9s del Fondo Social Europeo, y cuenta, adem\u00e1s, con la colaboraci\u00f3n de entidades como Down Sevilla y Asociaci\u00f3n Paz y Bien<\/strong>.<\/p>\n<p><a href=\"https:\/\/www.upo.es\/diario\/wp-content\/uploads\/2024\/01\/6411-scaled.jpg\"><img loading=\"lazy\" decoding=\"async\" class=\"alignright size-medium wp-image-30880930\" src=\"https:\/\/www.upo.es\/diario\/wp-content\/uploads\/2024\/01\/6411-420x230.jpg\" alt=\"\" width=\"420\" height=\"230\" srcset=\"https:\/\/www.upo.es\/diario\/wp-content\/uploads\/2024\/01\/6411-420x230.jpg 420w, https:\/\/www.upo.es\/diario\/wp-content\/uploads\/2024\/01\/6411-750x411.jpg 750w, https:\/\/www.upo.es\/diario\/wp-content\/uploads\/2024\/01\/6411-768x420.jpg 768w, https:\/\/www.upo.es\/diario\/wp-content\/uploads\/2024\/01\/6411-1536x841.jpg 1536w, https:\/\/www.upo.es\/diario\/wp-content\/uploads\/2024\/01\/6411-2048x1121.jpg 2048w, https:\/\/www.upo.es\/diario\/wp-content\/uploads\/2024\/01\/6411-1320x723.jpg 1320w\" sizes=\"auto, (max-width: 420px) 100vw, 420px\" \/><\/a>Al<strong> acto de bienvenida<\/strong> a esta actividad, celebrado en el Sal\u00f3n de Usos M\u00faltiples de la Residencia han acudido el vicerrector de Cultura y Pol\u00edticas Sociales, <strong>David Cobos<\/strong>; el delegado del \u00c1rea de Barrios de Atenci\u00f3n Preferentes y Derechos Sociales y teniente alcalde del Ayuntamiento de Sevilla, <strong>Jos\u00e9 Luis Garc\u00eda<\/strong>; la directora general de Innovaci\u00f3n Social de la UPO, <strong>Esther Prieto;<\/strong> la directora de este t\u00edtulo propio, <strong>Rosa Mar\u00eda D\u00edaz<\/strong>; el director de la Asociaci\u00f3n Paz y Bien, <strong>Jos\u00e9 Luis Gordillo<\/strong>; el representante de Down Sevilla, <strong>Rafael Peral<\/strong>, as\u00ed como profesorado del t\u00edtulo y el alumnado de este curso.<\/p>\n<p>Durante el acto, David Cobos ha dado la bienvenida a la Flora Trist\u00e1n a los estudiantes y ha destacado que esta actividad se enmarca en el compromiso del Vicerrectorado de Cultura y Pol\u00edticas Sociales en la atenci\u00f3n a la diversidad funcional, porque todos somos \u201ciguales ante la diversidad\u201d. Adem\u00e1s, tambi\u00e9n ha se\u00f1alado que <strong>\u201cla universidad es la docencia, la investigaci\u00f3n, pero la universidad tambi\u00e9n es el compromiso social con la sociedad en general, y con lo m\u00e1s cercano en particular<\/strong>. Tiene que ser compromiso con el barrio, con la ciudad y con donde estamos\u201d.<\/p>\n<p>Por su parte, desde el Ayuntamiento de Sevilla, el delegado Jos\u00e9 Luis Garc\u00eda ha dado la enhorabuena a los participantes en la actividad y a los organizadores porque \u201cla experiencia de vivir de forma aut\u00f3noma es fundamental para dar capacidad y empoderar de cara a salir adelante cada uno por s\u00ed mismo. Acceder al mundo de manera independiente es una oportunidad que hay que aprovechar\u201d.<\/p>\n<p>Por \u00faltimo, la direcci\u00f3n del t\u00edtulo y las entidades colaboradoras se\u00f1alaron que es importante aprovechar la responsabilidad de vivir esta experiencia porque es de las pocas asignaturas que solamente se estudian en este t\u00edtulo.<\/p>\n<p>Entre las actividades destacadas de esta semana de inmersi\u00f3n, el pr\u00f3ximo jueves los alumnos y alumnas ser\u00e1n recibidos por el Comisionado para el Pol\u00edgono Sur, Jaime Bret\u00f3n; y el viernes, tendr\u00e1n un encuentro virtual con estudiantes del mismo programa de otras universidades. Adem\u00e1s, y dentro de la convivencia con otros estudiantes de la residencia participar\u00e1n en una comida colaborativa elabora por ellos mismos; as\u00ed como en otras actividades deportivas, l\u00fadicas y sociales en el barrio.<\/p>\n<p>Con esta semana de inmersi\u00f3n comunitaria se pretende fomentar la autonom\u00eda en la vida de las personas con discapacidad cognitiva, donde adem\u00e1s podr\u00e1n experimentar la convivencia junto con otros residentes universitarios. De este modo, el alumnado se integrar\u00e1 en la vida cotidiana de la propia residencia y formar\u00e1 parte de las distintas acciones enmarcadas dentro de proyectos sociales en el Pol\u00edgono Sur, que ponen de manifiesto las pol\u00edticas activas en materia social que desarrolla la universidad en su entorno.<\/p>\n<p>Este t\u00edtulo propio, orientado a la preparaci\u00f3n laboral del estudiantado, se estructura en materias de habilidades, human\u00edsticas y profesionales que, complementadas con actividades extracurriculares en el campus y actividades compartidas con alumnos de grado y postgrado de la universidad, enriquecen estos estudios para conseguir el objetivo planteado y la integraci\u00f3n en la vida social de las personas con diversidad funcional.<\/p>\n<p>Fuente: Fundaci\u00f3n Universidad Pablo de Olavide<\/p>\n","protected":false},"excerpt":{"rendered":"<p>La Residencia Universitaria Flora Trist\u00e1n acoge un a\u00f1o m\u00e1s a los alumnos y alumnas del programa FEVIDA, durante una semana diecisiete j\u00f3venes con diversidad funcional cognitiva convivir\u00e1n con estudiantes de esta residencia, proyecto social de la Universidad Pablo de Olavide en el Pol\u00edgono Sur. El alumnado forma parte del t\u00edtulo propio \u2018Formaci\u00f3n para el empleo y la vida aut\u00f3noma de personas con discapacidad intelectual (FEVIDA)\u2019, que celebra su s\u00e9ptima edici\u00f3n orientado a formar y preparar laboralmente a sus estudiantes para una vida aut\u00f3noma. <\/p>\n","protected":false},"author":6,"featured_media":30880929,"comment_status":"closed","ping_status":"open","sticky":false,"template":"","format":"standard","meta":{"_monsterinsights_skip_tracking":false,"_monsterinsights_sitenote_active":false,"_monsterinsights_sitenote_note":"","_monsterinsights_sitenote_category":0,"footnotes":""},"categories":[5843],"tags":[5150,5056,2878,2474,2540,1745,1320,7194],"class_list":["post-30880927","post","type-post","status-publish","format-standard","has-post-thumbnail","hentry","category-cultura-social","tag-david-cobos-sanchiz","tag-fevida","tag-fundacion-once","tag-fundacion-universidad-pablo-de-olavide","tag-inclusion-social","tag-residencia-universitaria-flora-tristan","tag-titulos-propios","tag-vicerrectorado-de-cultura-y-politicas-sociales"],"_links":{"self":[{"href":"https:\/\/www.upo.es\/diario\/wp-json\/wp\/v2\/posts\/30880927","targetHints":{"allow":["GET"]}}],"collection":[{"href":"https:\/\/www.upo.es\/diario\/wp-json\/wp\/v2\/posts"}],"about":[{"href":"https:\/\/www.upo.es\/diario\/wp-json\/wp\/v2\/types\/post"}],"author":[{"embeddable":true,"href":"https:\/\/www.upo.es\/diario\/wp-json\/wp\/v2\/users\/6"}],"replies":[{"embeddable":true,"href":"https:\/\/www.upo.es\/diario\/wp-json\/wp\/v2\/comments?post=30880927"}],"version-history":[{"count":2,"href":"https:\/\/www.upo.es\/diario\/wp-json\/wp\/v2\/posts\/30880927\/revisions"}],"predecessor-version":[{"id":30880931,"href":"https:\/\/www.upo.es\/diario\/wp-json\/wp\/v2\/posts\/30880927\/revisions\/30880931"}],"wp:featuredmedia":[{"embeddable":true,"href":"https:\/\/www.upo.es\/diario\/wp-json\/wp\/v2\/media\/30880929"}],"wp:attachment":[{"href":"https:\/\/www.upo.es\/diario\/wp-json\/wp\/v2\/media?parent=30880927"}],"wp:term":[{"taxonomy":"category","embeddable":true,"href":"https:\/\/www.upo.es\/diario\/wp-json\/wp\/v2\/categories?post=30880927"},{"taxonomy":"post_tag","embeddable":true,"href":"https:\/\/www.upo.es\/diario\/wp-json\/wp\/v2\/tags?post=30880927"}],"curies":[{"name":"wp","href":"https:\/\/api.w.org\/{rel}","templated":true}]}}