{"id":30880963,"date":"2024-02-01T09:29:28","date_gmt":"2024-02-01T08:29:28","guid":{"rendered":"https:\/\/www.upo.es\/diario\/?p=30880963"},"modified":"2024-02-07T09:41:38","modified_gmt":"2024-02-07T08:41:38","slug":"colegio-quimicos-sur-formacion-permanente-ambito-alimentario","status":"publish","type":"post","link":"https:\/\/www.upo.es\/diario\/institucional\/2024\/02\/colegio-quimicos-sur-formacion-permanente-ambito-alimentario\/","title":{"rendered":"La Universidad Pablo de Olavide y el Colegio de Qu\u00edmicos del Sur apuestan por la Formaci\u00f3n Permanente en el \u00e1mbito alimentario"},"content":{"rendered":"<p><img loading=\"lazy\" decoding=\"async\" class=\"aligncenter size-large wp-image-30880964\" src=\"https:\/\/www.upo.es\/diario\/wp-content\/uploads\/2024\/02\/Quiimicos-del-Sur-750x500.jpeg\" alt=\"Laboratorio qu\u00edmico con muestras de alimentos\" width=\"750\" height=\"500\" srcset=\"https:\/\/www.upo.es\/diario\/wp-content\/uploads\/2024\/02\/Quiimicos-del-Sur-750x500.jpeg 750w, https:\/\/www.upo.es\/diario\/wp-content\/uploads\/2024\/02\/Quiimicos-del-Sur-420x280.jpeg 420w, https:\/\/www.upo.es\/diario\/wp-content\/uploads\/2024\/02\/Quiimicos-del-Sur-768x512.jpeg 768w, https:\/\/www.upo.es\/diario\/wp-content\/uploads\/2024\/02\/Quiimicos-del-Sur-1536x1024.jpeg 1536w, https:\/\/www.upo.es\/diario\/wp-content\/uploads\/2024\/02\/Quiimicos-del-Sur-165x109.jpeg 165w, https:\/\/www.upo.es\/diario\/wp-content\/uploads\/2024\/02\/Quiimicos-del-Sur-1320x880.jpeg 1320w, https:\/\/www.upo.es\/diario\/wp-content\/uploads\/2024\/02\/Quiimicos-del-Sur.jpeg 1920w\" sizes=\"auto, (max-width: 750px) 100vw, 750px\" \/>La Universidad Pablo de Olavide y el Colegio de Qu\u00edmicos del Sur ofertan, por primera vez de manera conjunta, tres <a href=\"https:\/\/www.upo.es\/formacionpermanente\/microcredenciales\/\">Cursos de Desarrollo Profesional Avanzado<\/a> bajo la modalidad de microcredenciales fundamentados en el \u00e1mbito de la alimentaci\u00f3n. Las formaciones est\u00e1n <strong>dirigidas a estudiantes de \u00faltimos cursos de grado, personas egresadas, estudiantes de postgrado y profesionales del sector<\/strong>.<\/p>\n<p>Estas microcredenciales, que se desarrollar\u00e1n en formato <em>online<\/em>,<strong> comenzar\u00e1n con el t\u00edtulo \u2018An\u00e1lisis de los alimentos\u2019 que se impartir\u00e1 del 18 de marzo al 28 de abril<\/strong>. Esta formaci\u00f3n tiene como objetivo proporcionar al alumnado los conocimientos necesarios para iniciar su actividad profesional asociada a puestos de t\u00e9cnicos de calidad en laboratorios del sector alimentario.<\/p>\n<p>Posteriormente, en abril dar\u00e1 comienzo la segunda microcredencial que se oferta conjuntamente bajo el t\u00edtulo <strong>\u2018Tecnolog\u00eda alimentaria\u2019<\/strong> y que se impartir\u00e1 desde el 29 de abril al 9 de junio. El estudiantado que supere este curso adquirir\u00e1 los conocimientos para iniciar una actividad profesional asociada a puestos de calidad en el sector alimentario.<\/p>\n<p>El plazo de inscripciones a estas formaciones estar\u00e1 abierto hasta 11 de marzo para el primero de los t\u00edtulos y hasta el 22 de abril para el segundo. Ambas instituciones preparan tambi\u00e9n un tercer t\u00edtulo durante este a\u00f1o que abordar\u00e1 los <strong>sistemas de calidad en los laboratorios (ISO 17025)<\/strong> y cuya fecha se anunciar\u00e1 pr\u00f3ximamente.<\/p>\n<p>Estos cursos, gestionados por la Fundaci\u00f3n Universidad Pablo de Olavide, se enmarcan en el convenio de colaboraci\u00f3n entre ambas entidades para la impartici\u00f3n conjunta de microcredenciales. <strong>Las microcredenciales son una nueva modalidad de formaci\u00f3n especializada que permite la adquisici\u00f3n espec\u00edfica de capacidades y competencias adaptadas a las necesidades del mercado laboral actual<\/strong>.<\/p>\n<p>Para la Universidad Pablo de Olavide estas formaciones son una apuesta en materia de Formaci\u00f3n Permanente, un formato que se est\u00e1 impulsando desde la Uni\u00f3n Europea y el propio Ministerio de Universidades para lograr que la formaci\u00f3n a lo largo de la vida, necesaria en un entorno de constante cambio y reciclaje continuo, alcance al 60% de la poblaci\u00f3n para que esta pueda lograr mejores oportunidades laborales. La Universidad Pablo de Olavide es pionera, a nivel andaluz y nacional, con este proyecto de formaci\u00f3n a trav\u00e9s de microcredenciales.<\/p>\n<p>Por su parte, el Colegio de Qu\u00edmicos del Sur destaca la importancia de desarrollar programas conjuntos que a\u00fanen los conocimientos del sector y una formaci\u00f3n de calidad que permita ofrecer a sus colegiados, en particular, y a la sociedad, en general, una profesionalizaci\u00f3n certificada y avalada acad\u00e9micamente por la Universidad.<\/p>\n<p>Fuente: Fundaci\u00f3n Universidad Pablo de Olavide<\/p>\n","protected":false},"excerpt":{"rendered":"<p>Ofertan conjuntamente Cursos de Desarrollo Profesional Avanzado, bajo la modalidad de microcredenciales, en el marco del convenio de colaboraci\u00f3n firmado por ambas entidades.<\/p>\n","protected":false},"author":6,"featured_media":30880964,"comment_status":"closed","ping_status":"open","sticky":false,"template":"","format":"standard","meta":{"_monsterinsights_skip_tracking":false,"_monsterinsights_sitenote_active":false,"_monsterinsights_sitenote_note":"","_monsterinsights_sitenote_category":0,"footnotes":""},"categories":[6],"tags":[674,8102,328,2474,404],"class_list":["post-30880963","post","type-post","status-publish","format-standard","has-post-thumbnail","hentry","category-institucional","tag-alimentacion","tag-cursos-de-desarrollo-profesional-avanzado","tag-formacion-permanente","tag-fundacion-universidad-pablo-de-olavide","tag-quimica"],"_links":{"self":[{"href":"https:\/\/www.upo.es\/diario\/wp-json\/wp\/v2\/posts\/30880963","targetHints":{"allow":["GET"]}}],"collection":[{"href":"https:\/\/www.upo.es\/diario\/wp-json\/wp\/v2\/posts"}],"about":[{"href":"https:\/\/www.upo.es\/diario\/wp-json\/wp\/v2\/types\/post"}],"author":[{"embeddable":true,"href":"https:\/\/www.upo.es\/diario\/wp-json\/wp\/v2\/users\/6"}],"replies":[{"embeddable":true,"href":"https:\/\/www.upo.es\/diario\/wp-json\/wp\/v2\/comments?post=30880963"}],"version-history":[{"count":1,"href":"https:\/\/www.upo.es\/diario\/wp-json\/wp\/v2\/posts\/30880963\/revisions"}],"predecessor-version":[{"id":30880965,"href":"https:\/\/www.upo.es\/diario\/wp-json\/wp\/v2\/posts\/30880963\/revisions\/30880965"}],"wp:featuredmedia":[{"embeddable":true,"href":"https:\/\/www.upo.es\/diario\/wp-json\/wp\/v2\/media\/30880964"}],"wp:attachment":[{"href":"https:\/\/www.upo.es\/diario\/wp-json\/wp\/v2\/media?parent=30880963"}],"wp:term":[{"taxonomy":"category","embeddable":true,"href":"https:\/\/www.upo.es\/diario\/wp-json\/wp\/v2\/categories?post=30880963"},{"taxonomy":"post_tag","embeddable":true,"href":"https:\/\/www.upo.es\/diario\/wp-json\/wp\/v2\/tags?post=30880963"}],"curies":[{"name":"wp","href":"https:\/\/api.w.org\/{rel}","templated":true}]}}