{"id":30880969,"date":"2024-02-01T20:53:07","date_gmt":"2024-02-01T19:53:07","guid":{"rendered":"https:\/\/www.upo.es\/diario\/?p=30880969"},"modified":"2024-02-15T12:43:08","modified_gmt":"2024-02-15T11:43:08","slug":"comunicado-sobre-la-nueva-ley-universitaria-para-andalucia-lupa","status":"publish","type":"post","link":"https:\/\/www.upo.es\/diario\/institucional\/2024\/02\/comunicado-sobre-la-nueva-ley-universitaria-para-andalucia-lupa\/","title":{"rendered":"Comunicado sobre la nueva Ley Universitaria para Andaluc\u00eda (LUPA)"},"content":{"rendered":"<p><a href=\"https:\/\/www.upo.es\/diario\/wp-content\/uploads\/2024\/02\/cabecera_AUPA.jpg\"><img loading=\"lazy\" decoding=\"async\" class=\"size-full wp-image-30880970 aligncenter\" src=\"https:\/\/www.upo.es\/diario\/wp-content\/uploads\/2024\/02\/cabecera_AUPA.jpg\" alt=\"\" width=\"2288\" height=\"276\" srcset=\"https:\/\/www.upo.es\/diario\/wp-content\/uploads\/2024\/02\/cabecera_AUPA.jpg 2288w, https:\/\/www.upo.es\/diario\/wp-content\/uploads\/2024\/02\/cabecera_AUPA-420x51.jpg 420w, https:\/\/www.upo.es\/diario\/wp-content\/uploads\/2024\/02\/cabecera_AUPA-750x90.jpg 750w, https:\/\/www.upo.es\/diario\/wp-content\/uploads\/2024\/02\/cabecera_AUPA-768x93.jpg 768w, https:\/\/www.upo.es\/diario\/wp-content\/uploads\/2024\/02\/cabecera_AUPA-1536x185.jpg 1536w, https:\/\/www.upo.es\/diario\/wp-content\/uploads\/2024\/02\/cabecera_AUPA-2048x247.jpg 2048w, https:\/\/www.upo.es\/diario\/wp-content\/uploads\/2024\/02\/cabecera_AUPA-1320x159.jpg 1320w\" sizes=\"auto, (max-width: 2288px) 100vw, 2288px\" \/><\/a><\/p>\n<p>La rectora y rectores de las universidades p\u00fablicas andaluzas hemos participado durante los d\u00edas 31 de enero y 1 de febrero en una reuni\u00f3n organizada por la Consejer\u00eda de Universidad, Investigaci\u00f3n e Innovaci\u00f3n en la que se nos ha presentado un documento de trabajo sobre el borrador de la nueva Ley Universitaria para Andaluc\u00eda (LUPA). El encuentro se ha celebrado en la sede del centro universitario Fisidec, ubicado en Cabra y adscrito a la Universidad de C\u00f3rdoba.<\/p>\n<p>Durante la reuni\u00f3n hemos debatido el contenido del documento propuesto por el Consejero de Universidad, Investigaci\u00f3n e Innovaci\u00f3n, Jos\u00e9 Carlos G\u00f3mez Villamandos, a quien hemos realizado nuestras aportaciones de mejora y expresado nuestra defensa en la nueva norma del m\u00e1ximo nivel de autonom\u00eda universitaria, al tiempo que hemos valorado muy positivamente su voluntad expresa de que el proceso que se inicia hasta la aprobaci\u00f3n de la nueva Ley Universitaria para Andaluc\u00eda se gu\u00ede por el consenso y el di\u00e1logo constructivo. Solo as\u00ed, el resultado ser\u00e1 una norma que perdure en el tiempo y que dote a las universidades de herramientas apropiadas para servir al desarrollo integral de Andaluc\u00eda.<\/p>\n<p>La rectora y rectores agradecen la c\u00e1lida acogida recibida tanto por el centro Fisidec, como por el Ayuntamiento de Cabra y la direcci\u00f3n del Instituto de Educaci\u00f3n Secundaria (IES) Aguilar y Eslava que nos invit\u00f3 a conocer su hist\u00f3rico edificio donde aloja el Museo con el mismo nombre, que atesora un patrimonio documental, hist\u00f3rico-art\u00edstico y unas colecciones cient\u00edficas del que pueden presumir escasos centros de ense\u00f1anza en Espa\u00f1a.<\/p>\n<hr \/>\n<p><strong>Miguel \u00c1ngel Castro Arroyo<\/strong>, Rector Universidad de Sevilla<br \/>\n<strong>Pedro Mercado Pacheco<\/strong>, Rector Universidad de Granada<br \/>\n<strong>Manuel Torralbo Rodr\u00edguez<\/strong>, Rector Universidad de C\u00f3rdoba<br \/>\n<strong>Juan Teodomiro L\u00f3pez Navarrete<\/strong>, Rector Universidad de M\u00e1laga<br \/>\n<strong>Casimiro Mantell Serrano<\/strong>, Rector Universidad de C\u00e1diz<br \/>\n<strong>Jos\u00e9 J. C\u00e9spedes Lorente<\/strong>, Rector Universidad de Almer\u00eda<br \/>\n<strong>M\u00aa Antonia Pe\u00f1a Guerrero<\/strong>, Rectora Universidad de Huelva<br \/>\n<strong>Nicol\u00e1s Ruiz Reyes<\/strong>, Rector Universidad de Ja\u00e9n<br \/>\n<strong>Jos\u00e9 Ignacio Garc\u00eda P\u00e9rez<\/strong>, Rector Universidad Internacional de Andaluc\u00eda<br \/>\n<strong>Francisco Oliva Bl\u00e1zquez<\/strong>, Rector Universidad Pablo de Olavide<\/p>\n","protected":false},"excerpt":{"rendered":"<p>La rectora y rectores de las universidades p\u00fablicas andaluzas han participado durante los d\u00edas 31 de enero y 1 de febrero en una reuni\u00f3n organizada por la Consejer\u00eda de Universidad, Investigaci\u00f3n e Innovaci\u00f3n en la que se les ha presentado un documento de trabajo sobre el borrador de la nueva Ley Universitaria para Andaluc\u00eda (LUPA).<\/p>\n","protected":false},"author":4,"featured_media":30880971,"comment_status":"closed","ping_status":"open","sticky":false,"template":"","format":"standard","meta":{"_monsterinsights_skip_tracking":false,"_monsterinsights_sitenote_active":false,"_monsterinsights_sitenote_note":"","_monsterinsights_sitenote_category":0,"footnotes":""},"categories":[6],"tags":[2842,37,8709,203,8722,8721,5488],"class_list":["post-30880969","post","type-post","status-publish","format-standard","has-post-thumbnail","hentry","category-institucional","tag-aupa","tag-comunicado","tag-consejeria-de-universidades","tag-junta-de-andalucia","tag-ley-universitaria-para-andalucia","tag-lupa","tag-universidades-publicas-andaluzas"],"_links":{"self":[{"href":"https:\/\/www.upo.es\/diario\/wp-json\/wp\/v2\/posts\/30880969","targetHints":{"allow":["GET"]}}],"collection":[{"href":"https:\/\/www.upo.es\/diario\/wp-json\/wp\/v2\/posts"}],"about":[{"href":"https:\/\/www.upo.es\/diario\/wp-json\/wp\/v2\/types\/post"}],"author":[{"embeddable":true,"href":"https:\/\/www.upo.es\/diario\/wp-json\/wp\/v2\/users\/4"}],"replies":[{"embeddable":true,"href":"https:\/\/www.upo.es\/diario\/wp-json\/wp\/v2\/comments?post=30880969"}],"version-history":[{"count":1,"href":"https:\/\/www.upo.es\/diario\/wp-json\/wp\/v2\/posts\/30880969\/revisions"}],"predecessor-version":[{"id":30880972,"href":"https:\/\/www.upo.es\/diario\/wp-json\/wp\/v2\/posts\/30880969\/revisions\/30880972"}],"wp:featuredmedia":[{"embeddable":true,"href":"https:\/\/www.upo.es\/diario\/wp-json\/wp\/v2\/media\/30880971"}],"wp:attachment":[{"href":"https:\/\/www.upo.es\/diario\/wp-json\/wp\/v2\/media?parent=30880969"}],"wp:term":[{"taxonomy":"category","embeddable":true,"href":"https:\/\/www.upo.es\/diario\/wp-json\/wp\/v2\/categories?post=30880969"},{"taxonomy":"post_tag","embeddable":true,"href":"https:\/\/www.upo.es\/diario\/wp-json\/wp\/v2\/tags?post=30880969"}],"curies":[{"name":"wp","href":"https:\/\/api.w.org\/{rel}","templated":true}]}}