{"id":30880978,"date":"2024-02-05T14:01:45","date_gmt":"2024-02-05T13:01:45","guid":{"rendered":"https:\/\/www.upo.es\/diario\/?p=30880978"},"modified":"2024-02-13T09:35:42","modified_gmt":"2024-02-13T08:35:42","slug":"elma-saiz-encuentro-estudiantes-estado-bienestar","status":"publish","type":"post","link":"https:\/\/www.upo.es\/diario\/institucional\/2024\/02\/elma-saiz-encuentro-estudiantes-estado-bienestar\/","title":{"rendered":"Elma Saiz destaca en un encuentro con estudiantes de la UPO la importancia de la solidaridad intergeneracional"},"content":{"rendered":"<figure id=\"attachment_30880979\" aria-describedby=\"caption-attachment-30880979\" style=\"width: 750px\" class=\"wp-caption aligncenter\"><a href=\"https:\/\/www.upo.es\/diario\/wp-content\/uploads\/2024\/02\/Jovenes-Estado-Bienestar_20240205-5-scaled.jpg\"><img loading=\"lazy\" decoding=\"async\" class=\"size-large wp-image-30880979\" src=\"https:\/\/www.upo.es\/diario\/wp-content\/uploads\/2024\/02\/Jovenes-Estado-Bienestar_20240205-5-750x500.jpg\" alt=\"Francisco Oliva y Elma Saiz durante el encuentro 'J\u00f3venes, protagonistas del Estado del Bienestar\u2019\" width=\"750\" height=\"500\" srcset=\"https:\/\/www.upo.es\/diario\/wp-content\/uploads\/2024\/02\/Jovenes-Estado-Bienestar_20240205-5-750x500.jpg 750w, https:\/\/www.upo.es\/diario\/wp-content\/uploads\/2024\/02\/Jovenes-Estado-Bienestar_20240205-5-420x280.jpg 420w, https:\/\/www.upo.es\/diario\/wp-content\/uploads\/2024\/02\/Jovenes-Estado-Bienestar_20240205-5-768x512.jpg 768w, https:\/\/www.upo.es\/diario\/wp-content\/uploads\/2024\/02\/Jovenes-Estado-Bienestar_20240205-5-1536x1024.jpg 1536w, https:\/\/www.upo.es\/diario\/wp-content\/uploads\/2024\/02\/Jovenes-Estado-Bienestar_20240205-5-2048x1365.jpg 2048w, https:\/\/www.upo.es\/diario\/wp-content\/uploads\/2024\/02\/Jovenes-Estado-Bienestar_20240205-5-165x109.jpg 165w, https:\/\/www.upo.es\/diario\/wp-content\/uploads\/2024\/02\/Jovenes-Estado-Bienestar_20240205-5-1320x880.jpg 1320w\" sizes=\"auto, (max-width: 750px) 100vw, 750px\" \/><\/a><figcaption id=\"caption-attachment-30880979\" class=\"wp-caption-text\">Francisco Oliva y Elma Saiz durante el encuentro &#8216;J\u00f3venes, protagonistas del Estado del Bienestar\u2019<\/figcaption><\/figure>\n<p>Estudiantes de la Universidad Pablo de Olavide han mantenido hoy un encuentro con la ministra de Inclusi\u00f3n, Seguridad Social y Migraciones, <strong>Elma Saiz Delgado<\/strong>, quien posteriormente <strong>ha visitado la Residencia Universitaria Flora Trist\u00e1n para conocer este proyecto de transformaci\u00f3n social de la Universidad en el Pol\u00edgono Sur<\/strong>, as\u00ed como las pol\u00edticas de innovaci\u00f3n e inclusi\u00f3n social que se llevan a cabo desde el Vicerrectorado de Cultura y Pol\u00edticas Sociales de la UPO.<\/p>\n<figure id=\"attachment_30880982\" aria-describedby=\"caption-attachment-30880982\" style=\"width: 420px\" class=\"wp-caption alignright\"><a href=\"https:\/\/www.upo.es\/diario\/wp-content\/uploads\/2024\/02\/Flora-Tristan-Ministra-2-scaled.jpg\"><img loading=\"lazy\" decoding=\"async\" class=\"size-medium wp-image-30880982\" src=\"https:\/\/www.upo.es\/diario\/wp-content\/uploads\/2024\/02\/Flora-Tristan-Ministra-2-420x280.jpg\" alt=\"Francisco Toscano, Elma Saiz, David Cobos y Francisco Oliva en la Residencia Universitaria Flora Trist\u00e1n\" width=\"420\" height=\"280\" srcset=\"https:\/\/www.upo.es\/diario\/wp-content\/uploads\/2024\/02\/Flora-Tristan-Ministra-2-420x280.jpg 420w, https:\/\/www.upo.es\/diario\/wp-content\/uploads\/2024\/02\/Flora-Tristan-Ministra-2-750x500.jpg 750w, https:\/\/www.upo.es\/diario\/wp-content\/uploads\/2024\/02\/Flora-Tristan-Ministra-2-768x512.jpg 768w, https:\/\/www.upo.es\/diario\/wp-content\/uploads\/2024\/02\/Flora-Tristan-Ministra-2-1536x1024.jpg 1536w, https:\/\/www.upo.es\/diario\/wp-content\/uploads\/2024\/02\/Flora-Tristan-Ministra-2-2048x1365.jpg 2048w, https:\/\/www.upo.es\/diario\/wp-content\/uploads\/2024\/02\/Flora-Tristan-Ministra-2-165x109.jpg 165w, https:\/\/www.upo.es\/diario\/wp-content\/uploads\/2024\/02\/Flora-Tristan-Ministra-2-1320x880.jpg 1320w\" sizes=\"auto, (max-width: 420px) 100vw, 420px\" \/><\/a><figcaption id=\"caption-attachment-30880982\" class=\"wp-caption-text\">Francisco Toscano, Elma Saiz, David Cobos y Francisco Oliva en la Residencia Universitaria Flora Trist\u00e1n<\/figcaption><\/figure>\n<p>La ministra ha sido presentada por el rector de la Universidad Pablo de Olavide, Francisco Oliva Bl\u00e1zquez, quien ha agradecido su visita al campus y ha afirmado que la inclusi\u00f3n debe ser una base de la Universidad. \u201cUna universidad no inclusiva no es universidad. Por ello tenemos que llevar a cabo pol\u00edticas activas de inclusi\u00f3n y luchar por este objetivo\u201d.<\/p>\n<p>En su intervenci\u00f3n, y <strong>bajo el t\u00edtulo \u2018J\u00f3venes, protagonistas del Estado del Bienestar\u2019, Elma Saiz ha resaltado la importancia de la Seguridad Social en la vida de la ciudadan\u00eda<\/strong> \u201cdesde que nacemos\u201d y ha descrito la cartera que dirige como \u201cel Ministerio de las Personas, la columna vertebral de nuestro estado del bienestar\u201d. Tras enumerar los fundamentos del sistema de protecci\u00f3n social, como la sanidad y las pensiones p\u00fablicas, la ministra ha destacado ante estudiantes de Ciencias Pol\u00edticas y Ciencias Sociales de la Universidad, as\u00ed como del t\u00edtulo propio \u2018Formaci\u00f3n para el empleo y la vida aut\u00f3noma de personas con discapacidad intelectual\u2019 (FEVIDA), la solidaridad entre generaciones como alma y fundamento del sistema. Un sistema del que ha dado algunos datos, como que actualmente en Espa\u00f1a hay diez millones de pensiones que cobran nueve millones de pensionistas, lo que supone el 11,50% del PIB nacional, por debajo de otros pa\u00edses como Francia o Austria.<\/p>\n<p>Por otra parte, se ha referido a algunas de las \u00faltimas medidas puestas en marcha por el Ministerio, como la cotizaci\u00f3n de las pr\u00e1cticas externas por estudiantes universitarios, una iniciativa cuya importancia reside \u201cen que la carrera de la cotizaci\u00f3n comience desde el inicio profesional, con las pr\u00e1cticas formativas\u201d.<\/p>\n<p><a title=\"Visita de la ministra de Inclusi\u00f3n, Seguridad Social y Migraciones\" href=\"https:\/\/www.flickr.com\/photos\/pablodeolavide\/albums\/72177720314580645\" data-flickr-embed=\"true\"><img loading=\"lazy\" decoding=\"async\" src=\"https:\/\/live.staticflickr.com\/65535\/53510439641_0b5c23ed9e_z.jpg\" alt=\"Visita de la ministra de Inclusi\u00f3n, Seguridad Social y Migraciones\" width=\"640\" height=\"480\" \/><\/a><script async src=\"\/\/embedr.flickr.com\/assets\/client-code.js\" charset=\"utf-8\"><\/script><\/p>\n","protected":false},"excerpt":{"rendered":"<p>Estudiantes de la Universidad Pablo de Olavide han mantenido hoy un encuentro con la ministra de Inclusi\u00f3n, Seguridad Social y Migraciones, Elma Saiz Delgado, quien posteriormente ha visitado la Residencia Universitaria Flora Trist\u00e1n para conocer este proyecto de transformaci\u00f3n social de la Universidad en el Pol\u00edgono Sur, as\u00ed como las pol\u00edticas de innovaci\u00f3n e inclusi\u00f3n social que se llevan a cabo desde el Vicerrectorado de Cultura y Pol\u00edticas Sociales de la UPO.<\/p>\n","protected":false},"author":6,"featured_media":30880979,"comment_status":"closed","ping_status":"open","sticky":false,"template":"","format":"standard","meta":{"_monsterinsights_skip_tracking":false,"_monsterinsights_sitenote_active":false,"_monsterinsights_sitenote_note":"","_monsterinsights_sitenote_category":0,"footnotes":""},"categories":[6],"tags":[227,21,5056,4021,4609,2540,3322,1745,439],"class_list":["post-30880978","post","type-post","status-publish","format-standard","has-post-thumbnail","hentry","category-institucional","tag-conferencia","tag-estudiantes","tag-fevida","tag-francisco-oliva-blazquez","tag-gobierno-de-espana","tag-inclusion-social","tag-pensiones","tag-residencia-universitaria-flora-tristan","tag-seguridad-social"],"_links":{"self":[{"href":"https:\/\/www.upo.es\/diario\/wp-json\/wp\/v2\/posts\/30880978","targetHints":{"allow":["GET"]}}],"collection":[{"href":"https:\/\/www.upo.es\/diario\/wp-json\/wp\/v2\/posts"}],"about":[{"href":"https:\/\/www.upo.es\/diario\/wp-json\/wp\/v2\/types\/post"}],"author":[{"embeddable":true,"href":"https:\/\/www.upo.es\/diario\/wp-json\/wp\/v2\/users\/6"}],"replies":[{"embeddable":true,"href":"https:\/\/www.upo.es\/diario\/wp-json\/wp\/v2\/comments?post=30880978"}],"version-history":[{"count":4,"href":"https:\/\/www.upo.es\/diario\/wp-json\/wp\/v2\/posts\/30880978\/revisions"}],"predecessor-version":[{"id":30880985,"href":"https:\/\/www.upo.es\/diario\/wp-json\/wp\/v2\/posts\/30880978\/revisions\/30880985"}],"wp:featuredmedia":[{"embeddable":true,"href":"https:\/\/www.upo.es\/diario\/wp-json\/wp\/v2\/media\/30880979"}],"wp:attachment":[{"href":"https:\/\/www.upo.es\/diario\/wp-json\/wp\/v2\/media?parent=30880978"}],"wp:term":[{"taxonomy":"category","embeddable":true,"href":"https:\/\/www.upo.es\/diario\/wp-json\/wp\/v2\/categories?post=30880978"},{"taxonomy":"post_tag","embeddable":true,"href":"https:\/\/www.upo.es\/diario\/wp-json\/wp\/v2\/tags?post=30880978"}],"curies":[{"name":"wp","href":"https:\/\/api.w.org\/{rel}","templated":true}]}}