{"id":30880987,"date":"2024-02-05T08:15:39","date_gmt":"2024-02-05T07:15:39","guid":{"rendered":"https:\/\/www.upo.es\/diario\/?p=30880987"},"modified":"2024-02-05T16:25:40","modified_gmt":"2024-02-05T15:25:40","slug":"laudabilis-un-reconocimiento-a-la-excelencia-en-el-tfg-de-la-facultad-de-derecho","status":"publish","type":"post","link":"https:\/\/www.upo.es\/diario\/comunidad\/2024\/02\/laudabilis-un-reconocimiento-a-la-excelencia-en-el-tfg-de-la-facultad-de-derecho\/","title":{"rendered":"&#8216;Laudabilis&#8217;, un reconocimiento a la excelencia en el TFG de la Facultad de Derecho"},"content":{"rendered":"<p><strong><a href=\"https:\/\/www.upo.es\/diario\/wp-content\/uploads\/2024\/02\/Laudabilis-TFG-20240205.jpg\"><img loading=\"lazy\" decoding=\"async\" class=\"aligncenter size-large wp-image-30880991\" src=\"https:\/\/www.upo.es\/diario\/wp-content\/uploads\/2024\/02\/Laudabilis-TFG-20240205-750x434.jpg\" alt=\"\" width=\"750\" height=\"434\" srcset=\"https:\/\/www.upo.es\/diario\/wp-content\/uploads\/2024\/02\/Laudabilis-TFG-20240205-750x434.jpg 750w, https:\/\/www.upo.es\/diario\/wp-content\/uploads\/2024\/02\/Laudabilis-TFG-20240205-420x243.jpg 420w, https:\/\/www.upo.es\/diario\/wp-content\/uploads\/2024\/02\/Laudabilis-TFG-20240205-768x445.jpg 768w, https:\/\/www.upo.es\/diario\/wp-content\/uploads\/2024\/02\/Laudabilis-TFG-20240205-1536x890.jpg 1536w, https:\/\/www.upo.es\/diario\/wp-content\/uploads\/2024\/02\/Laudabilis-TFG-20240205-1320x764.jpg 1320w, https:\/\/www.upo.es\/diario\/wp-content\/uploads\/2024\/02\/Laudabilis-TFG-20240205.jpg 1599w\" sizes=\"auto, (max-width: 750px) 100vw, 750px\" \/><\/a>Luc\u00eda Prieto, In\u00e9s Clavero, Mar\u00eda Otero, Luis Rubio y Pedro Ram\u00edrez han obtenido esta ma\u00f1ana la distinci\u00f3n &#8216;Laudabilis&#8217; en su Trabajo Fin de Grado<\/strong>, un reconocimiento que otorga la Facultad de Derecho de la Universidad Pablo de Olavide al estudiantado cuyo dictamen, exposici\u00f3n y trabajo continuo durante el TFG destaca por su excelencia. Gracias a esta iniciativa \u2014 un proyecto de innovaci\u00f3n docente impulsado por la profesora Mar\u00eda Dolores Rego\u2014 este grupo de estudiantes del Doble Grado en Derecho y Administraci\u00f3n y Direcci\u00f3n de Empresas obtendr\u00e1 este sello en la asignatura que pone fin a sus estudios de grado.<\/p>\n<p>La Facultad de Derecho opt\u00f3 para el Trabajo Fin de Grado por un <a href=\"https:\/\/www.upo.es\/diario\/institucional\/2021\/02\/mas-de-2500-estudiantes-desarrollan-el-tfg-de-la-facultad-de-derecho-de-la-upo-modelo-pionero-con-ocho-anos-de-trayectoria\/\">modelo que ha sido incorporado posteriormente por otros campus<\/a>. As\u00ed, el TFG se configura como una <strong>asignatura amplia, multidisciplinar y esencialmente pr\u00e1ctica; en la que el estudiante, como en la vida real, afronta problemas jur\u00eddicos que se plantean como un todo interrelacionado<\/strong>, sin hacer apartados estancos por materias.<\/p>\n<figure id=\"attachment_30880992\" aria-describedby=\"caption-attachment-30880992\" style=\"width: 750px\" class=\"wp-caption aligncenter\"><a href=\"https:\/\/www.upo.es\/diario\/wp-content\/uploads\/2024\/02\/Laudabilis-TFG-20240205_2.jpg\"><img loading=\"lazy\" decoding=\"async\" class=\"wp-image-30880992 size-large\" src=\"https:\/\/www.upo.es\/diario\/wp-content\/uploads\/2024\/02\/Laudabilis-TFG-20240205_2-750x365.jpg\" alt=\"Exposici\u00f3n de los dict\u00e1menes para el TFG en el Paraninfo\" width=\"750\" height=\"365\" srcset=\"https:\/\/www.upo.es\/diario\/wp-content\/uploads\/2024\/02\/Laudabilis-TFG-20240205_2-750x365.jpg 750w, https:\/\/www.upo.es\/diario\/wp-content\/uploads\/2024\/02\/Laudabilis-TFG-20240205_2-420x204.jpg 420w, https:\/\/www.upo.es\/diario\/wp-content\/uploads\/2024\/02\/Laudabilis-TFG-20240205_2-768x373.jpg 768w, https:\/\/www.upo.es\/diario\/wp-content\/uploads\/2024\/02\/Laudabilis-TFG-20240205_2-1320x642.jpg 1320w, https:\/\/www.upo.es\/diario\/wp-content\/uploads\/2024\/02\/Laudabilis-TFG-20240205_2.jpg 1407w\" sizes=\"auto, (max-width: 750px) 100vw, 750px\" \/><\/a><figcaption id=\"caption-attachment-30880992\" class=\"wp-caption-text\">Exposici\u00f3n de los dict\u00e1menes para el TFG en el Paraninfo<\/figcaption><\/figure>\n","protected":false},"excerpt":{"rendered":"<p>Luc\u00eda Prieto, In\u00e9s Clavero, Mar\u00eda Otero, Luis Rubio y Pedro Ram\u00edrez han obtenido la distinci\u00f3n &#8216;Laudabilis&#8217; en su Trabajo Fin de Grado, un reconocimiento que otorga la Facultad de Derecho de la Universidad Pablo de Olavide al estudiantado cuyo dictamen, exposici\u00f3n y trabajo continuo durante el TFG resulta excelente.<\/p>\n","protected":false},"author":6,"featured_media":30880991,"comment_status":"closed","ping_status":"open","sticky":false,"template":"","format":"standard","meta":{"_monsterinsights_skip_tracking":false,"_monsterinsights_sitenote_active":false,"_monsterinsights_sitenote_note":"","_monsterinsights_sitenote_category":0,"footnotes":""},"categories":[5842],"tags":[21,4653,81,2146,3650],"class_list":["post-30880987","post","type-post","status-publish","format-standard","has-post-thumbnail","hentry","category-comunidad","tag-estudiantes","tag-excelencia","tag-facultad-de-derecho","tag-laudabilis-alumnus","tag-tfg"],"_links":{"self":[{"href":"https:\/\/www.upo.es\/diario\/wp-json\/wp\/v2\/posts\/30880987","targetHints":{"allow":["GET"]}}],"collection":[{"href":"https:\/\/www.upo.es\/diario\/wp-json\/wp\/v2\/posts"}],"about":[{"href":"https:\/\/www.upo.es\/diario\/wp-json\/wp\/v2\/types\/post"}],"author":[{"embeddable":true,"href":"https:\/\/www.upo.es\/diario\/wp-json\/wp\/v2\/users\/6"}],"replies":[{"embeddable":true,"href":"https:\/\/www.upo.es\/diario\/wp-json\/wp\/v2\/comments?post=30880987"}],"version-history":[{"count":7,"href":"https:\/\/www.upo.es\/diario\/wp-json\/wp\/v2\/posts\/30880987\/revisions"}],"predecessor-version":[{"id":30880996,"href":"https:\/\/www.upo.es\/diario\/wp-json\/wp\/v2\/posts\/30880987\/revisions\/30880996"}],"wp:featuredmedia":[{"embeddable":true,"href":"https:\/\/www.upo.es\/diario\/wp-json\/wp\/v2\/media\/30880991"}],"wp:attachment":[{"href":"https:\/\/www.upo.es\/diario\/wp-json\/wp\/v2\/media?parent=30880987"}],"wp:term":[{"taxonomy":"category","embeddable":true,"href":"https:\/\/www.upo.es\/diario\/wp-json\/wp\/v2\/categories?post=30880987"},{"taxonomy":"post_tag","embeddable":true,"href":"https:\/\/www.upo.es\/diario\/wp-json\/wp\/v2\/tags?post=30880987"}],"curies":[{"name":"wp","href":"https:\/\/api.w.org\/{rel}","templated":true}]}}