{"id":30881008,"date":"2024-02-06T14:50:56","date_gmt":"2024-02-06T13:50:56","guid":{"rendered":"https:\/\/www.upo.es\/diario\/?p=30881008"},"modified":"2024-02-13T09:35:36","modified_gmt":"2024-02-13T08:35:36","slug":"la-upo-y-la-asociacion-breast-cancer-survivor-sevilla-se-unen-para-impulsar-acciones-dirigidas-al-fomento-del-deporte-y-la-salud","status":"publish","type":"post","link":"https:\/\/www.upo.es\/diario\/institucional\/2024\/02\/la-upo-y-la-asociacion-breast-cancer-survivor-sevilla-se-unen-para-impulsar-acciones-dirigidas-al-fomento-del-deporte-y-la-salud\/","title":{"rendered":"La UPO y la Asociaci\u00f3n Breast Cancer Survivor Sevilla se unen para impulsar acciones dirigidas al fomento del deporte y la salud"},"content":{"rendered":"<figure id=\"attachment_30881009\" aria-describedby=\"caption-attachment-30881009\" style=\"width: 750px\" class=\"wp-caption aligncenter\"><a href=\"https:\/\/www.upo.es\/diario\/wp-content\/uploads\/2024\/02\/Conve-BCS-Sevilla-UPO_20240206-1-scaled.jpg\"><img loading=\"lazy\" decoding=\"async\" class=\"wp-image-30881009 size-large\" src=\"https:\/\/www.upo.es\/diario\/wp-content\/uploads\/2024\/02\/Conve-BCS-Sevilla-UPO_20240206-1-750x500.jpg\" alt=\"El rector de la UPO Francisco Oliva Bl\u00e1zquez y la presidenta de la Asociaci\u00f3n Breast Cancer Survivor Sevilla, Roc\u00edo Fern\u00e1ndez Mart\u00ednez.\" width=\"750\" height=\"500\" srcset=\"https:\/\/www.upo.es\/diario\/wp-content\/uploads\/2024\/02\/Conve-BCS-Sevilla-UPO_20240206-1-750x500.jpg 750w, https:\/\/www.upo.es\/diario\/wp-content\/uploads\/2024\/02\/Conve-BCS-Sevilla-UPO_20240206-1-420x280.jpg 420w, https:\/\/www.upo.es\/diario\/wp-content\/uploads\/2024\/02\/Conve-BCS-Sevilla-UPO_20240206-1-768x512.jpg 768w, https:\/\/www.upo.es\/diario\/wp-content\/uploads\/2024\/02\/Conve-BCS-Sevilla-UPO_20240206-1-1536x1024.jpg 1536w, https:\/\/www.upo.es\/diario\/wp-content\/uploads\/2024\/02\/Conve-BCS-Sevilla-UPO_20240206-1-2048x1365.jpg 2048w, https:\/\/www.upo.es\/diario\/wp-content\/uploads\/2024\/02\/Conve-BCS-Sevilla-UPO_20240206-1-165x109.jpg 165w, https:\/\/www.upo.es\/diario\/wp-content\/uploads\/2024\/02\/Conve-BCS-Sevilla-UPO_20240206-1-1320x880.jpg 1320w\" sizes=\"auto, (max-width: 750px) 100vw, 750px\" \/><\/a><figcaption id=\"caption-attachment-30881009\" class=\"wp-caption-text\">El rector de la UPO Francisco Oliva Bl\u00e1zquez y la presidenta de la Asociaci\u00f3n Breast Cancer Survivor Sevilla, Roc\u00edo Fern\u00e1ndez Mart\u00ednez.<\/figcaption><\/figure>\n<p>Con motivo de la celebraci\u00f3n del D\u00eda Mundial contra el C\u00e1ncer el pasado domingo d\u00eda 4 de febrero, el rector de la Universidad Pablo de Olavide, <strong>Francisco Oliva Bl\u00e1zquez<\/strong>, y la presidenta de la <a href=\"https:\/\/bcssevilla.com\/\">Asociaci\u00f3n Breast Cancer Survivor Sevilla<\/a>, <strong>Roc\u00edo Fern\u00e1ndez Mart\u00ednez<\/strong>, han ratificado el protocolo general de colaboraci\u00f3n entre ambas entidades con el objetivo de impulsar la celebraci\u00f3n de actividades formativas de tipo acad\u00e9mico, cient\u00edfico, t\u00e9cnico y de investigaci\u00f3n orientadas al fomento del deporte y la salud.<\/p>\n<p>Al acto de firma ha asistido tambi\u00e9n el vicerrector de Campus Saludable y Deporte de la Universidad Pablo de Olavide, <strong>Antonio Fern\u00e1ndez Mart\u00ednez; <\/strong>la directora general de Deportes de la UPO <strong>\u00c1frica Calvo Lluch; <\/strong>la vicedecana de Ordenaci\u00f3n Acad\u00e9mica e Igualdad de la Facultad de Ciencias del Deporte<strong> Elisabet Rodr\u00edguez Bies<\/strong>; y la vocal de Relaciones con Instituciones de la Asociaci\u00f3n Breast Cancer Survivor Sevilla <strong>Rosa V\u00e1zquez Madrid<\/strong>.<\/p>\n<figure id=\"attachment_30881010\" aria-describedby=\"caption-attachment-30881010\" style=\"width: 420px\" class=\"wp-caption alignright\"><a href=\"https:\/\/www.upo.es\/diario\/wp-content\/uploads\/2024\/02\/Conve-BCS-Sevilla-UPO_20240206-2-scaled.jpg\"><img loading=\"lazy\" decoding=\"async\" class=\"size-medium wp-image-30881010\" src=\"https:\/\/www.upo.es\/diario\/wp-content\/uploads\/2024\/02\/Conve-BCS-Sevilla-UPO_20240206-2-420x236.jpg\" alt=\"De izquierda a derecha, Elisabet Rodr\u00edguez, Antonio Fern\u00e1ndez, el rector Francisco Oliva, Roc\u00edo Fern\u00e1ndez, Rosa V\u00e1zquez, y \u00c1frica Calvo. \" width=\"420\" height=\"236\" srcset=\"https:\/\/www.upo.es\/diario\/wp-content\/uploads\/2024\/02\/Conve-BCS-Sevilla-UPO_20240206-2-420x236.jpg 420w, https:\/\/www.upo.es\/diario\/wp-content\/uploads\/2024\/02\/Conve-BCS-Sevilla-UPO_20240206-2-750x422.jpg 750w, https:\/\/www.upo.es\/diario\/wp-content\/uploads\/2024\/02\/Conve-BCS-Sevilla-UPO_20240206-2-768x432.jpg 768w, https:\/\/www.upo.es\/diario\/wp-content\/uploads\/2024\/02\/Conve-BCS-Sevilla-UPO_20240206-2-1536x864.jpg 1536w, https:\/\/www.upo.es\/diario\/wp-content\/uploads\/2024\/02\/Conve-BCS-Sevilla-UPO_20240206-2-2048x1152.jpg 2048w, https:\/\/www.upo.es\/diario\/wp-content\/uploads\/2024\/02\/Conve-BCS-Sevilla-UPO_20240206-2-1320x742.jpg 1320w\" sizes=\"auto, (max-width: 420px) 100vw, 420px\" \/><\/a><figcaption id=\"caption-attachment-30881010\" class=\"wp-caption-text\">De izquierda a derecha, Elisabet Rodr\u00edguez, Antonio Fern\u00e1ndez, el rector Francisco Oliva, Roc\u00edo Fern\u00e1ndez, Rosa V\u00e1zquez, y \u00c1frica Calvo.<\/figcaption><\/figure>\n<p>La firma de este protocolo general supone una ampliaci\u00f3n del proyecto social de la Asociaci\u00f3n BCS Sevilla de superaci\u00f3n del c\u00e1ncer en equipo a trav\u00e9s del deporte, la cultura y la actividad social, y, en concreto, visibiliza el apoyo de la Universidad Pablo de Olavide a las \u2018Dragonas del Guadalquivir\u2019, equipo formado por m\u00e1s de 40 deportistas que tienen o han tenido c\u00e1ncer de mama y compiten en la disciplina deportiva barco drag\u00f3n.<\/p>\n<p>En su intervenci\u00f3n, el rector ha destacado c\u00f3mo \u201casociaciones como la Dragonas BCS Sevilla son fundamentales para que personas que est\u00e1n pasando por esta enfermedad puedan apoyarse entre ellas, utilizando el deporte como herramienta para mejorar su salud f\u00edsica, ps\u00edquica y social\u201d. Adem\u00e1s, Francisco Oliva ha expresado su deseo de que \u201ceste protocolo sea el punto de partida para llevar a cabo proyectos conjuntos de impacto en la sociedad a trav\u00e9s de la transferencia de conocimiento\u201d.<\/p>\n<p>Por su parte, Roc\u00edo Fern\u00e1ndez Mart\u00ednez ha resaltado c\u00f3mo a trav\u00e9s de esta firma la Asociaci\u00f3n BCS Sevilla pone a disposici\u00f3n de la Universidad Pablo de Olavide \u201cun deporte que contribuye a la superaci\u00f3n del c\u00e1ncer de mam\u00e1 a trav\u00e9s del entrenamiento, la capacidad de superaci\u00f3n, fortaleza f\u00edsica y psicol\u00f3gica que nos convierte en personas m\u00e1s capaces, m\u00e1s valientes y m\u00e1s fuertes\u201d. Roc\u00edo Fern\u00e1ndez se ha mostrado muy interesada en que la UPO conozca e investigue m\u00e1s sobre el deporte drag\u00f3n y su impacto en la salud de las deportistas con c\u00e1ncer de mama. Adem\u00e1s, ambas instituciones estudiar\u00e1n llevar a cabo actividades de promoci\u00f3n del deporte en la comunidad universitaria, as\u00ed como jornadas profesionales que muestren salidas laborales en la salud y la pr\u00e1ctica deportiva.<\/p>\n<p>La Asociaci\u00f3n Breast Cancer Survivor Sevilla tiene como objetivo devolver a la vida activa a las personas supervivientes de c\u00e1ncer de mama a trav\u00e9s de tres l\u00edneas de actuaci\u00f3n: el <strong>deporte<\/strong>, mejorando la fuerza f\u00edsica y mental a trav\u00e9s del barco drag\u00f3n; la <strong>cultura<\/strong>, explorando y viviendo experiencias programadas en grupo; y la <strong>actividad social<\/strong>, compartiendo vida con personas que han vivido la misma experiencia, en un ambiente social, generando comunidad y sentimiento de pertenencia.<\/p>\n<p>Finalmente, el vicerrector Antonio Fern\u00e1ndez ha abordado c\u00f3mo la ciencia ha demostrado que el ejercicio f\u00edsico es \u00fatil antes, durante y despu\u00e9s del tratamiento contra el c\u00e1ncer. Seg\u00fan las estimaciones de la Sociedad Espa\u00f1ola de Oncolog\u00eda M\u00e9dica y la Red Espa\u00f1ola de Registros de C\u00e1ncer, se prev\u00e9 que en 2024 aumenten los casos de c\u00e1ncer un 2.6%, es decir, m\u00e1s de 286 mil nuevos casos. \u201cEn este sentido, se hace necesario poner en valor el papel preventivo que tiene el ejercicio f\u00edsico, al reducir el riesgo de desarrollar esta enfermedad. En concreto, diferentes estudios apuntan a que puede reducir en torno a un 30%-40% el riesgo de padecer c\u00e1ncer de mama. Pero, adem\u00e1s, tiene beneficios durante y despu\u00e9s del tratamiento, ayudando a mejorar la calidad de vida, sobrellevar mejor los efectos secundarios y, posiblemente a reducir el riesgo de que esta enfermedad pueda volver a aparecer en un futuro\u201d, ha explicado el vicerrector.<\/p>\n","protected":false},"excerpt":{"rendered":"<p>Con motivo de la celebraci\u00f3n del D\u00eda Mundial contra el C\u00e1ncer el pasado domingo d\u00eda 4 de febrero, el rector de la Universidad Pablo de Olavide, Francisco Oliva Bl\u00e1zquez, y la presidenta de la Asociaci\u00f3n Breast Cancer Survivor Sevilla, Roc\u00edo Fern\u00e1ndez Mart\u00ednez, han ratificado el protocolo general de colaboraci\u00f3n entre ambas entidades con el objetivo de impulsar la celebraci\u00f3n de actividades formativas de tipo acad\u00e9mico, cient\u00edfico, t\u00e9cnico y de investigaci\u00f3n orientadas al fomento del deporte y la salud.<\/p>\n","protected":false},"author":2,"featured_media":30881009,"comment_status":"closed","ping_status":"open","sticky":false,"template":"","format":"standard","meta":{"_monsterinsights_skip_tracking":false,"_monsterinsights_sitenote_active":false,"_monsterinsights_sitenote_note":"","_monsterinsights_sitenote_category":0,"footnotes":""},"categories":[6],"tags":[8723,4471,326,541,4021,5978,218],"class_list":["post-30881008","post","type-post","status-publish","format-standard","has-post-thumbnail","hentry","category-institucional","tag-asociacion-breast-cancer-survivor-sevilla","tag-cancer","tag-convenio","tag-deporte","tag-francisco-oliva-blazquez","tag-protocolo","tag-salud"],"_links":{"self":[{"href":"https:\/\/www.upo.es\/diario\/wp-json\/wp\/v2\/posts\/30881008","targetHints":{"allow":["GET"]}}],"collection":[{"href":"https:\/\/www.upo.es\/diario\/wp-json\/wp\/v2\/posts"}],"about":[{"href":"https:\/\/www.upo.es\/diario\/wp-json\/wp\/v2\/types\/post"}],"author":[{"embeddable":true,"href":"https:\/\/www.upo.es\/diario\/wp-json\/wp\/v2\/users\/2"}],"replies":[{"embeddable":true,"href":"https:\/\/www.upo.es\/diario\/wp-json\/wp\/v2\/comments?post=30881008"}],"version-history":[{"count":2,"href":"https:\/\/www.upo.es\/diario\/wp-json\/wp\/v2\/posts\/30881008\/revisions"}],"predecessor-version":[{"id":30881012,"href":"https:\/\/www.upo.es\/diario\/wp-json\/wp\/v2\/posts\/30881008\/revisions\/30881012"}],"wp:featuredmedia":[{"embeddable":true,"href":"https:\/\/www.upo.es\/diario\/wp-json\/wp\/v2\/media\/30881009"}],"wp:attachment":[{"href":"https:\/\/www.upo.es\/diario\/wp-json\/wp\/v2\/media?parent=30881008"}],"wp:term":[{"taxonomy":"category","embeddable":true,"href":"https:\/\/www.upo.es\/diario\/wp-json\/wp\/v2\/categories?post=30881008"},{"taxonomy":"post_tag","embeddable":true,"href":"https:\/\/www.upo.es\/diario\/wp-json\/wp\/v2\/tags?post=30881008"}],"curies":[{"name":"wp","href":"https:\/\/api.w.org\/{rel}","templated":true}]}}