{"id":30881022,"date":"2024-02-06T20:32:25","date_gmt":"2024-02-06T19:32:25","guid":{"rendered":"https:\/\/www.upo.es\/diario\/?p=30881022"},"modified":"2024-02-19T09:33:49","modified_gmt":"2024-02-19T08:33:49","slug":"el-rector-califica-de-muy-positivo-el-primer-informe-de-la-junta-de-andalucia-sobre-la-propuesta-de-grados-y-masteres-de-la-upo","status":"publish","type":"post","link":"https:\/\/www.upo.es\/diario\/institucional\/2024\/02\/el-rector-califica-de-muy-positivo-el-primer-informe-de-la-junta-de-andalucia-sobre-la-propuesta-de-grados-y-masteres-de-la-upo\/","title":{"rendered":"El rector califica de muy positivo el primer informe de la Junta de Andaluc\u00eda sobre la propuesta de grados y m\u00e1steres de la UPO"},"content":{"rendered":"<figure id=\"attachment_30881023\" aria-describedby=\"caption-attachment-30881023\" style=\"width: 750px\" class=\"wp-caption aligncenter\"><a href=\"https:\/\/www.upo.es\/diario\/wp-content\/uploads\/2024\/02\/CG_20240207-1-scaled.jpg\"><img loading=\"lazy\" decoding=\"async\" class=\"size-large wp-image-30881023\" src=\"https:\/\/www.upo.es\/diario\/wp-content\/uploads\/2024\/02\/CG_20240207-1-750x337.jpg\" alt=\"Consejo de Gobierno del 6 de febrero\" width=\"750\" height=\"337\" srcset=\"https:\/\/www.upo.es\/diario\/wp-content\/uploads\/2024\/02\/CG_20240207-1-750x337.jpg 750w, https:\/\/www.upo.es\/diario\/wp-content\/uploads\/2024\/02\/CG_20240207-1-420x189.jpg 420w, https:\/\/www.upo.es\/diario\/wp-content\/uploads\/2024\/02\/CG_20240207-1-768x346.jpg 768w, https:\/\/www.upo.es\/diario\/wp-content\/uploads\/2024\/02\/CG_20240207-1-1536x691.jpg 1536w, https:\/\/www.upo.es\/diario\/wp-content\/uploads\/2024\/02\/CG_20240207-1-2048x921.jpg 2048w, https:\/\/www.upo.es\/diario\/wp-content\/uploads\/2024\/02\/CG_20240207-1-1320x594.jpg 1320w\" sizes=\"auto, (max-width: 750px) 100vw, 750px\" \/><\/a><figcaption id=\"caption-attachment-30881023\" class=\"wp-caption-text\">Consejo de Gobierno del 6 de febrero<\/figcaption><\/figure>\n<p>En la sesi\u00f3n del Consejo de Gobierno celebrada esta ma\u00f1ana, el rector de la Universidad Pablo de Olavide ha informado acerca de la primera valoraci\u00f3n realizada por la Junta de Andaluc\u00eda de la propuesta de <a href=\"https:\/\/www.upo.es\/diario\/institucional\/2023\/12\/programacion-universitaria-2025-2028\/\">Programaci\u00f3n Universitaria de grado y postgrado para el per\u00edodo 2025-2028<\/a>. Un primer resultado que ha calificado de muy positivo, y que abre a partir de ahora una fase de negociaci\u00f3n con la Consejer\u00eda de Universidades \u2014y con el resto de campus p\u00fablicos andaluces\u2014 en la que la UPO contar\u00e1 con la participaci\u00f3n de los centros, en un proceso transparente de cogobernanza universitaria.<\/p>\n<figure id=\"attachment_30881024\" aria-describedby=\"caption-attachment-30881024\" style=\"width: 280px\" class=\"wp-caption alignright\"><a href=\"https:\/\/www.upo.es\/diario\/wp-content\/uploads\/2024\/02\/CG_20240207-2.jpg\"><img loading=\"lazy\" decoding=\"async\" class=\"wp-image-30881024 size-medium\" src=\"https:\/\/www.upo.es\/diario\/wp-content\/uploads\/2024\/02\/CG_20240207-2-280x420.jpg\" alt=\"Francisco Oliva\" width=\"280\" height=\"420\" srcset=\"https:\/\/www.upo.es\/diario\/wp-content\/uploads\/2024\/02\/CG_20240207-2-280x420.jpg 280w, https:\/\/www.upo.es\/diario\/wp-content\/uploads\/2024\/02\/CG_20240207-2-350x525.jpg 350w, https:\/\/www.upo.es\/diario\/wp-content\/uploads\/2024\/02\/CG_20240207-2-768x1152.jpg 768w, https:\/\/www.upo.es\/diario\/wp-content\/uploads\/2024\/02\/CG_20240207-2-1024x1536.jpg 1024w, https:\/\/www.upo.es\/diario\/wp-content\/uploads\/2024\/02\/CG_20240207-2-1320x1980.jpg 1320w, https:\/\/www.upo.es\/diario\/wp-content\/uploads\/2024\/02\/CG_20240207-2.jpg 1333w\" sizes=\"auto, (max-width: 280px) 100vw, 280px\" \/><\/a><figcaption id=\"caption-attachment-30881024\" class=\"wp-caption-text\">Francisco Oliva<\/figcaption><\/figure>\n<p>Francisco Oliva ha adelantado que, siendo un primer informe en el que a\u00fan tendr\u00e1n que valorarse las alegaciones por parte de las universidades, <strong>la Olavide ha obtenido luz verde en casi la totalidad de los m\u00e1steres solicitados <\/strong>\u2014a excepci\u00f3n de uno condicionado\u2014<strong> y en cinco de los siete grados planteados<\/strong>, estando uno de los cinco aprobados condicionado a que sea interuniversitario.<\/p>\n<p>A continuaci\u00f3n, el rector ha trasladado novedades referentes a la <strong>aplicaci\u00f3n de la LOSU<\/strong>, negociaci\u00f3n que tiene lugar en el marco de la Conferencia General de Pol\u00edtica Universitaria. As\u00ed, ha informado que el Gobierno ha flexibilizado la aplicaci\u00f3n de la Ley y ha asumido que es necesaria una financiaci\u00f3n adecuada para que la LOSU pueda tener resultados positivos. Siguiendo con novedades sobre legislaci\u00f3n universitaria, Francisco Oliva ha informado asimismo de la reuni\u00f3n de trabajo convocada por la <a href=\"https:\/\/www.upo.es\/diario\/institucional\/2024\/02\/comunicado-sobre-la-nueva-ley-universitaria-para-andalucia-lupa\/\">Consejer\u00eda de Universidades con los rectores y rectora de las Universidades P\u00fablicas Andaluzas<\/a> para consensuar el contenido de la <strong>Ley Universitaria para Andaluc\u00eda (LUPA)<\/strong>.<\/p>\n<p>Sobre <strong>financiaci\u00f3n universitaria<\/strong>, el rector ha anunciado que los criterios correspondientes a la cuant\u00eda b\u00e1sica armonizada siguen negoci\u00e1ndose, y que incluir\u00e1n la ratio PTGAS\/PDI, en la que la Olavide est\u00e1 muy por debajo respecto a la media del sistema andaluz. El rector ha informado asimismo de la reuni\u00f3n mantenida con la Consejer\u00eda de Universidades sobre el <strong>Plan de Inversiones e Infraestructuras<\/strong>, <a href=\"https:\/\/www.upo.es\/diario\/institucional\/2024\/01\/comunicado-aupa-plan-inversiones-infraestructuras\/\">cuesti\u00f3n en la que las universidades andaluzas reclaman un plan dotado presupuestariamente<\/a>, al margen de lo que puedan aportar los campus de sus remanentes.<\/p>\n<p>En cuanto a la <strong>cotizaci\u00f3n de estudiantes<\/strong> que realizan pr\u00e1cticas curriculares, en vigor desde el pasado 1 de enero, Francisco Oliva ha trasladado al Consejo de Gobierno los numerosos problemas burocr\u00e1ticos que est\u00e1 causando esta medida, y ha remitido al <a href=\"https:\/\/www.upo.es\/diario\/institucional\/2024\/02\/comunicado-sobre-la-situacion-de-las-practicas-academicas-externas-en-programas\/\">comunicado difundido por Crue Universidades Espa\u00f1olas<\/a> este lunes, ante el riesgo de paralizaci\u00f3n de los programas de pr\u00e1cticas formativas.<\/p>\n<h3><strong>Calendario Acad\u00e9mico y renovaci\u00f3n de las aulas<\/strong><\/h3>\n<p>Centrado ya en cuestiones del campus, el rector se ha referido al <strong>Calendario Acad\u00e9mico<\/strong>, sobre el que el Consejo de Estudiantes de la UPO realiz\u00f3 una consulta en la que result\u00f3 mayoritario el apoyo al cambio en los periodos de las evaluaciones semestrales. Francisco Oliva ha expresado el deseo de que, aunque en el presente curso acad\u00e9mico no ser\u00e1 posible incorporar esta medida \u2014que requiere modificar el periodo de matr\u00edcula\u2014, la Universidad siga trabajando para hacerla posible en el futuro, con el necesario consenso y debate entre la comunidad universitaria.<\/p>\n<p>Por otro lado, el rector ha anunciado que las <strong>aulas del proyecto piloto<\/strong> para su renovaci\u00f3n en el campus ya est\u00e1n disponibles, con el objetivo de que puedan ser probadas por profesorado de todas las disciplinas acad\u00e9micas y conocer sus prestaciones. Las nuevas salas docentes han mejorado en eficiencia energ\u00e9tica y en digitalizaci\u00f3n, adem\u00e1s de disponer de un mobiliario renovado m\u00e1s c\u00f3modo que facilita la conexi\u00f3n de dispositivos electr\u00f3nicos.<\/p>\n<p>Respecto al cambio en la presidencia del <strong>Consejo Social<\/strong>, Francisco Oliva ha agradecido el trabajo desarrollado por Roc\u00edo Reinoso desde 2020, y ha destacado la trayectoria empresarial de <a href=\"https:\/\/www.upo.es\/diario\/institucional\/2024\/01\/vicente-martin-grupo-mas-nuevo-presidente-consejo-social\/\">Vicente Mart\u00edn, cofundador del Grupo MAS, nombrado por el Consejo de Gobierno de la Junta de Andaluc\u00eda el pasado lunes 29 de enero<\/a>.<\/p>\n<p>El rector ha concluido su informe lamentando el fallecimiento de Mar\u00eda Jos\u00e9 Asensio Moreno, trabajadora en la cafeter\u00eda del campus conocida por toda la comunidad universitaria, y ha expresado condolencias por su p\u00e9rdida, dirigidas especialmente a sus compa\u00f1eras y \u00a0a sus familiares.<\/p>\n<p>&nbsp;<\/p>\n","protected":false},"excerpt":{"rendered":"<p>Francisco Oliva informa en Consejo de Gobierno de la negociaci\u00f3n que se abre a partir de ahora, en la que las universidades presentar\u00e1n sus alegaciones sobre la Programaci\u00f3n Universitaria.<\/p>\n","protected":false},"author":6,"featured_media":30881023,"comment_status":"closed","ping_status":"open","sticky":false,"template":"","format":"standard","meta":{"_monsterinsights_skip_tracking":false,"_monsterinsights_sitenote_active":false,"_monsterinsights_sitenote_note":"","_monsterinsights_sitenote_category":0,"footnotes":""},"categories":[6],"tags":[102,874,4021,266,203,8040,82,199,3862],"class_list":["post-30881022","post","type-post","status-publish","format-standard","has-post-thumbnail","hentry","category-institucional","tag-consejo-de-gobierno","tag-financiacion","tag-francisco-oliva-blazquez","tag-grados","tag-junta-de-andalucia","tag-losu","tag-postgrado","tag-profesorado","tag-universidades-andaluzas"],"_links":{"self":[{"href":"https:\/\/www.upo.es\/diario\/wp-json\/wp\/v2\/posts\/30881022","targetHints":{"allow":["GET"]}}],"collection":[{"href":"https:\/\/www.upo.es\/diario\/wp-json\/wp\/v2\/posts"}],"about":[{"href":"https:\/\/www.upo.es\/diario\/wp-json\/wp\/v2\/types\/post"}],"author":[{"embeddable":true,"href":"https:\/\/www.upo.es\/diario\/wp-json\/wp\/v2\/users\/6"}],"replies":[{"embeddable":true,"href":"https:\/\/www.upo.es\/diario\/wp-json\/wp\/v2\/comments?post=30881022"}],"version-history":[{"count":2,"href":"https:\/\/www.upo.es\/diario\/wp-json\/wp\/v2\/posts\/30881022\/revisions"}],"predecessor-version":[{"id":30881035,"href":"https:\/\/www.upo.es\/diario\/wp-json\/wp\/v2\/posts\/30881022\/revisions\/30881035"}],"wp:featuredmedia":[{"embeddable":true,"href":"https:\/\/www.upo.es\/diario\/wp-json\/wp\/v2\/media\/30881023"}],"wp:attachment":[{"href":"https:\/\/www.upo.es\/diario\/wp-json\/wp\/v2\/media?parent=30881022"}],"wp:term":[{"taxonomy":"category","embeddable":true,"href":"https:\/\/www.upo.es\/diario\/wp-json\/wp\/v2\/categories?post=30881022"},{"taxonomy":"post_tag","embeddable":true,"href":"https:\/\/www.upo.es\/diario\/wp-json\/wp\/v2\/tags?post=30881022"}],"curies":[{"name":"wp","href":"https:\/\/api.w.org\/{rel}","templated":true}]}}