{"id":30881036,"date":"2024-02-05T10:53:48","date_gmt":"2024-02-05T09:53:48","guid":{"rendered":"https:\/\/www.upo.es\/diario\/?p=30881036"},"modified":"2024-02-07T11:19:19","modified_gmt":"2024-02-07T10:19:19","slug":"euroescepticismo-razonable-cuando-las-decisiones-de-la-ue-son-contradictorias","status":"publish","type":"post","link":"https:\/\/www.upo.es\/diario\/theconversation\/2024\/02\/euroescepticismo-razonable-cuando-las-decisiones-de-la-ue-son-contradictorias\/","title":{"rendered":"Euroescepticismo razonable: cuando las decisiones de la UE son\u00a0contradictorias"},"content":{"rendered":"<figure id=\"attachment_30881037\" aria-describedby=\"caption-attachment-30881037\" style=\"width: 700px\" class=\"wp-caption aligncenter\"><img loading=\"lazy\" decoding=\"async\" class=\"wp-image-30881037 size-large\" src=\"https:\/\/www.upo.es\/diario\/wp-content\/uploads\/2024\/02\/51839874665_9797cf8de8_c-700x525.jpg\" alt=\"Protesta de agricultores\" width=\"700\" height=\"525\" srcset=\"https:\/\/www.upo.es\/diario\/wp-content\/uploads\/2024\/02\/51839874665_9797cf8de8_c-700x525.jpg 700w, https:\/\/www.upo.es\/diario\/wp-content\/uploads\/2024\/02\/51839874665_9797cf8de8_c-420x315.jpg 420w, https:\/\/www.upo.es\/diario\/wp-content\/uploads\/2024\/02\/51839874665_9797cf8de8_c-768x576.jpg 768w, https:\/\/www.upo.es\/diario\/wp-content\/uploads\/2024\/02\/51839874665_9797cf8de8_c.jpg 800w\" sizes=\"auto, (max-width: 700px) 100vw, 700px\" \/><figcaption id=\"caption-attachment-30881037\" class=\"wp-caption-text\">Foto: Imagen en Acci\u00f3n<\/figcaption><\/figure>\n<p><a href=\"https:\/\/theconversation.com\/profiles\/rafael-rodriguez-prieto-15792\">Rafael Rodriguez Prieto<\/a>, <em><a href=\"https:\/\/theconversation.com\/institutions\/universidad-pablo-de-olavide-1362\">Universidad Pablo de Olavide<\/a><\/em><\/p>\n<p>Hace meses que los agricultores <a href=\"https:\/\/www.bbc.com\/mundo\/articles\/c9w4kzgkxvlo\">protestan por toda Europa<\/a>. Los motivos son muchos, pero la importaci\u00f3n de productos agr\u00edcolas de pa\u00edses extracomunitarios ha sido uno de los m\u00e1s sonados en Espa\u00f1a.<\/p>\n<p>Fue muy destacado el caso del arroz. En concreto, <a href=\"https:\/\/www.europapress.es\/economia\/noticia-eurocamara-tumba-importacion-arroz-producido-triciclazol-pesticida-prohibido-europa-20231214183331.html\">la UE estuvo a punto de importarlo con triziclazol<\/a>, una sustancia fitosanitaria utilizada contra su principal plaga y prohibida en la UE. El Grupo de Trabajo de Medio Ambiente del Consejo de la UE apoy\u00f3, a principios del pasado mes de septiembre, la propuesta de la Comisi\u00f3n Europea para multiplicar por nueve el nivel m\u00e1ximo de residuos del triciclazol permitidos en los arroces importados. Afortunadamente, el pleno del Parlamento Europeo lo rechaz\u00f3 en diciembre.<\/p>\n<p>Los agricultores espa\u00f1oles razonan que si la UE se vanagloria de garantizar tanto exigentes est\u00e1ndares de calidad como el desarrollo de una agricultura sostenible y respetuosa con el entorno natural, ser\u00eda una contradicci\u00f3n <a href=\"https:\/\/www.phytoma.com\/noticias\/noticias-de-actualidad\/burselas-plantea-aumentar-el-limite-del-triziclazol-en-el-arroz-importado\">que se permitera su importaci\u00f3n<\/a>.<\/p>\n<h3>TikTok en Europa<\/h3>\n<p>El caso de <a href=\"https:\/\/cuadernosdeseguridad.com\/2023\/03\/parlamento-europeo-prohibe-tiktok\/\">la red social TikTok en la UE<\/a> es tambi\u00e9n significativo. Aunque su discutible praxis no se diferencia demasiado de otras grandes tecnol\u00f3gicas multadas de forma reiterada por la UE, ha sido objeto de especial controversia por la transferencia de datos a China. Se descubri\u00f3 que s<a href=\"https:\/\/www.dw.com\/es\/tiktok-dice-que-su-personal-en-china-tiene-acceso-a-los-datos-de-usuarios-europeos\/a-63637189\">us trabajadores pod\u00edan acceder a los datos de los usuarios en remoto<\/a>. Hace alrededor de un a\u00f1o, la Comisi\u00f3n y el Consejo de la UE prohibieron el uso de TikTok en los dispositivos electr\u00f3nicos de sus trabajadores.<\/p>\n<p>La transferencia de informaci\u00f3n vinculada, en gran medida, al uso que hacen los j\u00f3venes europeos de esta aplicaci\u00f3n la convierte en una herramienta geoestrat\u00e9gica muy interesante. El pasado mes de septiembre, <a href=\"https:\/\/es.euronews.com\/next\/2023\/09\/15\/tiktok-multado-con-345-millones-de-euros-por-la-ue-por-incumplir-las-normas-de-proteccion-\">la UE mult\u00f3 a la red social con 345 millones de euros<\/a> por no proteger la intimidad de los menores.<\/p>\n<p>Entre otras infracciones, se les acusaba de que se registraban de forma que sus cuentas se marcaban como p\u00fablicas por defecto. Es m\u00e1s: alguien podr\u00eda decir que tambi\u00e9n es un instrumento de embrutecimiento cultural. La versi\u00f3n china de TikTok, por ejemplo, est\u00e1 llena de contenidos educativos y <a href=\"https:\/\/www.europapress.es\/portaltic\/socialmedia\/noticia-tiktok-establece-limite-40-minutos-dia-menores-14-anos-china-20210920144342.html\">el tiempo de uso a los menores de 14 a\u00f1os se encuentra tasado para prevenir la adicci\u00f3n<\/a>. Pero la versi\u00f3n que se descargan los europeos carece de este tipo orientaci\u00f3n.<\/p>\n<h3>El veto de TikTok para los trabajadores de la UE<\/h3>\n<p>Estos dos ejemplos nos sit\u00faan ante una pregunta inc\u00f3moda, aunque necesaria: \u00bfen qu\u00e9 medida el discurso grandilocuente de la UE <a href=\"https:\/\/euroefe.euractiv.es\/section\/energia-y-medio-ambiente\/news\/la-presidenta-de-la-eurocamara-pide-explicar-bien-las-leyes-climaticas-para-frenar-el-euroescepticismo\/\">sobre el cambio clim\u00e1tico o la sostenibilidad<\/a> y la privacidad o los derechos de la ciudadan\u00eda es coherente en casos como los mencionados? \u00bfC\u00f3mo es posible que la UE vete a sus funcionarios una red social que considera peligrosa para su seguridad y permita su uso al resto de los ciudadanos, en particular a las nuevas generaciones?<\/p>\n<p>En Espa\u00f1a, es f\u00e1cil <a href=\"https:\/\/es.euronews.com\/next\/2024\/01\/15\/ia-y-elecciones-europeas-podria-la-nueva-tecnologia-estar-fomentando-el-euroescepticismo\">ser tachado<\/a> de <a href=\"https:\/\/www.fei.org.es\/2023\/12\/12\/euroescepticismo\/\">euroesc\u00e9ptico<\/a> cuando se critica a la UE. Sin embargo, el escepticismo no es mala herramienta para mejorar. Al contrario, combate tanto el fanatismo como un an\u00e1lisis destructivo. En un mundo donde los Estados tienen que interactuar con entes tan poderosos como las grandes empresas de tecnolog\u00eda, no cabe duda de que un actor de las caracter\u00edsticas de la UE puede ser de gran ayuda para confrontar, con m\u00ednimas garant\u00edas, los desaf\u00edos que se nos plantean.<\/p>\n<h3>Interlocutores naturales de Google, Amazon o TikTok<\/h3>\n<p>Los Estados que garantizan una serie de derechos fundamentales y libertades p\u00fablicas que deber\u00edan ganar peso geoestrat\u00e9gico e influencia para poder defender eficazmente los intereses de su ciudadan\u00eda y el bien com\u00fan ante empresas como Google, Amazon o la propia TikTok. La UE podr\u00eda llegar a usarse para este fin, pero a\u00fan queda camino por recorrer.<\/p>\n<p>Mientras tanto, los ciudadanos europeos parecen estar alej\u00e1ndose de sus instituciones, tal y como refleja<a href=\"http:\/\/www.redr.es\/es\/cargarAplicacionNoticia.do?identificador=35147\"> el crecimiento del voto euroesc\u00e9ptico y populista<\/a>. Medidas recientes como la elevaci\u00f3n de los tipos de inter\u00e9s, que ha llevado al encarecimiento de las hipotecas variables, o medidas pasadas como las pol\u00edticas de recortes del gasto p\u00fablico que siguieron a la crisis financiera de 2008 no han contribuido a mejorar su imagen. Tampoco <a href=\"https:\/\/es.euronews.com\/my-europe\/2023\/01\/16\/quien-es-quien-en-el-escandalo-del-parlamento-europeo\">los casos de corrupci\u00f3n en el Parlamento Europeo<\/a>.<\/p>\n<h3>Cuando los ciudadanos sospechan<\/h3>\n<p>Es cierto que puede haber pol\u00edticos a los que les venga bien la UE para descargar responsabilidades. Pero tambi\u00e9n es verdad que hay contradicciones y errores que deben criticarse de manera constructiva. Los alimentos son b\u00e1sicos para la vida humana y tanto su acceso, seguridad y la mejora de las condiciones de vida en el mundo rural deber\u00edan ser una prioridad para la UE. Cuando se producen contradicciones como las se\u00f1aladas el ciudadano europeo tiene derecho a sospechar e intervenir.<\/p>\n<p><a href=\"https:\/\/www.upo.es\/portal\/impe\/web\/contenido\/96349\">Con el internet de las cosas<\/a> se elevan de forma exponencial el caudal de datos y, en consecuencia, los beneficios, pero tambi\u00e9n las amenazas. Si TikTok puede suponer un problema para la seguridad de los funcionarios de la UE, deber\u00eda analizarse si no lo es tambi\u00e9n para sus j\u00f3venes.<\/p>\n<p>Tal vez debiera ense\u00f1arse a los estudiantes de primaria y secundaria<a href=\"https:\/\/www.upo.es\/diario\/institucional\/2015\/02\/manana-workshop-educar-sobre-internet-una-propuesta-de-asignatura-para-primaria-y-secundaria\/\"> a usar internet de forma responsable<\/a> en lugar de dejarlos delante de las pantallas desde peque\u00f1os y luego parchear con medidas que pudieran comprometer derechos fundamentales. Es necesario acudir a las causas. Como dijo el fil\u00f3sofo Gorgias, \u201cla persuasi\u00f3n, unida a la palabra, impresiona al alma\u201d.<\/p>\n<p><a href=\"https:\/\/theconversation.com\/profiles\/rafael-rodriguez-prieto-15792\">Rafael Rodriguez Prieto<\/a>, Catedr\u00e1tico de Universidad. Filosof\u00eda del Derecho y Pol\u00edtica., <em><a href=\"https:\/\/theconversation.com\/institutions\/universidad-pablo-de-olavide-1362\">Universidad Pablo de Olavide<\/a><\/em><\/p>\n<p>Este art\u00edculo fue publicado originalmente en <a href=\"https:\/\/theconversation.com\">The Conversation<\/a>. Lea el <a href=\"https:\/\/theconversation.com\/euroescepticismo-razonable-cuando-las-decisiones-de-la-ue-son-contradictorias-213411\">original<\/a>.<\/p>\n<p><img loading=\"lazy\" decoding=\"async\" style=\"border: none !important; box-shadow: none !important; margin: 0 !important; max-height: 1px !important; max-width: 1px !important; min-height: 1px !important; min-width: 1px !important; opacity: 0 !important; outline: none !important; padding: 0 !important;\" src=\"https:\/\/counter.theconversation.com\/content\/213411\/count.gif?distributor=republish-lightbox-advanced\" alt=\"The Conversation\" width=\"1\" height=\"1\" \/><\/p>\n","protected":false},"excerpt":{"rendered":"<p>Rafael Rodriguez Prieto, Universidad Pablo de Olavide Hace meses que los agricultores protestan por toda Europa. Los motivos son muchos, pero la importaci\u00f3n de productos agr\u00edcolas de pa\u00edses extracomunitarios ha sido uno de los m\u00e1s sonados en Espa\u00f1a. Fue muy destacado el caso del arroz. En concreto, la UE estuvo a punto de importarlo con triziclazol, una sustancia fitosanitaria utilizada<a class=\"read-more\" href=\"https:\/\/www.upo.es\/diario\/theconversation\/2024\/02\/euroescepticismo-razonable-cuando-las-decisiones-de-la-ue-son-contradictorias\/\">[Read More&#8230;]<\/a><\/p>\n","protected":false},"author":6,"featured_media":30881037,"comment_status":"closed","ping_status":"open","sticky":false,"template":"","format":"standard","meta":{"_monsterinsights_skip_tracking":false,"_monsterinsights_sitenote_active":false,"_monsterinsights_sitenote_note":"","_monsterinsights_sitenote_category":0,"footnotes":""},"categories":[5390],"tags":[750,4530,194,2256,429,3455,68],"class_list":["post-30881036","post","type-post","status-publish","format-standard","has-post-thumbnail","hentry","category-theconversation","tag-agricultura","tag-comercio-internacional","tag-ecologia","tag-globalizacion","tag-medio-ambiente","tag-rafael-rodriguez-prieto","tag-union-europea"],"_links":{"self":[{"href":"https:\/\/www.upo.es\/diario\/wp-json\/wp\/v2\/posts\/30881036","targetHints":{"allow":["GET"]}}],"collection":[{"href":"https:\/\/www.upo.es\/diario\/wp-json\/wp\/v2\/posts"}],"about":[{"href":"https:\/\/www.upo.es\/diario\/wp-json\/wp\/v2\/types\/post"}],"author":[{"embeddable":true,"href":"https:\/\/www.upo.es\/diario\/wp-json\/wp\/v2\/users\/6"}],"replies":[{"embeddable":true,"href":"https:\/\/www.upo.es\/diario\/wp-json\/wp\/v2\/comments?post=30881036"}],"version-history":[{"count":2,"href":"https:\/\/www.upo.es\/diario\/wp-json\/wp\/v2\/posts\/30881036\/revisions"}],"predecessor-version":[{"id":30881039,"href":"https:\/\/www.upo.es\/diario\/wp-json\/wp\/v2\/posts\/30881036\/revisions\/30881039"}],"wp:featuredmedia":[{"embeddable":true,"href":"https:\/\/www.upo.es\/diario\/wp-json\/wp\/v2\/media\/30881037"}],"wp:attachment":[{"href":"https:\/\/www.upo.es\/diario\/wp-json\/wp\/v2\/media?parent=30881036"}],"wp:term":[{"taxonomy":"category","embeddable":true,"href":"https:\/\/www.upo.es\/diario\/wp-json\/wp\/v2\/categories?post=30881036"},{"taxonomy":"post_tag","embeddable":true,"href":"https:\/\/www.upo.es\/diario\/wp-json\/wp\/v2\/tags?post=30881036"}],"curies":[{"name":"wp","href":"https:\/\/api.w.org\/{rel}","templated":true}]}}