{"id":30881053,"date":"2024-02-08T12:10:50","date_gmt":"2024-02-08T11:10:50","guid":{"rendered":"https:\/\/www.upo.es\/diario\/?p=30881053"},"modified":"2024-02-14T14:50:51","modified_gmt":"2024-02-14T13:50:51","slug":"11f-dia-internacional-mujeres-ciencia","status":"publish","type":"post","link":"https:\/\/www.upo.es\/diario\/docencia-formacion\/2024\/02\/11f-dia-internacional-mujeres-ciencia\/","title":{"rendered":"La UPO se suma a la celebraci\u00f3n del D\u00eda Internacional de las Ni\u00f1as y las Mujeres en las Ciencias"},"content":{"rendered":"<p><a href=\"https:\/\/www.upo.es\/upsc\/igualdad\/dia-internacional-de-la-mujer-y-la-nina-en-la-ciencia\/\"><img loading=\"lazy\" decoding=\"async\" class=\"aligncenter size-large wp-image-30881058\" src=\"https:\/\/www.upo.es\/diario\/wp-content\/uploads\/2024\/02\/11F_2024_portada-web-e1707391315986-750x440.jpg\" alt=\"D\u00eda Internacional de las Ni\u00f1as y las Mujeres en las Ciencias\" width=\"750\" height=\"440\" srcset=\"https:\/\/www.upo.es\/diario\/wp-content\/uploads\/2024\/02\/11F_2024_portada-web-e1707391315986-750x440.jpg 750w, https:\/\/www.upo.es\/diario\/wp-content\/uploads\/2024\/02\/11F_2024_portada-web-e1707391315986-420x246.jpg 420w, https:\/\/www.upo.es\/diario\/wp-content\/uploads\/2024\/02\/11F_2024_portada-web-e1707391315986-768x450.jpg 768w, https:\/\/www.upo.es\/diario\/wp-content\/uploads\/2024\/02\/11F_2024_portada-web-e1707391315986-1320x774.jpg 1320w, https:\/\/www.upo.es\/diario\/wp-content\/uploads\/2024\/02\/11F_2024_portada-web-e1707391315986.jpg 1482w\" sizes=\"auto, (max-width: 750px) 100vw, 750px\" \/><\/a>La Universidad Pablo de Olavide se suma un a\u00f1o m\u00e1s a la celebraci\u00f3n del <strong><a href=\"https:\/\/www.womeninscienceday.org\/\">D\u00eda Internacional de las Ni\u00f1as y las Mujeres en las Ciencias<\/a><\/strong>, proclamado desde 2015 por Naciones Unidas cada 11 de febrero. De este modo, la Universidad ha programado distintas acciones con el objetivo de reconocer los logros y visibilizar el trabajo de las mujeres en todos los campos de las Ciencias, promover su liderazgo en la comunidad cient\u00edfica y ayudar a crear referentes no estereotipados para ni\u00f1as y ni\u00f1os, lo que contribuye decisivamente al progreso de la ciencia y de la sociedad.<\/p>\n<p>\u201c\u00c9ste es un d\u00eda que nos permite poner el foco en la excelencia y la calidad investigadora con nombre de mujer\u201d, declara <strong>M\u00f3nica Dom\u00ednguez Serrano<\/strong>, delegada del Rector para la Igualdad de G\u00e9nero. \u201cSabemos que en muchas ocasiones el talento femenino queda en la sombra porque los grupos de investigaci\u00f3n est\u00e1n liderados por hombres y cuesta mucho visibilizar el trabajo que realizan las mujeres. En este d\u00eda ponemos el foco en ellas\u00bb, recalca.<\/p>\n<h3><strong>Actividades desde hoy jueves d\u00eda 8<\/strong><\/h3>\n<figure id=\"attachment_30881054\" aria-describedby=\"caption-attachment-30881054\" style=\"width: 420px\" class=\"wp-caption alignleft\"><a href=\"https:\/\/www.upo.es\/diario\/wp-content\/uploads\/2024\/02\/Guia-Estudios-Genero-UPO-1-scaled.jpg\"><img loading=\"lazy\" decoding=\"async\" class=\"size-medium wp-image-30881054\" src=\"https:\/\/www.upo.es\/diario\/wp-content\/uploads\/2024\/02\/Guia-Estudios-Genero-UPO-1-420x236.jpg\" alt=\"Roc\u00edo Fern\u00e1ndez y M\u00f3nica Dom\u00ednguez\" width=\"420\" height=\"236\" srcset=\"https:\/\/www.upo.es\/diario\/wp-content\/uploads\/2024\/02\/Guia-Estudios-Genero-UPO-1-420x236.jpg 420w, https:\/\/www.upo.es\/diario\/wp-content\/uploads\/2024\/02\/Guia-Estudios-Genero-UPO-1-750x422.jpg 750w, https:\/\/www.upo.es\/diario\/wp-content\/uploads\/2024\/02\/Guia-Estudios-Genero-UPO-1-768x432.jpg 768w, https:\/\/www.upo.es\/diario\/wp-content\/uploads\/2024\/02\/Guia-Estudios-Genero-UPO-1-1536x864.jpg 1536w, https:\/\/www.upo.es\/diario\/wp-content\/uploads\/2024\/02\/Guia-Estudios-Genero-UPO-1-2048x1152.jpg 2048w, https:\/\/www.upo.es\/diario\/wp-content\/uploads\/2024\/02\/Guia-Estudios-Genero-UPO-1-1320x742.jpg 1320w\" sizes=\"auto, (max-width: 420px) 100vw, 420px\" \/><\/a><figcaption id=\"caption-attachment-30881054\" class=\"wp-caption-text\">Roc\u00edo Fern\u00e1ndez y M\u00f3nica Dom\u00ednguez<\/figcaption><\/figure>\n<p>En esta edici\u00f3n, la <a href=\"https:\/\/11defebrero.org\/\">iniciativa 11F<\/a> en Espa\u00f1a centra su atenci\u00f3n en la <strong>ciencia inclusiva<\/strong>, incidiendo en la idea de que el conocimiento cient\u00edfico debe llegar a toda la sociedad y \u00e9sta a su vez debe ser part\u00edcipe de los caminos que toma, se trata en suma de democratizar y universalizar la generaci\u00f3n del saber y sus aplicaciones. En este sentido, el programa de actividades de la Universidad Pablo de Olavide ha dado comienzo esta ma\u00f1ana con la presentaci\u00f3n de los recursos con enfoque de g\u00e9nero disponibles en la Biblioteca\/CRAI UPO, destacando la<strong> <a href=\"https:\/\/guiasbib.upo.es\/estudiosdegenero\">Gu\u00eda sobre los Estudios de G\u00e9nero<\/a><\/strong>. <strong>M\u00f3nica Dom\u00ednguez Serrano<\/strong> y <strong>Roc\u00edo Fern\u00e1ndez Cordero<\/strong>, directora de la Biblioteca\/CRAI, han resaltado la importancia de disponer de herramientas digitales que integren y hagan accesible todos los materiales sobre enfoque de g\u00e9nero que se generan en la Universidad, tanto en la investigaci\u00f3n como en la docencia, sin olvidar los documentos de sensibilizaci\u00f3n y planificaci\u00f3n destinados a favorecer la igualdad entre mujeres y hombres en diferentes \u00e1mbitos de la ciencia y del conocimiento.<\/p>\n<p><u>El viernes 9 de febrero, a las 10:00 horas en la Innovateca<\/u> (Biblioteca-CRAI de la UPO) se celebrar\u00e1 la mesa redonda organizada por el \u00c1rea de Filolog\u00eda Latina <strong>\u2018Mujeres que reescriben, mujeres que investigan: recepciones cl\u00e1sicas con perspectiva de g\u00e9nero\u2019<\/strong>, que contar\u00e1 con las intervenciones de las tres investigadoras predoctorales <strong>Marta Cuevas Caballero<\/strong>, <strong>Carmen Velasco Montiel<\/strong>, <strong>Mar\u00eda Bazaga Ropero<\/strong>. Las egresadas de la Facultad de Humanidades conversar\u00e1n sobre sus investigaciones en el campo de la recepci\u00f3n cl\u00e1sica, concretamente sobre c\u00f3mo las autoras y creadoras contempor\u00e1neas reimaginan la cultura y la literatura grecolatina. Moderadas por la profesora Rosario Moreno Soldevila, catedr\u00e1tica de Filolog\u00eda Latina, ofrecer\u00e1n ideas sobre c\u00f3mo abordar una investigaci\u00f3n cient\u00edfica en el \u00e1mbito literario con perspectiva de g\u00e9nero.<\/p>\n<p>Por su parte, la Oficina de Transferencia de Resultados de Investigaci\u00f3n (OTRI-UPO) organiza el pr\u00f3ximo <u>s\u00e1bado 10 de febrero, a las 11:30 horas en la Librer\u00eda Vicentina Caf\u00e9 y Libros<\/u> (C\/ Emilio Lemos,11) un <strong>cuentacuentos<\/strong> a cargo de las profesoras doctoras del \u00c1rea de Fisiolog\u00eda, del Departamento de Fisiolog\u00eda, Anatom\u00eda y Biolog\u00eda Celular, <strong>Roc\u00edo Leal Campanario<\/strong> y <strong>Elena Porras Garc\u00eda<\/strong>, quienes abordar\u00e1n historias de mujeres cient\u00edficas y sus investigaciones para crear referentes e inspirar a las ni\u00f1as a participar en las Ciencias.<\/p>\n<p>El programa de actividades continuar\u00e1 la pr\u00f3xima semana, <u>el martes 13 de febrero, a las 11:00 horas en la sala de grados del edificio 6<\/u>, con la charla organizada por el Decanato de la Facultad de Humanidades \u2018<strong>Mujeres y el mar: la investigaci\u00f3n sobre los nombres vern\u00e1culos de los seres marinos\u2019<\/strong>, en la que la profesora doctora del Departamento de Filolog\u00eda y Traducci\u00f3n Mercedes de la Torre Garc\u00eda desentra\u00f1ar\u00e1 las caracter\u00edsticas del desarrollo de los estudios sobre ictionimia. Una visi\u00f3n y un acercamiento a las denominaciones vulgares de los seres marinos diferente y, a veces, sorprendente.<\/p>\n<p><u>El jueves 15 de febrero a las 12:00 horas<\/u>, RadiOlavide emitir\u00e1 el programa <strong>\u2018Cient\u00edficas: de los datos a la experiencia profesional y personal\u2019<\/strong>. Una emisi\u00f3n del programa \u2018Mundo sostenible\u2019 con el objetivo de dar visibilidad a las experiencias profesionales de egresadas de los centros y facultades de la UPO, conocer sus trayectorias personales y profesionales, y crear referentes en las ciencias y promover la divulgaci\u00f3n de mujeres cient\u00edficas. Adem\u00e1s, el \u00c1rea de Historia de Am\u00e9rica Latina con la colaboraci\u00f3n de RadiOlavide ha preparado un <strong>programa de podcast donde se pone en valor las contribuciones cient\u00edficas de mujeres de Am\u00e9rica Latina a la sociedad contempor\u00e1nea<\/strong>.<\/p>\n<p>La Delegaci\u00f3n del Rector para la Igualdad de G\u00e9nero, con la gesti\u00f3n de la Oficina para la Igualdad, pone en marcha el primer <strong>concurso \u2018\u00bfCu\u00e1nto sabes de las mujeres en las Ciencias?\u2019<\/strong>, <u>el mi\u00e9rcoles 21 de febrero a las 12:30 horas en el aula 108 del edificio 45<\/u>. Este concurso tiene como objetivo principal dar a conocer, a trav\u00e9s del modelo pregunta-respuesta, a las principales mujeres referentes en los distintos \u00e1mbitos de las ciencias, visibilizando sus principales logros con el objetivo de concienciar a toda la comunidad universitaria de la importancia que tiene crear ciencia con nombre de mujer.<\/p>\n<p>El <u>viernes 23 de febrero, a las 10:00 horas en la sala multiusos del Rectorado de la Universidad Pablo de Olavide<\/u>, tendr\u00e1 lugar el <strong>Caf\u00e9 con Ciencia \u2018La vida que esconde una gota de agua\u2019<\/strong>, que tendr\u00e1 como protagonista a <strong>Antonia Jim\u00e9nez Rodr\u00edguez<\/strong>, investigadora del \u00c1rea de Ecolog\u00eda del Departamento de Sistemas F\u00edsicos, Qu\u00edmicos y Naturales, quien se reunir\u00e1 con un grupo reducido de estudiantes de \u00faltimos cursos de ESO y Bachillerato. Durante el encuentro, organizado por OTRI-UPO y Fundaci\u00f3n Descubre, la investigadora desgranar\u00e1 su actividad cient\u00edfica y c\u00f3mo es su d\u00eda a d\u00eda, conversando con los y las participantes mientras disfrutan de un desayuno, en un ambiente distendido y cercano.<\/p>\n<h3><strong>Charlas de investigadoras de la UPO en centros educativos <\/strong><\/h3>\n<p>Por otro lado, la Universidad Pablo de Olavide, como integrante de la Mesa de la Ciencia coordinada por el Ayuntamiento de Sevilla, participa en el ciclo de charlas de investigadoras que se celebran en centros educativos de la ciudad para conmemorar el 11F. As\u00ed, <u>el lunes 12, jueves 15 y viernes 16 de febrero<\/u> las investigadoras de la Universidad Pablo de Olavide, <strong>Rosario Moreno<\/strong>, del Departamento de Filolog\u00eda y Traducci\u00f3n;\u00a0 <strong>Bel\u00e9n Floriano<\/strong>, del Departamento de Biolog\u00eda Molecular e Ingenier\u00eda Bioqu\u00edmica; <strong>Silvia Salas Pino<\/strong>, del Departamento de Biolog\u00eda Molecular e Ingeniar\u00eda Bioqu\u00edmica; y <strong>Teresa Terr\u00f3n-Caro<\/strong>, del Departamento de Educaci\u00f3n y Psicolog\u00eda Social, participar\u00e1n en charlas dirigidas a alumnado de secundaria y bachillerato, con el fin de visibilizar el trabajo de las mujeres investigadoras, creando as\u00ed referentes femeninos en el mundo de la investigaci\u00f3n.<\/p>\n<h3><strong>El 11F en las redes<\/strong><\/h3>\n<p>El D\u00eda Internacional de las Ni\u00f1as y las Mujeres en las Ciencias tambi\u00e9n se ver\u00e1 reflejado en las redes sociales con distintas campa\u00f1as audiovisuales organizadas por la Delegaci\u00f3n del Rector para la Igualdad de G\u00e9nero de la UPO, con la gesti\u00f3n de la Oficina para la Igualdad. As\u00ed, adem\u00e1s de publicar informaci\u00f3n sobre esta celebraci\u00f3n el domingo 11 de febrero, <u>el viernes 9 de febrero <\/u>se pondr\u00e1 en marcha la campa\u00f1a audiovisual <strong>\u2018Cient\u00edficas: de los datos a la experiencia profesional y personal\u2019<\/strong>, en la cual, a trav\u00e9s de las redes sociales, se publicar\u00e1n v\u00eddeos protagonizados por mujeres egresadas de distintas facultades y centros de la Universidad Pablo de Olavide, destacando sus experiencias en el campo de las ciencias. La campa\u00f1a busca crear referentes para inspirar a futuras generaciones de mujeres, eliminando estereotipos de g\u00e9nero y fomentando la igualdad de oportunidades.<\/p>\n<p>Por otro lado, el perfil de Instagram de la Oficina para la Igualdad reflejar\u00e1 el pr\u00f3ximo <u>lunes 12 de febrero<\/u> <strong>investigaciones y diversas contribuciones de mujeres singulares que han dejado su huella en las distintas ramas de la Ciencia<\/strong>.<\/p>\n<p>Finalmente, la Consejer\u00eda de Universidad, Investigaci\u00f3n e Innovaci\u00f3n quiere reforzar esta celebraci\u00f3n y destacar la aportaci\u00f3n de las investigadoras andaluzas, vinculando adem\u00e1s las acciones del 11F y 8M, de modo que durante casi un mes las mujeres investigadoras ser\u00e1n las protagonistas, incorporando por primera una acci\u00f3n central de car\u00e1cter andaluz. Desde la Universidad Pablo de Olavide, la investigadora que participar\u00e1 en esa actividad es <strong>Marian P\u00e9rez Bernal<\/strong> del Departamento de Geograf\u00eda, Historia y Filosof\u00eda.<\/p>\n<p><strong>M\u00e1s informaci\u00f3n:<\/strong><\/p>\n<ul>\n<li><a href=\"https:\/\/11defebrero.org\/\">https:\/\/11defebrero.org\/<\/a><\/li>\n<li><a href=\"http:\/\/www.upo.es\/upsc\/igualdad\/dia-internacional-de-la-mujer-y-la-nina-en-la-ciencia\/\">www.upo.es\/upsc\/igualdad\/dia-internacional-de-la-mujer-y-la-nina-en-la-ciencia\/<\/a><\/li>\n<li><a href=\"http:\/\/www.un.org\/es\/observances\/women-and-girls-in-science-day\">www.un.org\/es\/observances\/women-and-girls-in-science-day<\/a><\/li>\n<\/ul>\n<p>&nbsp;<\/p>\n","protected":false},"excerpt":{"rendered":"<p>La Universidad Pablo de Olavide se suma un a\u00f1o m\u00e1s a la celebraci\u00f3n del D\u00eda Internacional de las Ni\u00f1as y las Mujeres en las Ciencias, proclamado desde 2015 por Naciones Unidas cada 11 de febrero. De este modo, la Universidad ha programado distintas acciones con el objetivo de reconocer los logros y visibilizar el trabajo de las mujeres en todos los campos de las Ciencias, promover su liderazgo en la comunidad cient\u00edfica y ayudar a crear referentes no estereotipados para ni\u00f1as y ni\u00f1os, lo que contribuye decisivamente al progreso de la ciencia y de la sociedad.<\/p>\n","protected":false},"author":6,"featured_media":30881058,"comment_status":"closed","ping_status":"open","sticky":false,"template":"","format":"standard","meta":{"_monsterinsights_skip_tracking":false,"_monsterinsights_sitenote_active":false,"_monsterinsights_sitenote_note":"","_monsterinsights_sitenote_category":0,"footnotes":""},"categories":[2779],"tags":[6539,2491,971,6530,2645,5883,8720,8729],"class_list":["post-30881053","post","type-post","status-publish","format-standard","has-post-thumbnail","hentry","category-docencia-formacion","tag-11-de-febrero","tag-biblioteca-crai","tag-cafe-con-ciencia","tag-dia-internacional-de-la-mujer-y-la-nina-en-la-ciencia","tag-divulgacion-cientifica","tag-igualdad-de-genero","tag-monica-dominguez-serrano","tag-rocio-fernandez-cordero"],"_links":{"self":[{"href":"https:\/\/www.upo.es\/diario\/wp-json\/wp\/v2\/posts\/30881053","targetHints":{"allow":["GET"]}}],"collection":[{"href":"https:\/\/www.upo.es\/diario\/wp-json\/wp\/v2\/posts"}],"about":[{"href":"https:\/\/www.upo.es\/diario\/wp-json\/wp\/v2\/types\/post"}],"author":[{"embeddable":true,"href":"https:\/\/www.upo.es\/diario\/wp-json\/wp\/v2\/users\/6"}],"replies":[{"embeddable":true,"href":"https:\/\/www.upo.es\/diario\/wp-json\/wp\/v2\/comments?post=30881053"}],"version-history":[{"count":7,"href":"https:\/\/www.upo.es\/diario\/wp-json\/wp\/v2\/posts\/30881053\/revisions"}],"predecessor-version":[{"id":30881062,"href":"https:\/\/www.upo.es\/diario\/wp-json\/wp\/v2\/posts\/30881053\/revisions\/30881062"}],"wp:featuredmedia":[{"embeddable":true,"href":"https:\/\/www.upo.es\/diario\/wp-json\/wp\/v2\/media\/30881058"}],"wp:attachment":[{"href":"https:\/\/www.upo.es\/diario\/wp-json\/wp\/v2\/media?parent=30881053"}],"wp:term":[{"taxonomy":"category","embeddable":true,"href":"https:\/\/www.upo.es\/diario\/wp-json\/wp\/v2\/categories?post=30881053"},{"taxonomy":"post_tag","embeddable":true,"href":"https:\/\/www.upo.es\/diario\/wp-json\/wp\/v2\/tags?post=30881053"}],"curies":[{"name":"wp","href":"https:\/\/api.w.org\/{rel}","templated":true}]}}