{"id":30881089,"date":"2024-02-12T14:05:46","date_gmt":"2024-02-12T13:05:46","guid":{"rendered":"https:\/\/www.upo.es\/diario\/?p=30881089"},"modified":"2024-02-12T14:48:01","modified_gmt":"2024-02-12T13:48:01","slug":"el-profesor-antonio-lopez-nuevo-academico-correspondiente-en-dos-hermanas-de-la-real-academia-de-bellas-artes-de-santa-isabel-de-hungria","status":"publish","type":"post","link":"https:\/\/www.upo.es\/diario\/comunidad\/2024\/02\/el-profesor-antonio-lopez-nuevo-academico-correspondiente-en-dos-hermanas-de-la-real-academia-de-bellas-artes-de-santa-isabel-de-hungria\/","title":{"rendered":"El profesor Antonio L\u00f3pez, nuevo acad\u00e9mico correspondiente en Dos Hermanas de la Real Academia de Bellas Artes de Santa Isabel de Hungr\u00eda"},"content":{"rendered":"<figure id=\"attachment_30881091\" aria-describedby=\"caption-attachment-30881091\" style=\"width: 589px\" class=\"wp-caption aligncenter\"><a href=\"https:\/\/www.upo.es\/diario\/wp-content\/uploads\/2024\/02\/academico_Antonioj_Lopez01.jpg\"><img loading=\"lazy\" decoding=\"async\" class=\"size-large wp-image-30881091\" src=\"https:\/\/www.upo.es\/diario\/wp-content\/uploads\/2024\/02\/academico_Antonioj_Lopez01-589x525.jpg\" alt=\"De izquierda a derecha, el vicepresidente de la Academia Pedro S\u00e1nchez N\u00fa\u00f1ez, el alcalde de Dos Hermanas Francisco Rodr\u00edguez Garc\u00eda, el profesor Antonio J. L\u00f3pez Guti\u00e9rrez, la concejal de Cultura Rosario S\u00e1nchez Jim\u00e9nez y el acad\u00e9mico Juan Rodr\u00edguez Romero.\" width=\"589\" height=\"525\" srcset=\"https:\/\/www.upo.es\/diario\/wp-content\/uploads\/2024\/02\/academico_Antonioj_Lopez01-589x525.jpg 589w, https:\/\/www.upo.es\/diario\/wp-content\/uploads\/2024\/02\/academico_Antonioj_Lopez01-420x374.jpg 420w, https:\/\/www.upo.es\/diario\/wp-content\/uploads\/2024\/02\/academico_Antonioj_Lopez01-768x685.jpg 768w, https:\/\/www.upo.es\/diario\/wp-content\/uploads\/2024\/02\/academico_Antonioj_Lopez01.jpg 1153w\" sizes=\"auto, (max-width: 589px) 100vw, 589px\" \/><\/a><figcaption id=\"caption-attachment-30881091\" class=\"wp-caption-text\">De izquierda a derecha, el vicepresidente de la Academia Pedro S\u00e1nchez N\u00fa\u00f1ez, el alcalde de Dos Hermanas Francisco Rodr\u00edguez Garc\u00eda, el profesor Antonio J. L\u00f3pez Guti\u00e9rrez, la concejal de Cultura Rosario S\u00e1nchez Jim\u00e9nez y el acad\u00e9mico Juan Rodr\u00edguez Romero.<\/figcaption><\/figure>\n<p>El profesor titular de Ciencias y T\u00e9cnicas Historiogr\u00e1ficas de la Universidad Pablo de Olavide <strong>Antonio J. L\u00f3pez Guti\u00e9rrez<\/strong> ha ingresado recientemente como nuevo acad\u00e9mico correspondiente en la ciudad de Dos Hermanas de la <strong><a href=\"https:\/\/www.realacademiabellasartessevilla.com\/\">Real Academia de Bellas Artes de Santa Isabel de Hungr\u00eda<\/a><\/strong>, con sede en Sevilla.<\/p>\n<p>En su discurso de recepci\u00f3n, titulado <strong>\u2018El documento como instrumento de globalizaci\u00f3n en tiempos de Alfonso X\u2019<\/strong>, el profesor L\u00f3pez Guti\u00e9rrez destac\u00f3 c\u00f3mo \u201cal monarca Alfonso X se deben, sin lugar a dudas, los primeros intentos de globalizaci\u00f3n del documento en una \u00e9poca que coincide con el renacer del derecho romano. Forjado en batallas como la conquista del reino de Murcia y Sevilla, estaba convencido que la difusi\u00f3n del castellano ayudar\u00eda a la convivencia entre los moradores de sus reinos y adem\u00e1s coadyuv\u00f3 a la difusi\u00f3n del conocimiento de todo tipo de obras a trav\u00e9s de las numeros\u00edsimas traducciones realizadas en el <em>scriptorium alfons\u00ed<\/em>\u201d.<\/p>\n<figure id=\"attachment_30881092\" aria-describedby=\"caption-attachment-30881092\" style=\"width: 315px\" class=\"wp-caption alignright\"><a href=\"https:\/\/www.upo.es\/diario\/wp-content\/uploads\/2024\/02\/academico_Antonioj_Lopez02.jpg\"><img loading=\"lazy\" decoding=\"async\" class=\"size-medium wp-image-30881092\" src=\"https:\/\/www.upo.es\/diario\/wp-content\/uploads\/2024\/02\/academico_Antonioj_Lopez02-315x420.jpg\" alt=\"Entrega del t\u00edtulo e imposici\u00f3n de la medalla \/ Foto M\u00aa del Amor Mora. \" width=\"315\" height=\"420\" srcset=\"https:\/\/www.upo.es\/diario\/wp-content\/uploads\/2024\/02\/academico_Antonioj_Lopez02-315x420.jpg 315w, https:\/\/www.upo.es\/diario\/wp-content\/uploads\/2024\/02\/academico_Antonioj_Lopez02-394x525.jpg 394w, https:\/\/www.upo.es\/diario\/wp-content\/uploads\/2024\/02\/academico_Antonioj_Lopez02-768x1024.jpg 768w, https:\/\/www.upo.es\/diario\/wp-content\/uploads\/2024\/02\/academico_Antonioj_Lopez02-1152x1536.jpg 1152w, https:\/\/www.upo.es\/diario\/wp-content\/uploads\/2024\/02\/academico_Antonioj_Lopez02-1536x2048.jpg 1536w, https:\/\/www.upo.es\/diario\/wp-content\/uploads\/2024\/02\/academico_Antonioj_Lopez02-1320x1760.jpg 1320w, https:\/\/www.upo.es\/diario\/wp-content\/uploads\/2024\/02\/academico_Antonioj_Lopez02.jpg 1772w\" sizes=\"auto, (max-width: 315px) 100vw, 315px\" \/><\/a><figcaption id=\"caption-attachment-30881092\" class=\"wp-caption-text\">Entrega del t\u00edtulo e imposici\u00f3n de la medalla \/ Foto: M\u00aa del Amor Mora.<\/figcaption><\/figure>\n<p>La especial predilecci\u00f3n del monarca por la ciudad de Sevilla tambi\u00e9n ha sido destacada por el profesor L\u00f3pez Guti\u00e9rrez: \u201cparticip\u00f3 en su conquista, defendi\u00f3 a ultranza la conservaci\u00f3n de la torre de su mezquita mayor cuanto tuvo conocimiento de que la iban a derribar, la corte estuvo establecida en largos periodos\u00a0 en la ciudad del Betis, le concedi\u00f3 innumerables privilegios, tres de ellos sellados con el sello de oro, y dirigi\u00f3 a la ciudad piropos que expresan sentimientos globalizadores: \u00abla cibdad de Sevilla, que es una de las m\u00e1s nobles e de las mejores cibdades del mundo\u00bb\u201d.<\/p>\n<p>Antonio J. L\u00f3pez Guti\u00e9rrez finaliza su discurso explicando c\u00f3mo la idea imperial de Alfonso X incuestionablemente fracas\u00f3 pero no as\u00ed el calificativo que muchos historiadores le han aportado a su labor cultural defini\u00e9ndolo como emperador de la cultura: \u201cNuestro monarca parti\u00f3 de este mundo el 4 de abril de 1284, siendo consciente de haber fracasado en ciertas empresas pol\u00edticas y familiares pero incuestionablemente marc\u00f3 las pautas para la construcci\u00f3n del futuro Estado moderno, recobrando para el documento su valor como prueba\u201d.<\/p>\n<figure id=\"attachment_30881093\" aria-describedby=\"caption-attachment-30881093\" style=\"width: 420px\" class=\"wp-caption alignleft\"><a href=\"https:\/\/www.upo.es\/diario\/wp-content\/uploads\/2024\/02\/academico_Antonioj_Lopez03.jpg\"><img loading=\"lazy\" decoding=\"async\" class=\"wp-image-30881093 size-medium\" src=\"https:\/\/www.upo.es\/diario\/wp-content\/uploads\/2024\/02\/academico_Antonioj_Lopez03-420x281.jpg\" alt=\"El profesor Antonio L\u00f3pez, nuevo acad\u00e9mico correspondiente en Dos Hermanas de la Real Academia de Bellas Artes de Santa Isabel de Hungr\u00eda.\" width=\"420\" height=\"281\" srcset=\"https:\/\/www.upo.es\/diario\/wp-content\/uploads\/2024\/02\/academico_Antonioj_Lopez03-420x281.jpg 420w, https:\/\/www.upo.es\/diario\/wp-content\/uploads\/2024\/02\/academico_Antonioj_Lopez03-750x502.jpg 750w, https:\/\/www.upo.es\/diario\/wp-content\/uploads\/2024\/02\/academico_Antonioj_Lopez03-768x514.jpg 768w, https:\/\/www.upo.es\/diario\/wp-content\/uploads\/2024\/02\/academico_Antonioj_Lopez03-1536x1028.jpg 1536w, https:\/\/www.upo.es\/diario\/wp-content\/uploads\/2024\/02\/academico_Antonioj_Lopez03-165x109.jpg 165w, https:\/\/www.upo.es\/diario\/wp-content\/uploads\/2024\/02\/academico_Antonioj_Lopez03-1320x884.jpg 1320w, https:\/\/www.upo.es\/diario\/wp-content\/uploads\/2024\/02\/academico_Antonioj_Lopez03.jpg 1918w\" sizes=\"auto, (max-width: 420px) 100vw, 420px\" \/><\/a><figcaption id=\"caption-attachment-30881093\" class=\"wp-caption-text\">Foto de familia del acto \/ Foto: M\u00aa del Amor Mora.<\/figcaption><\/figure>\n<p>Con una amplia trayectoria investigadora y docente, el profesor del \u00c1rea de Ciencias y T\u00e9cnicas Historiogr\u00e1ficas en la Universidad Pablo de Olavide Antonio J. L\u00f3pez Guti\u00e9rrez es doctor en Historia por la Universidad de Oviedo (1988), con el t\u00edtulo \u2018La canciller\u00eda de Alfonso X a trav\u00e9s de las fuentes legales y la realidad documental\u2019. Ha sido profesor del Colegio Universitario y Facultad de Geograf\u00eda e Historia de C\u00e1diz (1979-1981) y profesor ayudante de la Facultad de Geograf\u00eda e Historia de Sevilla (1981-1986). Archivero del Cuerpo Facultativo del Estado con destino en el Archivo General de Simancas, Archivo Central del Ministerio de Cultura y Archivo General de Indias (1986-2003). Comisionado por el Ministerio de Cultura para la informatizaci\u00f3n del Archivo General de la Naci\u00f3n de Lima (Per\u00fa) y Asunci\u00f3n (Paraguay).<\/p>\n<p>Tiene publicados cerca de una treintena de libros de \u00edndole cient\u00edfica, centrados en materias como: Archiv\u00edstica, Diplom\u00e1tica, Paleograf\u00eda e Historia de Instituciones, as\u00ed como m\u00e1s de un centenar de art\u00edculos en monograf\u00edas y revistas. Premio Alfonso X El Sabio en reconocimiento a su trayectoria investigadora y trabajos sobre la canciller\u00eda del rey Sabio y recientemente nombrado acad\u00e9mico correspondiente en Dos Hermanas de la Real Academia de Bellas Artes de Santa Isabel de Hungr\u00eda.<\/p>\n","protected":false},"excerpt":{"rendered":"<p>El profesor titular de Ciencias y T\u00e9cnicas Historiogr\u00e1ficas de la Universidad Pablo de Olavide Antonio J. L\u00f3pez Guti\u00e9rrez ha ingresado recientemente como nuevo acad\u00e9mico correspondiente en la ciudad de Dos Hermanas de la Real Academia de Bellas Artes de Santa Isabel de Hungr\u00eda, con sede en Sevilla.<\/p>\n","protected":false},"author":2,"featured_media":30881092,"comment_status":"closed","ping_status":"open","sticky":false,"template":"","format":"standard","meta":{"_monsterinsights_skip_tracking":false,"_monsterinsights_sitenote_active":false,"_monsterinsights_sitenote_note":"","_monsterinsights_sitenote_category":0,"footnotes":""},"categories":[5842],"tags":[8669,8731,8732,150,8733],"class_list":["post-30881089","post","type-post","status-publish","format-standard","has-post-thumbnail","hentry","category-comunidad","tag-alfonso-x","tag-antonio-j-lopez-gutierrez","tag-area-de-ciencias-y-tecnicas-historiograficas","tag-historia","tag-real-academia-de-bellas-artes-de-santa-isabel-de-hungria"],"_links":{"self":[{"href":"https:\/\/www.upo.es\/diario\/wp-json\/wp\/v2\/posts\/30881089","targetHints":{"allow":["GET"]}}],"collection":[{"href":"https:\/\/www.upo.es\/diario\/wp-json\/wp\/v2\/posts"}],"about":[{"href":"https:\/\/www.upo.es\/diario\/wp-json\/wp\/v2\/types\/post"}],"author":[{"embeddable":true,"href":"https:\/\/www.upo.es\/diario\/wp-json\/wp\/v2\/users\/2"}],"replies":[{"embeddable":true,"href":"https:\/\/www.upo.es\/diario\/wp-json\/wp\/v2\/comments?post=30881089"}],"version-history":[{"count":4,"href":"https:\/\/www.upo.es\/diario\/wp-json\/wp\/v2\/posts\/30881089\/revisions"}],"predecessor-version":[{"id":30881098,"href":"https:\/\/www.upo.es\/diario\/wp-json\/wp\/v2\/posts\/30881089\/revisions\/30881098"}],"wp:featuredmedia":[{"embeddable":true,"href":"https:\/\/www.upo.es\/diario\/wp-json\/wp\/v2\/media\/30881092"}],"wp:attachment":[{"href":"https:\/\/www.upo.es\/diario\/wp-json\/wp\/v2\/media?parent=30881089"}],"wp:term":[{"taxonomy":"category","embeddable":true,"href":"https:\/\/www.upo.es\/diario\/wp-json\/wp\/v2\/categories?post=30881089"},{"taxonomy":"post_tag","embeddable":true,"href":"https:\/\/www.upo.es\/diario\/wp-json\/wp\/v2\/tags?post=30881089"}],"curies":[{"name":"wp","href":"https:\/\/api.w.org\/{rel}","templated":true}]}}