{"id":30881115,"date":"2024-02-14T09:23:28","date_gmt":"2024-02-14T08:23:28","guid":{"rendered":"https:\/\/www.upo.es\/diario\/?p=30881115"},"modified":"2024-02-14T09:23:28","modified_gmt":"2024-02-14T08:23:28","slug":"la-universidad-pablo-de-olavide-inicia-la-segunda-edicion-de-escuela-de-valores-el-valor-social-del-voluntariado","status":"publish","type":"post","link":"https:\/\/www.upo.es\/diario\/cultura-social\/2024\/02\/la-universidad-pablo-de-olavide-inicia-la-segunda-edicion-de-escuela-de-valores-el-valor-social-del-voluntariado\/","title":{"rendered":"La Universidad Pablo de Olavide inicia la segunda edici\u00f3n de \u2018Escuela de Valores: el valor social del voluntariado\u2019"},"content":{"rendered":"<figure id=\"attachment_30881116\" aria-describedby=\"caption-attachment-30881116\" style=\"width: 750px\" class=\"wp-caption aligncenter\"><a href=\"https:\/\/www.upo.es\/diario\/wp-content\/uploads\/2024\/02\/IMG_3942-Mejorado-NR-scaled.jpg\"><img loading=\"lazy\" decoding=\"async\" class=\"size-large wp-image-30881116\" src=\"https:\/\/www.upo.es\/diario\/wp-content\/uploads\/2024\/02\/IMG_3942-Mejorado-NR-750x500.jpg\" alt=\"Mar\u00eda Jos\u00e9 Parejo en la presentaci\u00f3n del Curso\" width=\"750\" height=\"500\" srcset=\"https:\/\/www.upo.es\/diario\/wp-content\/uploads\/2024\/02\/IMG_3942-Mejorado-NR-750x500.jpg 750w, https:\/\/www.upo.es\/diario\/wp-content\/uploads\/2024\/02\/IMG_3942-Mejorado-NR-420x280.jpg 420w, https:\/\/www.upo.es\/diario\/wp-content\/uploads\/2024\/02\/IMG_3942-Mejorado-NR-768x512.jpg 768w, https:\/\/www.upo.es\/diario\/wp-content\/uploads\/2024\/02\/IMG_3942-Mejorado-NR-1536x1024.jpg 1536w, https:\/\/www.upo.es\/diario\/wp-content\/uploads\/2024\/02\/IMG_3942-Mejorado-NR-2048x1365.jpg 2048w, https:\/\/www.upo.es\/diario\/wp-content\/uploads\/2024\/02\/IMG_3942-Mejorado-NR-165x109.jpg 165w, https:\/\/www.upo.es\/diario\/wp-content\/uploads\/2024\/02\/IMG_3942-Mejorado-NR-1320x880.jpg 1320w\" sizes=\"auto, (max-width: 750px) 100vw, 750px\" \/><\/a><figcaption id=\"caption-attachment-30881116\" class=\"wp-caption-text\">Mar\u00eda Jos\u00e9 Parejo e Inmaculada Sancho en la presentaci\u00f3n del Curso &#8216;Escuela de Valores&#8217;<\/figcaption><\/figure>\n<p>El Vicerrectorado de Cultura y Pol\u00edticas Sociales, a trav\u00e9s de la Oficina de Voluntariado y Compromiso Social, ha iniciado este martes la segunda edici\u00f3n del <strong>curso formativo \u2018Escuela de Valores: el valor social del Voluntariado\u2019<\/strong> que realiza con la colaboraci\u00f3n de la Consejer\u00eda de Inclusi\u00f3n Social, Juventud, Familias e Igualdad. Una formaci\u00f3n de veinte horas de duraci\u00f3n que busca sensibilizar a la comunidad universitaria de la necesidad de la acci\u00f3n social; as\u00ed como crear y desarrollar iniciativas y acciones concretas para implementarlas en la Olavide.<\/p>\n<p>El programa formativo ha sido inaugurado por la <strong>directora general de Inclusi\u00f3n y Pol\u00edticas Socioculturales, Mar\u00eda Jos\u00e9 Parejo Guzm\u00e1n<\/strong>, y cuenta en esta segunda edici\u00f3n con un total de 33 personas inscritas, tanto miembros de la comunidad universitaria de la Universidad Pablo de Olavide, como personal t\u00e9cnico de entidades colaboradoras.<\/p>\n<p><a href=\"https:\/\/www.upo.es\/diario\/wp-content\/uploads\/2024\/02\/IMG_3943-Mejorado-NR-scaled.jpg\"><img loading=\"lazy\" decoding=\"async\" class=\"alignright size-medium wp-image-30881118\" src=\"https:\/\/www.upo.es\/diario\/wp-content\/uploads\/2024\/02\/IMG_3943-Mejorado-NR-420x280.jpg\" alt=\"\" width=\"420\" height=\"280\" srcset=\"https:\/\/www.upo.es\/diario\/wp-content\/uploads\/2024\/02\/IMG_3943-Mejorado-NR-420x280.jpg 420w, https:\/\/www.upo.es\/diario\/wp-content\/uploads\/2024\/02\/IMG_3943-Mejorado-NR-750x500.jpg 750w, https:\/\/www.upo.es\/diario\/wp-content\/uploads\/2024\/02\/IMG_3943-Mejorado-NR-768x512.jpg 768w, https:\/\/www.upo.es\/diario\/wp-content\/uploads\/2024\/02\/IMG_3943-Mejorado-NR-1536x1024.jpg 1536w, https:\/\/www.upo.es\/diario\/wp-content\/uploads\/2024\/02\/IMG_3943-Mejorado-NR-2048x1365.jpg 2048w, https:\/\/www.upo.es\/diario\/wp-content\/uploads\/2024\/02\/IMG_3943-Mejorado-NR-165x109.jpg 165w, https:\/\/www.upo.es\/diario\/wp-content\/uploads\/2024\/02\/IMG_3943-Mejorado-NR-1320x880.jpg 1320w\" sizes=\"auto, (max-width: 420px) 100vw, 420px\" \/><\/a>Durante la inauguraci\u00f3n del curso, <strong>Mar\u00eda Jos\u00e9 Parejo ha destacado la implicaci\u00f3n de la comunidad universitaria en este \u00e1mbito, alcanzando el a\u00f1o pasado a 400 personas voluntarias UPO en los distintos programas y acciones del tercer sector<\/strong>. Adem\u00e1s, ha recordado que la Oficina de Voluntariado de la Universidad Pablo de Olavide es la decana del voluntariado entre las universidades andaluzas, \u201ccon un trabajo que se lleva desarrollando desde hace veinte a\u00f1os\u201d.<\/p>\n<p>Con el objetivo de sensibilizar a la comunidad universitaria y de dotar a las personas voluntarias de las herramientas y habilidades necesarias para realizar este tipo de colaboraciones, la primera de las sesiones ha sido \u2018Aprendiendo a resolver situaciones dif\u00edciles en el voluntariado\u2019 impartida por Eva Fuentes Jabato, mediadora familiar y especialista en asesoramiento docente en gesti\u00f3n de conflictos y convivencia educativa.<\/p>\n<p>El curso continuar\u00e1 con sesiones los d\u00edas 15 y 21 de febrero, y 5 y 7 de marzo, y estas sesiones ser\u00e1n: \u2018Habilidades para la mediaci\u00f3n comunitaria y la participaci\u00f3n social en la acci\u00f3n voluntaria\u2019, que impartir\u00e1 Antonio Reina Chamorro, pedagogo y educador social; \u2018Inteligencia Emocional del Voluntariado\u2019, a cargo de Cossete Franco Mu\u00f1oz, especialista en intervenci\u00f3n social con adolescentes, familias y \u00e1mbito educativo; \u2018Escuchas Activas y Respuestas Emp\u00e1ticas\u2019, que pronunciar\u00e1 Amapola Povedano, especialistas en adolescentes, perspectiva de g\u00e9nero y educaci\u00f3n emocional; y \u2018Participaci\u00f3n Social en la acci\u00f3n voluntaria\u2019, de Francisco J. Santolaya Soriano, coordinador de proyectos y responsable t\u00e9cnico del Centro de Educaci\u00f3n Integral CEI-PERS\u00c1N.<\/p>\n<p>El curso, que podr\u00e1 realizarse de manera completa, o asistir a las sesiones que m\u00e1s interese, otorgar\u00e1 un cr\u00e9dito ECTS a aquellas personas que lo realicen de manera \u00edntegra, para lo cual se tendr\u00e1 en cuenta no solo la asistencia, sino tambi\u00e9n la participaci\u00f3n activa y la realizaci\u00f3n de un cuestionario-trabajo de evaluaci\u00f3n.<\/p>\n<p>Esta formaci\u00f3n busca ser un espacio de encuentro, reflexi\u00f3n y estudio para las personas de la comunidad universitaria que quieran participar a trav\u00e9s del voluntariado en una sociedad activa y solidaria. Para que la participaci\u00f3n adquiera mayor sentido y eficacia es necesaria una formaci\u00f3n de calidad que garantice la adquisici\u00f3n de las herramientas necesarias y que sepa dar respuesta a las diversas situaciones que la acci\u00f3n voluntaria plantea en el d\u00eda a d\u00eda. Adem\u00e1s, esta formaci\u00f3n estudia la creaci\u00f3n y puesta en marcha de iniciativas y acciones concretas para implementarlas en la universidad y para que sean desarrolladas desde ella.<\/p>\n<p>Fuente: Fundaci\u00f3n Universidad Pablo de Olavide<\/p>\n","protected":false},"excerpt":{"rendered":"<p>Una formaci\u00f3n que abordar\u00e1 durante las pr\u00f3ximas semanas las herramientas y habilidades necesarias para hacer un voluntariado y la importancia del mismo en la sociedad.<\/p>\n","protected":false},"author":6,"featured_media":30881116,"comment_status":"closed","ping_status":"open","sticky":false,"template":"","format":"standard","meta":{"_monsterinsights_skip_tracking":false,"_monsterinsights_sitenote_active":false,"_monsterinsights_sitenote_note":"","_monsterinsights_sitenote_category":0,"footnotes":""},"categories":[5843],"tags":[3724,7718,7484,1024,86],"class_list":["post-30881115","post","type-post","status-publish","format-standard","has-post-thumbnail","hentry","category-cultura-social","tag-curso-de-formacion","tag-maria-jose-parejo-guzman","tag-oficina-de-voluntariado-y-compromiso-social","tag-solidaridad","tag-voluntariado"],"_links":{"self":[{"href":"https:\/\/www.upo.es\/diario\/wp-json\/wp\/v2\/posts\/30881115","targetHints":{"allow":["GET"]}}],"collection":[{"href":"https:\/\/www.upo.es\/diario\/wp-json\/wp\/v2\/posts"}],"about":[{"href":"https:\/\/www.upo.es\/diario\/wp-json\/wp\/v2\/types\/post"}],"author":[{"embeddable":true,"href":"https:\/\/www.upo.es\/diario\/wp-json\/wp\/v2\/users\/6"}],"replies":[{"embeddable":true,"href":"https:\/\/www.upo.es\/diario\/wp-json\/wp\/v2\/comments?post=30881115"}],"version-history":[{"count":4,"href":"https:\/\/www.upo.es\/diario\/wp-json\/wp\/v2\/posts\/30881115\/revisions"}],"predecessor-version":[{"id":30881121,"href":"https:\/\/www.upo.es\/diario\/wp-json\/wp\/v2\/posts\/30881115\/revisions\/30881121"}],"wp:featuredmedia":[{"embeddable":true,"href":"https:\/\/www.upo.es\/diario\/wp-json\/wp\/v2\/media\/30881116"}],"wp:attachment":[{"href":"https:\/\/www.upo.es\/diario\/wp-json\/wp\/v2\/media?parent=30881115"}],"wp:term":[{"taxonomy":"category","embeddable":true,"href":"https:\/\/www.upo.es\/diario\/wp-json\/wp\/v2\/categories?post=30881115"},{"taxonomy":"post_tag","embeddable":true,"href":"https:\/\/www.upo.es\/diario\/wp-json\/wp\/v2\/tags?post=30881115"}],"curies":[{"name":"wp","href":"https:\/\/api.w.org\/{rel}","templated":true}]}}