{"id":30881196,"date":"2024-02-20T13:42:28","date_gmt":"2024-02-20T12:42:28","guid":{"rendered":"https:\/\/www.upo.es\/diario\/?p=30881196"},"modified":"2024-02-21T23:23:49","modified_gmt":"2024-02-21T22:23:49","slug":"la-universidad-pablo-de-olavide-lidera-dos-proyectos-de-id-en-biodiversidad-y-cambio-climatico","status":"publish","type":"post","link":"https:\/\/www.upo.es\/diario\/ciencia\/2024\/02\/la-universidad-pablo-de-olavide-lidera-dos-proyectos-de-id-en-biodiversidad-y-cambio-climatico\/","title":{"rendered":"La Universidad Pablo de Olavide lidera dos proyectos de I+D en biodiversidad y cambio clim\u00e1tico"},"content":{"rendered":"<p><a href=\"https:\/\/www.upo.es\/diario\/wp-content\/uploads\/2022\/02\/DiaHumedales2022_campusUPO.jpg\"><img loading=\"lazy\" decoding=\"async\" class=\"aligncenter size-large wp-image-30870647\" src=\"https:\/\/www.upo.es\/diario\/wp-content\/uploads\/2022\/02\/DiaHumedales2022_campusUPO-750x355.jpg\" alt=\"\" width=\"750\" height=\"355\" srcset=\"https:\/\/www.upo.es\/diario\/wp-content\/uploads\/2022\/02\/DiaHumedales2022_campusUPO-750x355.jpg 750w, https:\/\/www.upo.es\/diario\/wp-content\/uploads\/2022\/02\/DiaHumedales2022_campusUPO-360x170.jpg 360w, https:\/\/www.upo.es\/diario\/wp-content\/uploads\/2022\/02\/DiaHumedales2022_campusUPO-768x363.jpg 768w, https:\/\/www.upo.es\/diario\/wp-content\/uploads\/2022\/02\/DiaHumedales2022_campusUPO-1536x727.jpg 1536w, https:\/\/www.upo.es\/diario\/wp-content\/uploads\/2022\/02\/DiaHumedales2022_campusUPO-1320x625.jpg 1320w, https:\/\/www.upo.es\/diario\/wp-content\/uploads\/2022\/02\/DiaHumedales2022_campusUPO.jpg 1600w\" sizes=\"auto, (max-width: 750px) 100vw, 750px\" \/><\/a><\/p>\n<p>La <strong>Consejer\u00eda de Universidad, Investigaci\u00f3n e Innovaci\u00f3n<\/strong> ha concedido a la Universidad Pablo de Olavide ayudas por valor de 460.296 euros para financiar <strong>dos proyectos de investigaci\u00f3n<\/strong> en materia de <strong>biodiversidad, <\/strong>centrados en la <strong>adaptaci\u00f3n de los sistemas naturales al cambio clim\u00e1tico y a la disminuci\u00f3n de sus efectos<\/strong>.<\/p>\n<p>Estas subvenciones se encuadran en el <strong>Plan Complementario de Biodiversidad<\/strong> que impulsa Andaluc\u00eda junto a las comunidades de Pa\u00eds Vasco, Galicia, Asturias, Canarias, Extremadura e Islas Baleares, en colaboraci\u00f3n con el <strong>Ministerio de Ciencia, Innovaci\u00f3n y Universidades<\/strong> y con el apoyo de los <strong>fondos europeos de recuperaci\u00f3n<\/strong>.<\/p>\n<p>Liderado por la profesora del Departamento de Biolog\u00eda Molecular e Ingenier\u00eda Bioqu\u00edmica <strong>In\u00e9s Canosa P\u00e9rez-Fragero<\/strong>, y por el catedr\u00e1tico de Ecolog\u00eda <strong>Antonio Gallardo Correa, <\/strong>uno de los proyectos que se llevar\u00e1 a cabo est\u00e1 centrado en <strong>el estudio de la influencia de la agricultura regenerativa sobre la biodiversidad y el funcionamiento de espacios adehesados (AGROREG). <\/strong>Se trata de una puesta en valor de la agricultura regenerativa desde la perspectiva de la reducci\u00f3n de insumos agr\u00edcolas, el aumento del almac\u00e9n de carbono en suelo y los efectos sobre la biodiversidad microbiol\u00f3gica y vegetal. Se pretende demostrar, como ya se ha hecho en otros cultivos, las ventajas ambientales de este tipo de tratamientos agropastoriles sin p\u00e9rdida de valor econ\u00f3mico en los productos.<\/p>\n<p>Por otro lado, el <strong>Campus de Excelencia Internacional de Medio Ambiente, Biodiversidad y Cambio Global (CEI \u2013 CamBio)<\/strong> de la UPO, bajo la direcci\u00f3n de <strong>Luis Villagarc\u00eda Saiz<\/strong>, profesor del Departamento de Sistemas F\u00edsicos, Qu\u00edmicos y Naturales, formar\u00e1 parte de una <strong>red cuyo objetivo es relacionar los sistemas de I+D+I de las comunidades implicadas en torno a la biodiversidad natural<\/strong> (Andaluc\u00eda, Extremadura, Illes Balears, Galicia, Islas Canarias, Asturias y Pa\u00eds Vasco). <strong>CEi \u2013 CamBio representar\u00e1 as\u00ed a las instituciones andaluzas en esta red<\/strong> formada por el Instituto Mixto de Investigaci\u00f3n en Biodiversidad (IMIB) de Asturias, el Centro Multidisciplinar para la Biodiversidad (CMB) de Illes Balears y el Centro de Investigaci\u00f3n de Biodiversidad y Cambio Global (BioCaBal) de Extremadura. Entre otras l\u00edneas de trabajo, se llevar\u00e1n a cabo distintas acciones de divulgaci\u00f3n y educaci\u00f3n ambiental as\u00ed como la generaci\u00f3n de una red tem\u00e1tica de difusi\u00f3n y transferencia de resultados hacia la empresa y la sociedad, enfocada en el estudio y conservaci\u00f3n de la Biodiversidad.<\/p>\n<p>Finalmente, el Campus de Excelencia Internacional de Medio Ambiente, Biodiversidad y Cambio Global, coordinado por la Universidad Pablo de Olavide, tambi\u00e9n ha recibido fondos para ejercer las labores de gesti\u00f3n cient\u00edfica de todos los proyectos enmarcados en el Plan Complementario de Biodiversidad, coordinando todas las acciones de las distintas universidades y centros cient\u00edficos andaluces para conseguir los objetivos de la propuesta y dar cuenta de sus resultados tanto a la Junta de Andaluc\u00eda como al Ministerio de Ciencia e Innovaci\u00f3n.<\/p>\n<p>El Plan Complementario de Biodiversidad Andaluz, denominado <strong>\u2018Dise\u00f1o, validaci\u00f3n e implementaci\u00f3n de una red de seguimiento del papel de la biodiversidad y los servicios ecosist\u00e9micos en ambientes antropizados, en Andaluc\u00eda\u2019<\/strong>, engloba a 23 subproyectos con 14 instituciones implicadas (9 universidades p\u00fablicas y 5 centros del Consejo Superior de Investigaciones Cient\u00edficas) cada una de ellas con, al menos, una propuesta independiente.<\/p>\n","protected":false},"excerpt":{"rendered":"<p>La Consejer\u00eda de Universidad, Investigaci\u00f3n e Innovaci\u00f3n ha concedido a la Universidad Pablo de Olavide ayudas por valor de 460.296 euros para financiar dos proyectos de investigaci\u00f3n en materia de biodiversidad, centrados en la adaptaci\u00f3n de los sistemas naturales al cambio clim\u00e1tico y a la disminuci\u00f3n de sus efectos.<\/p>\n","protected":false},"author":2,"featured_media":30870648,"comment_status":"closed","ping_status":"open","sticky":false,"template":"","format":"standard","meta":{"_monsterinsights_skip_tracking":false,"_monsterinsights_sitenote_active":false,"_monsterinsights_sitenote_note":"","_monsterinsights_sitenote_category":0,"footnotes":""},"categories":[3],"tags":[814,593,224,8075,8076,429],"class_list":["post-30881196","post","type-post","status-publish","format-standard","has-post-thumbnail","hentry","category-ciencia","tag-biodiversidad","tag-cambio-climatico","tag-cei-cambio","tag-consejeria-de-universidad","tag-investigacion-e-innovacion","tag-medio-ambiente"],"_links":{"self":[{"href":"https:\/\/www.upo.es\/diario\/wp-json\/wp\/v2\/posts\/30881196","targetHints":{"allow":["GET"]}}],"collection":[{"href":"https:\/\/www.upo.es\/diario\/wp-json\/wp\/v2\/posts"}],"about":[{"href":"https:\/\/www.upo.es\/diario\/wp-json\/wp\/v2\/types\/post"}],"author":[{"embeddable":true,"href":"https:\/\/www.upo.es\/diario\/wp-json\/wp\/v2\/users\/2"}],"replies":[{"embeddable":true,"href":"https:\/\/www.upo.es\/diario\/wp-json\/wp\/v2\/comments?post=30881196"}],"version-history":[{"count":1,"href":"https:\/\/www.upo.es\/diario\/wp-json\/wp\/v2\/posts\/30881196\/revisions"}],"predecessor-version":[{"id":30881197,"href":"https:\/\/www.upo.es\/diario\/wp-json\/wp\/v2\/posts\/30881196\/revisions\/30881197"}],"wp:featuredmedia":[{"embeddable":true,"href":"https:\/\/www.upo.es\/diario\/wp-json\/wp\/v2\/media\/30870648"}],"wp:attachment":[{"href":"https:\/\/www.upo.es\/diario\/wp-json\/wp\/v2\/media?parent=30881196"}],"wp:term":[{"taxonomy":"category","embeddable":true,"href":"https:\/\/www.upo.es\/diario\/wp-json\/wp\/v2\/categories?post=30881196"},{"taxonomy":"post_tag","embeddable":true,"href":"https:\/\/www.upo.es\/diario\/wp-json\/wp\/v2\/tags?post=30881196"}],"curies":[{"name":"wp","href":"https:\/\/api.w.org\/{rel}","templated":true}]}}